{"id":4936,"date":"2018-10-29T08:05:15","date_gmt":"2018-10-29T07:05:15","guid":{"rendered":"http:\/\/waldkindergarten-berglen.de\/?p=4936"},"modified":"2020-04-13T00:46:46","modified_gmt":"2020-04-12T22:46:46","slug":"waldtaufe-der-neuen-waldkinder","status":"publish","type":"post","link":"https:\/\/waldkindergarten-berglen.de\/?p=4936","title":{"rendered":"Waldtaufe der neuen Waldkinder"},"content":{"rendered":"<p>Das neue Kindergartenjahr ist nun in vollem Gange und die neuen Kinder sind inzwischen voll und ganz im Waldkindergarten angekommen. Zeit f\u00fcr \u201eHerrn Hutzelmann\u201c, sich die neue Bande mal genauer anzuschauen. Die Handpuppe ist dieses Jahr f\u00fcr unsere Kinder zust\u00e4ndig und kommt zu allen wichtigen Anl\u00e4ssen zu Besuch. So auch zur Waldtaufe, durch welche die Neuank\u00f6mmlinge, nachdem sie sich eingew\u00f6hnt haben, feierlich im Wald aufgenommen werden.<\/p>\n<p>In der N\u00e4he des Morgenkreises entdeckten die Kinder vergangene Woche eine Spur aus Bl\u00fctenbl\u00e4ttern. Diese Spur f\u00fchrte zu einem sch\u00f6n geschm\u00fcckten Pl\u00e4tzchen, an dem Herr Hutzelmann die Gruppe bereits erwartete. Nach einer freudigen Begr\u00fc\u00dfung erz\u00e4hlte Herr Hutzelmann ein wenig und sang mit den Kindern ein Lied. Dabei durften sich die neuen Kinder nacheinander auf eine liebevoll mit Bl\u00fcten und Bl\u00e4ttern geschm\u00fcckte Decke legen und wurden \u201ehochleben\u201c gelassen. Anschlie\u00dfend verteilte Herr Hutzelmann noch leckere Trockenfr\u00fcchte, die sich alle zusammen schmecken lie\u00dfen.<\/p>\n<figure id=\"attachment_4938\" aria-describedby=\"caption-attachment-4938\" style=\"width: 1000px\" class=\"wp-caption alignnone\"><img loading=\"lazy\" decoding=\"async\" class=\"size-full wp-image-4938\" src=\"http:\/\/waldkindergarten-berglen.de\/wp-content\/uploads\/2018\/11\/Waldtaufe-1-1.jpg\" alt=\"\" width=\"1000\" height=\"750\" \/><figcaption id=\"caption-attachment-4938\" class=\"wp-caption-text\">Waldtaufe<\/figcaption><\/figure>\n<p>Unsere F\u00fcchse d\u00fcrfen nun auch flei\u00dfig zur Fuchsschule gehen und haben vergangene Woche alle erfolgreich ihr \u201eWerkzeugdiplom\u201c erlangt. Hierf\u00fcr wurden zuerst einmal gemeinsam die verschiedenen Werkzeuge benannt, betrachtet, es wurde \u00fcberlegt was man wozu benutzt und worauf man beim Umgang achten muss.<\/p>\n<figure id=\"attachment_4940\" aria-describedby=\"caption-attachment-4940\" style=\"width: 1000px\" class=\"wp-caption alignnone\"><img loading=\"lazy\" decoding=\"async\" class=\"size-full wp-image-4940\" src=\"http:\/\/waldkindergarten-berglen.de\/wp-content\/uploads\/2018\/11\/Werkzeugdiplom-1-1.jpg\" alt=\"\" width=\"1000\" height=\"750\" \/><figcaption id=\"caption-attachment-4940\" class=\"wp-caption-text\">Werkzeugdiplom<\/figcaption><\/figure>\n<p>Dann folgte die praktische Pr\u00fcfung, bei der sich die Kinder ein Nagelbrett bauen durften, durch welches man eine Murmel rollen lassen kann. Hierf\u00fcr s\u00e4gte sich jedes Kind erst einmal ein Brettchen zurecht und feilte die Kanten glatt. Anschlie\u00dfend malten sie ihr Werkst\u00fcck bunt an und h\u00e4mmerten spiralf\u00f6rmig N\u00e4gel in das Brett. Anschlie\u00dfend bekam jedes Kind eine Glasmurmel geschenkt und alle testeten begeistert, ob die Murmel auch nirgends zwischen zwei N\u00e4geln heraus kullern konnte und wie toll es klingt, wenn man die Murmel durch die Schnecke rollen l\u00e4sst. War das ein toller, spannender Fuchsschulenvormittag!!!<\/p>\n<figure id=\"attachment_4939\" aria-describedby=\"caption-attachment-4939\" style=\"width: 1000px\" class=\"wp-caption alignnone\"><img loading=\"lazy\" decoding=\"async\" class=\"size-full wp-image-4939\" src=\"http:\/\/waldkindergarten-berglen.de\/wp-content\/uploads\/2018\/11\/Werkst\u00fcck-1-1.jpg\" alt=\"\" width=\"1000\" height=\"750\" \/><figcaption id=\"caption-attachment-4939\" class=\"wp-caption-text\">Werkst\u00fcck<\/figcaption><\/figure>\n<p><em>Wussten Sie schon<\/em><br \/>\nEine alte Bauernregel besagt:<br \/>\n\u201eF\u00e4ngt der August mit Hitze an, bleibt sehr lang die Schlittenbahn.\u201c<br \/>\nDemnach k\u00f6nnen sich unsere Waldkinder nach diesem hei\u00dfen Sommer hoffentlich auf viele schneereiche Tage mit Iglu bauen und Schlittenfahren freuen.<\/p>\n","protected":false},"excerpt":{"rendered":"<p>Das neue Kindergartenjahr ist nun in vollem Gange und die neuen Kinder sind inzwischen voll und ganz im Waldkindergarten angekommen. Zeit f\u00fcr \u201eHerrn Hutzelmann\u201c, sich die neue Bande mal genauer anzuschauen. Die Handpuppe ist dieses Jahr f\u00fcr unsere Kinder zust\u00e4ndig und kommt zu allen wichtigen Anl\u00e4ssen zu Besuch. So auch zur Waldtaufe, durch welche die&hellip; <a href=\"https:\/\/waldkindergarten-berglen.de\/?p=4936\" class=\"more-link\">Weiterlesen <span class=\"screen-reader-text\">Waldtaufe der neuen Waldkinder<\/span><\/a><\/p>\n","protected":false},"author":7,"featured_media":0,"comment_status":"closed","ping_status":"closed","sticky":false,"template":"","format":"standard","meta":{"ngg_post_thumbnail":0,"_jetpack_memberships_contains_paid_content":false,"footnotes":""},"categories":[3],"tags":[],"class_list":["post-4936","post","type-post","status-publish","format-standard","hentry","category-berichte"],"jetpack_featured_media_url":"","jetpack_sharing_enabled":true,"_links":{"self":[{"href":"https:\/\/waldkindergarten-berglen.de\/index.php?rest_route=\/wp\/v2\/posts\/4936","targetHints":{"allow":["GET"]}}],"collection":[{"href":"https:\/\/waldkindergarten-berglen.de\/index.php?rest_route=\/wp\/v2\/posts"}],"about":[{"href":"https:\/\/waldkindergarten-berglen.de\/index.php?rest_route=\/wp\/v2\/types\/post"}],"author":[{"embeddable":true,"href":"https:\/\/waldkindergarten-berglen.de\/index.php?rest_route=\/wp\/v2\/users\/7"}],"replies":[{"embeddable":true,"href":"https:\/\/waldkindergarten-berglen.de\/index.php?rest_route=%2Fwp%2Fv2%2Fcomments&post=4936"}],"version-history":[{"count":1,"href":"https:\/\/waldkindergarten-berglen.de\/index.php?rest_route=\/wp\/v2\/posts\/4936\/revisions"}],"predecessor-version":[{"id":6612,"href":"https:\/\/waldkindergarten-berglen.de\/index.php?rest_route=\/wp\/v2\/posts\/4936\/revisions\/6612"}],"wp:attachment":[{"href":"https:\/\/waldkindergarten-berglen.de\/index.php?rest_route=%2Fwp%2Fv2%2Fmedia&parent=4936"}],"wp:term":[{"taxonomy":"category","embeddable":true,"href":"https:\/\/waldkindergarten-berglen.de\/index.php?rest_route=%2Fwp%2Fv2%2Fcategories&post=4936"},{"taxonomy":"post_tag","embeddable":true,"href":"https:\/\/waldkindergarten-berglen.de\/index.php?rest_route=%2Fwp%2Fv2%2Ftags&post=4936"}],"curies":[{"name":"wp","href":"https:\/\/api.w.org\/{rel}","templated":true}]}}