{"id":4955,"date":"2018-12-10T08:00:26","date_gmt":"2018-12-10T06:00:26","guid":{"rendered":"http:\/\/waldkindergarten-berglen.de\/?p=4955"},"modified":"2018-12-10T08:00:26","modified_gmt":"2018-12-10T06:00:26","slug":"advent-advent-3","status":"publish","type":"post","link":"https:\/\/waldkindergarten-berglen.de\/?p=4955","title":{"rendered":"Advent, Advent"},"content":{"rendered":"\n<p>&nbsp;Die Adventszeit ist eine besondere Zeit, das d\u00fcrfen im Moment auch unsere Waldkinder erfahren. Jeden Tag geht es im Dezember zum Weihnachtsplatz und schon der Weg dorthin ist ein Erlebnis. Die Fl\u00f6te spielt \u201eIhr Kinderlein kommet\u201c und Wichtel und Zwerge gehen den mit Reisig besonders geschm\u00fcckten Adventsweg und versuchen dabei auch innerlich zur Ruhe zu kommen.<\/p>\n\n\n\n<figure class=\"wp-block-image\"><img loading=\"lazy\" decoding=\"async\" width=\"1024\" height=\"576\" src=\"http:\/\/waldkindergarten-berglen.de\/wp-content\/uploads\/2018\/12\/Weihnachtsplatz-1-1024x576.png\" alt=\"\" class=\"wp-image-4957\" srcset=\"https:\/\/waldkindergarten-berglen.de\/wp-content\/uploads\/2018\/12\/Weihnachtsplatz-1-1024x576.png 1024w, https:\/\/waldkindergarten-berglen.de\/wp-content\/uploads\/2018\/12\/Weihnachtsplatz-1-300x169.png 300w, https:\/\/waldkindergarten-berglen.de\/wp-content\/uploads\/2018\/12\/Weihnachtsplatz-1-768x432.png 768w, https:\/\/waldkindergarten-berglen.de\/wp-content\/uploads\/2018\/12\/Weihnachtsplatz-1-1536x864.png 1536w, https:\/\/waldkindergarten-berglen.de\/wp-content\/uploads\/2018\/12\/Weihnachtsplatz-1-1200x675.png 1200w, https:\/\/waldkindergarten-berglen.de\/wp-content\/uploads\/2018\/12\/Weihnachtsplatz-1.png 1600w\" sizes=\"auto, (max-width: 1024px) 100vw, 1024px\" \/><figcaption>Der Weg zum Weihnachtsplatz<\/figcaption><\/figure>\n\n\n\n<p>In dieser besinnlichen Stimmung erz\u00e4hlen und spielen die Erzieherinnen den Kindern t\u00e4glich ein St\u00fcck der Geschichte vom M\u00e4dchen Konstanze vor. Diese lebt im Wald und sammelt Sch\u00e4tze f\u00fcr ihr Regal im Kinderzimmer. Jeden Tag kommt ein Schatz dazu, z.B. eine Nuss, ein Stein oder ein L\u00e4rchenzapfen. Diese Sch\u00e4tze haben dann wiederum eine kleine Geschichte dabei, welcher die Kinder and\u00e4chtig lauschen.<\/p>\n\n\n\n<figure class=\"wp-block-image\"><img loading=\"lazy\" decoding=\"async\" width=\"1024\" height=\"576\" src=\"http:\/\/waldkindergarten-berglen.de\/wp-content\/uploads\/2018\/12\/Unbenannt2-1-1024x576.png\" alt=\"\" class=\"wp-image-4959\" srcset=\"https:\/\/waldkindergarten-berglen.de\/wp-content\/uploads\/2018\/12\/Unbenannt2-1-1024x576.png 1024w, https:\/\/waldkindergarten-berglen.de\/wp-content\/uploads\/2018\/12\/Unbenannt2-1-300x169.png 300w, https:\/\/waldkindergarten-berglen.de\/wp-content\/uploads\/2018\/12\/Unbenannt2-1-768x432.png 768w, https:\/\/waldkindergarten-berglen.de\/wp-content\/uploads\/2018\/12\/Unbenannt2-1-1536x864.png 1536w, https:\/\/waldkindergarten-berglen.de\/wp-content\/uploads\/2018\/12\/Unbenannt2-1-1200x675.png 1200w, https:\/\/waldkindergarten-berglen.de\/wp-content\/uploads\/2018\/12\/Unbenannt2-1.png 1600w\" sizes=\"auto, (max-width: 1024px) 100vw, 1024px\" \/><figcaption>Welchen Waldschatz findet Konstanze wohl heute?<\/figcaption><\/figure>\n\n\n\n<p>Zudem darf jedes Kind einmal Adventskind sein. Mit Glitzerstaub geschm\u00fcckt halten die Kinder vorsichtig eine funkelnde Wunderkerze und bekommen eine Nuss und ein Pl\u00e4tzchen geschenkt. Das ist spannend &#8211; wann ist man selbst endlich an der Reihe?<\/p>\n\n\n\n<figure class=\"wp-block-image\"><img loading=\"lazy\" decoding=\"async\" width=\"1024\" height=\"768\" src=\"http:\/\/waldkindergarten-berglen.de\/wp-content\/uploads\/2018\/12\/Adventskind-1-1024x768.jpg\" alt=\"\" class=\"wp-image-4958\" srcset=\"https:\/\/waldkindergarten-berglen.de\/wp-content\/uploads\/2018\/12\/Adventskind-1-1024x768.jpg 1024w, https:\/\/waldkindergarten-berglen.de\/wp-content\/uploads\/2018\/12\/Adventskind-1-300x225.jpg 300w, https:\/\/waldkindergarten-berglen.de\/wp-content\/uploads\/2018\/12\/Adventskind-1-768x576.jpg 768w, https:\/\/waldkindergarten-berglen.de\/wp-content\/uploads\/2018\/12\/Adventskind-1-1536x1152.jpg 1536w, https:\/\/waldkindergarten-berglen.de\/wp-content\/uploads\/2018\/12\/Adventskind-1-2048x1536.jpg 2048w, https:\/\/waldkindergarten-berglen.de\/wp-content\/uploads\/2018\/12\/Adventskind-1-1200x900.jpg 1200w, https:\/\/waldkindergarten-berglen.de\/wp-content\/uploads\/2018\/12\/Adventskind-1-1980x1485.jpg 1980w\" sizes=\"auto, (max-width: 1024px) 100vw, 1024px\" \/><figcaption>Adventskind mit Wunderkerze<\/figcaption><\/figure>\n\n\n\n<p>Nat\u00fcrlich kam auch der Nikolaus die Waldkinder besuchen, hatten diese doch so flei\u00dfig ihre Stiefelchen geputzt und gewienert. Schon am f\u00fcnften Dezember entdeckten die Wichtel komische wei\u00dfe Haare in den Waldb\u00fcschen. Da hatte sich wohl der Nikolaus mit seinem Bart verfangen. Und so war die Aufregung am Abend gro\u00df, als sich alle mit ihren Eltern und Geschwistern am Waldspielplatz trafen. Nachdem sie eine Weile den mit Lichtern erleuchteten Weg durch den Wald gegangen waren, fanden die singenden Kinder schlie\u00dflich am Platz der dicken Berta den Nikolaus in seinem Schaukelstuhl vor. Ein jedes Kind rief er mit tiefer Stimme zu sich und fand ein freundliches Wort. Und siehe da, aus seinem Sack holte er die Stiefel, prall gef\u00fcllt mit allerlei Leckereien. F\u00fcr die Gro\u00dfen gab es im Anschluss noch einen gem\u00fctlichen Umtrunk organisiert vom Elternbeirat. Vielen dank lieber Nikolaus und all deinen eifrigen Helfern f\u00fcr das sch\u00f6ne Fest.<\/p>\n\n\n\n<figure class=\"wp-block-image\"><img loading=\"lazy\" decoding=\"async\" width=\"768\" height=\"1024\" src=\"http:\/\/waldkindergarten-berglen.de\/wp-content\/uploads\/2018\/12\/Stiefel-putzen-e1544383705875-1-768x1024.jpg\" alt=\"\" class=\"wp-image-4960\" srcset=\"https:\/\/waldkindergarten-berglen.de\/wp-content\/uploads\/2018\/12\/Stiefel-putzen-e1544383705875-1-768x1024.jpg 768w, https:\/\/waldkindergarten-berglen.de\/wp-content\/uploads\/2018\/12\/Stiefel-putzen-e1544383705875-1-225x300.jpg 225w, https:\/\/waldkindergarten-berglen.de\/wp-content\/uploads\/2018\/12\/Stiefel-putzen-e1544383705875-1-1152x1536.jpg 1152w, https:\/\/waldkindergarten-berglen.de\/wp-content\/uploads\/2018\/12\/Stiefel-putzen-e1544383705875-1-1536x2048.jpg 1536w, https:\/\/waldkindergarten-berglen.de\/wp-content\/uploads\/2018\/12\/Stiefel-putzen-e1544383705875-1-1200x1600.jpg 1200w, https:\/\/waldkindergarten-berglen.de\/wp-content\/uploads\/2018\/12\/Stiefel-putzen-e1544383705875-1-1980x2640.jpg 1980w, https:\/\/waldkindergarten-berglen.de\/wp-content\/uploads\/2018\/12\/Stiefel-putzen-e1544383705875-1-scaled.jpg 1920w\" sizes=\"auto, (max-width: 768px) 100vw, 768px\" \/><figcaption>Hier werden flei\u00dfig die Stiefel geputzt<\/figcaption><\/figure>\n\n\n\n<figure class=\"wp-block-image\"><img loading=\"lazy\" decoding=\"async\" width=\"1024\" height=\"768\" src=\"http:\/\/waldkindergarten-berglen.de\/wp-content\/uploads\/2018\/12\/Bart-vom-Nikolaus-1-1024x768.jpg\" alt=\"\" class=\"wp-image-4961\" srcset=\"https:\/\/waldkindergarten-berglen.de\/wp-content\/uploads\/2018\/12\/Bart-vom-Nikolaus-1-1024x768.jpg 1024w, https:\/\/waldkindergarten-berglen.de\/wp-content\/uploads\/2018\/12\/Bart-vom-Nikolaus-1-300x225.jpg 300w, https:\/\/waldkindergarten-berglen.de\/wp-content\/uploads\/2018\/12\/Bart-vom-Nikolaus-1-768x576.jpg 768w, https:\/\/waldkindergarten-berglen.de\/wp-content\/uploads\/2018\/12\/Bart-vom-Nikolaus-1-1536x1152.jpg 1536w, https:\/\/waldkindergarten-berglen.de\/wp-content\/uploads\/2018\/12\/Bart-vom-Nikolaus-1-2048x1536.jpg 2048w, https:\/\/waldkindergarten-berglen.de\/wp-content\/uploads\/2018\/12\/Bart-vom-Nikolaus-1-1200x900.jpg 1200w, https:\/\/waldkindergarten-berglen.de\/wp-content\/uploads\/2018\/12\/Bart-vom-Nikolaus-1-1980x1485.jpg 1980w\" sizes=\"auto, (max-width: 1024px) 100vw, 1024px\" \/><figcaption>Das m\u00fcssen wohl die Haare vom Nikolaus sein<\/figcaption><\/figure>\n\n\n\n<p><strong>Wussten Sie schon?<\/strong><\/p>\n\n\n\n<p>N\u00fcsse geh\u00f6ren seit jeher zu den Gaben des heiligen Nikolaus. Aber wieso eigentlich? Zum einen sind N\u00fcsse schmackhaft, aber auch eine gewisse Symbolik steckt dahinter. Die N\u00fcsse sind ein kostbares Geschenk des Sommers, das die Menschen aufgrund der langen Haltbarkeit den harten Winter \u00fcber bei Kr\u00e4ften halten soll. Dar\u00fcber hinaus stehen sie seit dem Altertum f\u00fcr den Segen der Fruchtbarkeit und somit f\u00fcr das Geschenk vieler Kinder.<\/p>\n","protected":false},"excerpt":{"rendered":"<p>&nbsp;Die Adventszeit ist eine besondere Zeit, das d\u00fcrfen im Moment auch unsere Waldkinder erfahren. Jeden Tag geht es im Dezember zum Weihnachtsplatz und schon der Weg dorthin ist ein Erlebnis. Die Fl\u00f6te spielt \u201eIhr Kinderlein kommet\u201c und Wichtel und Zwerge gehen den mit Reisig besonders geschm\u00fcckten Adventsweg und versuchen dabei auch innerlich zur Ruhe zu&hellip; <a href=\"https:\/\/waldkindergarten-berglen.de\/?p=4955\" class=\"more-link\">Weiterlesen <span class=\"screen-reader-text\">Advent, Advent<\/span><\/a><\/p>\n","protected":false},"author":6,"featured_media":0,"comment_status":"closed","ping_status":"closed","sticky":false,"template":"","format":"standard","meta":{"ngg_post_thumbnail":0,"_jetpack_memberships_contains_paid_content":false,"footnotes":""},"categories":[3],"tags":[],"class_list":["post-4955","post","type-post","status-publish","format-standard","hentry","category-berichte"],"jetpack_featured_media_url":"","jetpack_sharing_enabled":true,"_links":{"self":[{"href":"https:\/\/waldkindergarten-berglen.de\/index.php?rest_route=\/wp\/v2\/posts\/4955","targetHints":{"allow":["GET"]}}],"collection":[{"href":"https:\/\/waldkindergarten-berglen.de\/index.php?rest_route=\/wp\/v2\/posts"}],"about":[{"href":"https:\/\/waldkindergarten-berglen.de\/index.php?rest_route=\/wp\/v2\/types\/post"}],"author":[{"embeddable":true,"href":"https:\/\/waldkindergarten-berglen.de\/index.php?rest_route=\/wp\/v2\/users\/6"}],"replies":[{"embeddable":true,"href":"https:\/\/waldkindergarten-berglen.de\/index.php?rest_route=%2Fwp%2Fv2%2Fcomments&post=4955"}],"version-history":[{"count":0,"href":"https:\/\/waldkindergarten-berglen.de\/index.php?rest_route=\/wp\/v2\/posts\/4955\/revisions"}],"wp:attachment":[{"href":"https:\/\/waldkindergarten-berglen.de\/index.php?rest_route=%2Fwp%2Fv2%2Fmedia&parent=4955"}],"wp:term":[{"taxonomy":"category","embeddable":true,"href":"https:\/\/waldkindergarten-berglen.de\/index.php?rest_route=%2Fwp%2Fv2%2Fcategories&post=4955"},{"taxonomy":"post_tag","embeddable":true,"href":"https:\/\/waldkindergarten-berglen.de\/index.php?rest_route=%2Fwp%2Fv2%2Ftags&post=4955"}],"curies":[{"name":"wp","href":"https:\/\/api.w.org\/{rel}","templated":true}]}}