{"id":5013,"date":"2019-01-28T08:05:11","date_gmt":"2019-01-28T07:05:11","guid":{"rendered":"http:\/\/waldkindergarten-berglen.de\/?p=5013"},"modified":"2020-04-13T00:46:13","modified_gmt":"2020-04-12T22:46:13","slug":"tomte-tummetott-zu-besuch-im-wald","status":"publish","type":"post","link":"https:\/\/waldkindergarten-berglen.de\/?p=5013","title":{"rendered":"Tomte Tummetott zu Besuch im Wald"},"content":{"rendered":"\n<p>Einige Tage, nachdem die Zwerge und Wichtel Tomte Tummetott im Ph\u00f6nixtheater besucht haben, lag ein Brief im Morgenkreis. Der Wichtel hatte den Kindern geschrieben, dass er im Moment zu Besuch bei einem Waldwichtel im Kottweiler Wald sei. Er freue sich sehr, nun auch einmal bei den Waldkindern sein zu k\u00f6nnen. Er habe ihnen auch etwas mitgebracht, n\u00e4mlich eine gro\u00dfartige Idee f\u00fcr ein Bewegungsspiel. <br> Immer ein Kind durfte Tomte spielen und stand mit einer roten M\u00fctze auf der einen Seite des Spielfeldes, der Rest der Gruppe stand auf der Anderen. Nun riefen alle Kinder: \u201eTomte Tummetott nun sag schon bald, wie kommen wir zu dir in den Wald?\u201c Und Tomte antwortete daraufhin, dass sie zum Beispiel im Seitgalopp, r\u00fcckw\u00e4rts oder Pferdchengalopp kommen sollen. <\/p>\n\n\n\n<figure class=\"wp-block-image\"><img decoding=\"async\" src=\"https:\/\/waldkindergarten-berglen.de\/wp-content\/uploads\/2019\/01\/Ein-Bewegungsspiel-mit-Tomte-Tummetott-1024x576.jpg\" alt=\"Ein Bewegungsspiel mit Tomte Tummetott\" class=\"wp-image-5014\" \/><figcaption>Ein Bewegungsspiel mit Tomte Tummetott<\/figcaption><\/figure>\n\n\n\n<p>Auf dem Weg durch den Wald fand eine spannende Spurensuche statt. Ganz viele Tierspuren waren im Schnee zu sehen und hin und wieder auch die kleinen Fu\u00dfspuren von Tomte. Am Sonnenplatz angekommen, bestaunten die Kinder die Baumf\u00e4llarbeiten der Waldarbeiter. Der vertraute Wald sah ganz anders aus und es ergaben sich wieder ganz neue Spielsituationen. So konnte man von Baumst\u00fcmpfen springen, \u00fcber St\u00e4mme balancieren und klettern. <\/p>\n\n\n\n<figure class=\"wp-block-image\"><img decoding=\"async\" src=\"https:\/\/waldkindergarten-berglen.de\/wp-content\/uploads\/2019\/01\/Ganz-neue-Spiel-und-Bewegungslandschaft-nach-den-Forstarbeiten-1024x576.jpg\" alt=\"Ganz neue Spiel- und Bewegungslandschaft nach den Forstarbeiten\" class=\"wp-image-5015\" \/><figcaption> Ganz neue Spiel- und Bewegungslandschaft nach den Forstarbeiten <\/figcaption><\/figure>\n\n\n\n<p>Nat\u00fcrlich wurde in diesen Tagen auch viel Schlitten gefahren, Schneeengel gemacht und jeder genoss das Spielen im Schnee auf seine Weise. Das freie Spielen mit offenen Materialien und Rollen bietet eine fast unbeschr\u00e4nkte Vielfalt an Erfahrungs- und Lernm\u00f6glichkeiten. Der Wald bietet hierzu die besten Voraussetzungen, so kann ein Baumstumpf entweder ein Herd, ein Felsen, ein Thron\u2026 eben alles sein. Durch den zwar strukturierten aber zeitlich gro\u00dfz\u00fcgig bemessenen Tagesablauf haben die Waldkinder sehr viel Zeit ins Freispiel zu finden. Sie k\u00f6nnen allein oder in Gruppen, mit oder ohne Unterst\u00fctzung der Erzieherinnen kreativ werden. Jeder kann seinem Gef\u00fchl folgen und so spielen die Einen wilde Fantasiegeschichten und toben umher w\u00e4hrend Andere in aller Ruhe in Rollenspielen Alltagssituationen nachspielen und so verarbeiten. Die weitl\u00e4ufigen Waldpl\u00e4tze, die den Kindern vertraut sind, sich jedoch auch immer wieder durch die Jahreszeiten oder andere Einwirkungen ver\u00e4ndern, bieten den Kindern alle Freiheit, sich auszuleben. Diese M\u00f6glichkeit, in Ruhe spielen zu d\u00fcrfen, ist ein gro\u00dfes Geschenk und wird den Kindern im Leben sicherlich noch oft zu Gute kommen.<\/p>\n\n\n\n<figure class=\"wp-block-image\"><img decoding=\"async\" src=\"https:\/\/waldkindergarten-berglen.de\/wp-content\/uploads\/2019\/01\/Jeder-genie\u00dft-den-Schnee-auf-seine-Weise-1024x576.jpg\" alt=\"Jeder genie\u00dft den Schnee auf seine Weise\" class=\"wp-image-5016\" \/><figcaption> Jeder genie\u00dft den Schnee auf seine Weise <\/figcaption><\/figure>\n\n\n\n<p><em>Wussten Sie schon<br>Durch Medien aber auch durch unseren schnelllebigen, durchgetakteten Alltag bleibt Kindern immer weniger Zeit, um frei zu spielen. Denn daf\u00fcr braucht es Zeit und Mu\u00dfe. Doch Menschen, die als Kind genug Raum, Zeit und Anregungen f\u00fcr freies, vielf\u00e4ltiges Spiel hatten, bringen bessere Voraussetzungen mit, um mit anspruchsvollen Situationen umgehen zu k\u00f6nnen. Es wird ihnen leichter fallen, innovativ zu sein und eigene Interessen zu entwickeln.<\/em><\/p>\n","protected":false},"excerpt":{"rendered":"<p>Einige Tage, nachdem die Zwerge und Wichtel Tomte Tummetott im Ph\u00f6nixtheater besucht haben, lag ein Brief im Morgenkreis. Der Wichtel hatte den Kindern geschrieben, dass er im Moment zu Besuch bei einem Waldwichtel im Kottweiler Wald sei. Er freue sich sehr, nun auch einmal bei den Waldkindern sein zu k\u00f6nnen. Er habe ihnen auch etwas&hellip; <a href=\"https:\/\/waldkindergarten-berglen.de\/?p=5013\" class=\"more-link\">Weiterlesen <span class=\"screen-reader-text\">Tomte Tummetott zu Besuch im Wald<\/span><\/a><\/p>\n","protected":false},"author":7,"featured_media":0,"comment_status":"closed","ping_status":"closed","sticky":false,"template":"","format":"standard","meta":{"ngg_post_thumbnail":0,"_jetpack_memberships_contains_paid_content":false,"footnotes":""},"categories":[3],"tags":[],"class_list":["post-5013","post","type-post","status-publish","format-standard","hentry","category-berichte"],"jetpack_featured_media_url":"","jetpack_sharing_enabled":true,"_links":{"self":[{"href":"https:\/\/waldkindergarten-berglen.de\/index.php?rest_route=\/wp\/v2\/posts\/5013","targetHints":{"allow":["GET"]}}],"collection":[{"href":"https:\/\/waldkindergarten-berglen.de\/index.php?rest_route=\/wp\/v2\/posts"}],"about":[{"href":"https:\/\/waldkindergarten-berglen.de\/index.php?rest_route=\/wp\/v2\/types\/post"}],"author":[{"embeddable":true,"href":"https:\/\/waldkindergarten-berglen.de\/index.php?rest_route=\/wp\/v2\/users\/7"}],"replies":[{"embeddable":true,"href":"https:\/\/waldkindergarten-berglen.de\/index.php?rest_route=%2Fwp%2Fv2%2Fcomments&post=5013"}],"version-history":[{"count":1,"href":"https:\/\/waldkindergarten-berglen.de\/index.php?rest_route=\/wp\/v2\/posts\/5013\/revisions"}],"predecessor-version":[{"id":6607,"href":"https:\/\/waldkindergarten-berglen.de\/index.php?rest_route=\/wp\/v2\/posts\/5013\/revisions\/6607"}],"wp:attachment":[{"href":"https:\/\/waldkindergarten-berglen.de\/index.php?rest_route=%2Fwp%2Fv2%2Fmedia&parent=5013"}],"wp:term":[{"taxonomy":"category","embeddable":true,"href":"https:\/\/waldkindergarten-berglen.de\/index.php?rest_route=%2Fwp%2Fv2%2Fcategories&post=5013"},{"taxonomy":"post_tag","embeddable":true,"href":"https:\/\/waldkindergarten-berglen.de\/index.php?rest_route=%2Fwp%2Fv2%2Ftags&post=5013"}],"curies":[{"name":"wp","href":"https:\/\/api.w.org\/{rel}","templated":true}]}}