{"id":5037,"date":"2019-02-18T08:00:43","date_gmt":"2019-02-18T06:00:43","guid":{"rendered":"http:\/\/waldkindergarten-berglen.de\/?p=5037"},"modified":"2019-02-18T08:00:43","modified_gmt":"2019-02-18T06:00:43","slug":"tomte-bleibt-immer-noch-spannend","status":"publish","type":"post","link":"https:\/\/waldkindergarten-berglen.de\/?p=5037","title":{"rendered":"Tomte bleibt immer noch spannend"},"content":{"rendered":"\n<p>Auch wenn das Thema Tomte Tummetott die Waldkinder schon seit einigen Wochen begleitet, schaffen es unsere Erzieherinnen, es so spannend aufzubereiten, dass die Kinder am Ball bleiben. So schreibt Tomte immer wieder einen Brief an die Kinder. Dieses Mal erz\u00e4hlt er, dass er einen kleinen Wichtel getroffen, und diesem den Wald gezeigt hat. Dort haben sie ein kleines, unheimlich aussehendes H\u00e4uschen entdeckt. Aus diesem H\u00e4uschen schaute eine alte Frau heraus. Da wurde den beiden Wichteln unheimlich, da sie vermuteten, es sei eine Hexe. Nat\u00fcrlich sind sie dann schnell weg gelaufen. F\u00fcr die Waldkinder entwickelte sich daraus ein Singspiel im Kreis: Der gro\u00dfe und der kleine Wicht. Zwei Kinder fassen sich an den H\u00e4nden und bilden ein Haus, ein Kind spielt die Hexe im H\u00e4uschen und zwei Kinder nehmen sich als Wichtel an den H\u00e4nden. Da bot es sich an, gleich die selbst gen\u00e4hten Wichtelm\u00fctzen auszuprobieren. Nun schleichen die Wichtel ums H\u00e4uschen, klopfen an und dann wird gerannt \u2013 wer ist wohl schneller, die Wichtel oder die Hexe?<\/p>\n\n\n\n<figure class=\"wp-block-image\"><img decoding=\"async\" src=\"https:\/\/waldkindergarten-berglen.de\/wp-content\/uploads\/2019\/02\/Faden-einf\u00e4deln-1024x768.jpg\" alt=\"\" class=\"wp-image-5038\" \/><figcaption>Mit gro\u00dfer Konzentration findet der Faden in die kleine \u00d6se<\/figcaption><\/figure>\n\n\n\n<p>Auch diese Woche wurde noch weiter an den Wichtelm\u00fctzen gearbeitet. F\u00fcr so kleine Finger erfordert es viel Konzentration, alleine den Faden durch die \u00d6se der Nadel zu f\u00e4deln. <\/p>\n\n\n\n<figure class=\"wp-block-image\"><img decoding=\"async\" src=\"https:\/\/waldkindergarten-berglen.de\/wp-content\/uploads\/2019\/02\/Tomtes-K\u00fcche-1024x768.jpg\" alt=\"\" class=\"wp-image-5039\" \/><figcaption>Tomtes kleine K\u00fcche l\u00e4dt zum Merkspiel ein<\/figcaption><\/figure>\n\n\n\n<p>Auch die Merkf\u00e4higkeit der kleinen Wichtel war immer wieder gefordert. So stand eines Morgens Tomtes K\u00fcche im Morgenkreis. Ein Kind durfte etwas ver\u00e4ndern und ein anderes Kind hatte die Augen verbunden und sollte dann herausfinden, was anders war. Ein weiteres Ged\u00e4chtnisspiel war eine Geschichte \u00fcber Tomte, der sich nach und nach an- und auszieht und sp\u00e4ter in den Keller geht, um S\u00e4cke zu bef\u00fcllen. Dort fehlt ihm eine Schnur und er nimmt seinen Schal. Die Geschichte geht dann noch eine Weile weiter und am Ende fragt sich Tomte, wo er eigentlich seinen Schal gelassen hat. Gut, dass unsere aufmerksamen Wichtel genau zugeh\u00f6rt hatten und helfen konnten. Zudem fingen einige Kinder an, ihre Tomteb\u00e4rte zu kleben. Mit Kleister wurde hierf\u00fcr Wolle auf einen Stoff geklebt und sp\u00e4ter mit einem Gummi ans Kinn der Kinder angepasst.<\/p>\n\n\n\n<figure class=\"wp-block-image\"><img decoding=\"async\" src=\"https:\/\/waldkindergarten-berglen.de\/wp-content\/uploads\/2019\/02\/Kreative-Baumeister-1024x768.jpg\" alt=\"\" class=\"wp-image-5040\" \/><figcaption>Kreative Baumeister beim Schiffsbau<\/figcaption><\/figure>\n\n\n\n<p>All diese Kreativit\u00e4t spiegelt sich auch in den Waldkindern,\ndie auf dem R\u00fcckweg M\u00fcll und St\u00f6cke fanden und gleich die Idee entwickelten,\ndaraus mit dem Kleister ein Schiff zu bauen.<\/p>\n\n\n\n<p><strong>Wussten Sie schon?<\/strong><\/p>\n\n\n\n<p>Auch die Autorin von Tomte Tummetott, Astrid Lindgren, lebte ein spannendes Leben. Aktuell wurde ihre Biografie im Film \u201eAstrid\u201c verfilmt. Es wird gezeigt, was es noch vor 100 Jahren bedeutete, ein uneheliches Kind zu bekommen. Astrid Lindgren ist nicht daran zerbrochen, sie hat gek\u00e4mpft  und gewonnen. Vielleicht konnte sie ihre wunderbaren B\u00fccher gerade deswegen schreiben &#8211; oder trotzdem. <\/p>\n\n\n\n<p><strong>Infoabend f\u00fcr interessierte Eltern: 28.02.2019 um 19:30 Uhr im Spatzennest in Kottweil <\/strong> <\/p>\n","protected":false},"excerpt":{"rendered":"<p>Auch wenn das Thema Tomte Tummetott die Waldkinder schon seit einigen Wochen begleitet, schaffen es unsere Erzieherinnen, es so spannend aufzubereiten, dass die Kinder am Ball bleiben. So schreibt Tomte immer wieder einen Brief an die Kinder. Dieses Mal erz\u00e4hlt er, dass er einen kleinen Wichtel getroffen, und diesem den Wald gezeigt hat. Dort haben&hellip; <a href=\"https:\/\/waldkindergarten-berglen.de\/?p=5037\" class=\"more-link\">Weiterlesen <span class=\"screen-reader-text\">Tomte bleibt immer noch spannend<\/span><\/a><\/p>\n","protected":false},"author":6,"featured_media":0,"comment_status":"closed","ping_status":"closed","sticky":false,"template":"","format":"standard","meta":{"ngg_post_thumbnail":0,"_jetpack_memberships_contains_paid_content":false,"footnotes":""},"categories":[3],"tags":[],"class_list":["post-5037","post","type-post","status-publish","format-standard","hentry","category-berichte"],"jetpack_featured_media_url":"","jetpack_sharing_enabled":true,"_links":{"self":[{"href":"https:\/\/waldkindergarten-berglen.de\/index.php?rest_route=\/wp\/v2\/posts\/5037","targetHints":{"allow":["GET"]}}],"collection":[{"href":"https:\/\/waldkindergarten-berglen.de\/index.php?rest_route=\/wp\/v2\/posts"}],"about":[{"href":"https:\/\/waldkindergarten-berglen.de\/index.php?rest_route=\/wp\/v2\/types\/post"}],"author":[{"embeddable":true,"href":"https:\/\/waldkindergarten-berglen.de\/index.php?rest_route=\/wp\/v2\/users\/6"}],"replies":[{"embeddable":true,"href":"https:\/\/waldkindergarten-berglen.de\/index.php?rest_route=%2Fwp%2Fv2%2Fcomments&post=5037"}],"version-history":[{"count":0,"href":"https:\/\/waldkindergarten-berglen.de\/index.php?rest_route=\/wp\/v2\/posts\/5037\/revisions"}],"wp:attachment":[{"href":"https:\/\/waldkindergarten-berglen.de\/index.php?rest_route=%2Fwp%2Fv2%2Fmedia&parent=5037"}],"wp:term":[{"taxonomy":"category","embeddable":true,"href":"https:\/\/waldkindergarten-berglen.de\/index.php?rest_route=%2Fwp%2Fv2%2Fcategories&post=5037"},{"taxonomy":"post_tag","embeddable":true,"href":"https:\/\/waldkindergarten-berglen.de\/index.php?rest_route=%2Fwp%2Fv2%2Ftags&post=5037"}],"curies":[{"name":"wp","href":"https:\/\/api.w.org\/{rel}","templated":true}]}}