{"id":5071,"date":"2019-03-18T08:00:10","date_gmt":"2019-03-18T06:00:10","guid":{"rendered":"http:\/\/waldkindergarten-berglen.de\/?p=5071"},"modified":"2019-03-18T08:00:10","modified_gmt":"2019-03-18T06:00:10","slug":"aprilwetter-im-maerz","status":"publish","type":"post","link":"https:\/\/waldkindergarten-berglen.de\/?p=5071","title":{"rendered":"Aprilwetter im M\u00e4rz"},"content":{"rendered":"\n<p>Diese Woche bescherte uns ein richtiges Aprilwetter. So zeigte sich, dass unsere Waldkinder den Wechsel der Jahreszeiten und den Rhythmus der Natur wirklich hautnah erleben d\u00fcrfen. Am Montag fiel pl\u00f6tzlich so viel Schnee und Graupel, dass sogar noch einmal ein Schneemann gebaut werden konnte. Das war vielleicht eine \u00dcberraschung. Wer sein Kind am Dienstag dann w\u00e4rmer angezogen hat, wurde wiederum von strahlendem Sonnenschein eines besseren belehrt. Der Rest der Woche verging mit Sturm, B\u00f6en und Regen. Das ist selbst f\u00fcr die Waldkinder eine ungute Mischung, da sie bei Sturm nicht in den sch\u00fctzenden Wald d\u00fcrfen, weil \u00c4ste oder gar B\u00e4ume fallen k\u00f6nnten.<\/p>\n\n\n\n<figure class=\"wp-block-image\"><img decoding=\"async\" src=\"https:\/\/waldkindergarten-berglen.de\/wp-content\/uploads\/2019\/03\/P1160514-1024x768.jpg\" alt=\"\" class=\"wp-image-5072\" \/><figcaption>Erst rollen&#8230;<br><\/figcaption><\/figure>\n\n\n\n<figure class=\"wp-block-image\"><img loading=\"lazy\" decoding=\"async\" width=\"768\" height=\"1024\" src=\"http:\/\/waldkindergarten-berglen.de\/wp-content\/uploads\/2019\/03\/Schneemann-2-e1552765338614-1-768x1024.jpg\" alt=\"\" class=\"wp-image-5080\" srcset=\"https:\/\/waldkindergarten-berglen.de\/wp-content\/uploads\/2019\/03\/Schneemann-2-e1552765338614-1-768x1024.jpg 768w, https:\/\/waldkindergarten-berglen.de\/wp-content\/uploads\/2019\/03\/Schneemann-2-e1552765338614-1-225x300.jpg 225w, https:\/\/waldkindergarten-berglen.de\/wp-content\/uploads\/2019\/03\/Schneemann-2-e1552765338614-1-1152x1536.jpg 1152w, https:\/\/waldkindergarten-berglen.de\/wp-content\/uploads\/2019\/03\/Schneemann-2-e1552765338614-1-1536x2048.jpg 1536w, https:\/\/waldkindergarten-berglen.de\/wp-content\/uploads\/2019\/03\/Schneemann-2-e1552765338614-1-1200x1600.jpg 1200w, https:\/\/waldkindergarten-berglen.de\/wp-content\/uploads\/2019\/03\/Schneemann-2-e1552765338614-1-1980x2640.jpg 1980w, https:\/\/waldkindergarten-berglen.de\/wp-content\/uploads\/2019\/03\/Schneemann-2-e1552765338614-1-scaled.jpg 1920w\" sizes=\"auto, (max-width: 768px) 100vw, 768px\" \/><figcaption>&#8230; dann stapeln und dekorieren<\/figcaption><\/figure>\n\n\n\n<p style=\"text-align:left\">Doch echte Waldkinder lassen sich den Spa\u00df nicht verderben und so sangen sie sich den Fr\u00fchling eben herbei: <\/p>\n\n\n\n<p>\u201eSingt ein V\u00f6glein, singt ein V\u00f6glein, singt im M\u00e4rzenwald. Kommt der helle, der helle Fr\u00fchling, kommt der Fr\u00fchling bald. Komm doch, lieber Fr\u00fchling, lieber Fr\u00fchling komm doch bald herbei. Jag den Winter, jag den Winter fort und mach das Leben neu!\u201c<\/p>\n\n\n\n<p>All diese Wunder des neu entstehenden Lebens im Fr\u00fchling gibt es in den n\u00e4chsten Wochen zu entdecken. Am Montag wurde sogar von unserer Guste schon der erste Hase gesichtet. Auch die Kinder machten eine spannende Entdeckung: In einem Baumstamm entdeckten sie eine Verwachsung in Herzform, welche dann gek\u00fcsst wurde.<\/p>\n\n\n\n<figure class=\"wp-block-image\"><img loading=\"lazy\" decoding=\"async\" width=\"768\" height=\"1024\" src=\"http:\/\/waldkindergarten-berglen.de\/wp-content\/uploads\/2019\/03\/Herz-e1552849685663-1-768x1024.jpg\" alt=\"\" class=\"wp-image-5074\" srcset=\"https:\/\/waldkindergarten-berglen.de\/wp-content\/uploads\/2019\/03\/Herz-e1552849685663-1-768x1024.jpg 768w, https:\/\/waldkindergarten-berglen.de\/wp-content\/uploads\/2019\/03\/Herz-e1552849685663-1-225x300.jpg 225w, https:\/\/waldkindergarten-berglen.de\/wp-content\/uploads\/2019\/03\/Herz-e1552849685663-1-1152x1536.jpg 1152w, https:\/\/waldkindergarten-berglen.de\/wp-content\/uploads\/2019\/03\/Herz-e1552849685663-1-1536x2048.jpg 1536w, https:\/\/waldkindergarten-berglen.de\/wp-content\/uploads\/2019\/03\/Herz-e1552849685663-1-1200x1600.jpg 1200w, https:\/\/waldkindergarten-berglen.de\/wp-content\/uploads\/2019\/03\/Herz-e1552849685663-1-1980x2640.jpg 1980w, https:\/\/waldkindergarten-berglen.de\/wp-content\/uploads\/2019\/03\/Herz-e1552849685663-1-scaled.jpg 1920w\" sizes=\"auto, (max-width: 768px) 100vw, 768px\" \/><figcaption>Die Verwachsung in Herzform<\/figcaption><\/figure>\n\n\n\n<p>Am Freitag kamen aufgrund des anhaltenden Regens nur sehr wenige Kinder in den Kindergarten, und so konnten die Erzieherinnen einen besonderen kleinen Ausflug planen. Im str\u00f6menden Regen liefen die Wichtel nach Kottweil, um sich im Hofladen der Familie M\u00fcller Eier zu kaufen. Diese wurden im Spatzennest gekocht und wachsweich verspeist. Zum Nachtisch gab es sogar noch Apfelchips. Das war ein Erlebnis. Zum Abschluss sprangen die Kinder noch voller Freude in den Pf\u00fctzen.<\/p>\n\n\n\n<div class=\"wp-block-image\"><figure class=\"aligncenter\"><img decoding=\"async\" src=\"https:\/\/waldkindergarten-berglen.de\/wp-content\/uploads\/2019\/03\/Pf\u00fctze2.jpg\" alt=\"\" class=\"wp-image-5075\" \/><figcaption>Mit viel Schwung in die Pf\u00fctze &#8211; einfach herrlich!<br><\/figcaption><\/figure><\/div>\n\n\n\n<p><strong>Wussten Sie schon?<\/strong><\/p>\n\n\n\n<p>Eine Bauernregel sagt: \u201eWenn im M\u00e4rz noch viele Winde wehn, wird\u00b4s im Maien warm und sch\u00f6n\u201c. Da hoffen wir, dass dies f\u00fcr den 18. Mai besonders zutrifft, denn da feiert der Waldkindergarten gro\u00df sein 25. j\u00e4hriges Bestehen. Der Waldkindergarten Berglen ist \u00fcbrigens der zweit\u00e4lteste Waldkindergarten Deutschlands. <\/p>\n","protected":false},"excerpt":{"rendered":"<p>Diese Woche bescherte uns ein richtiges Aprilwetter. So zeigte sich, dass unsere Waldkinder den Wechsel der Jahreszeiten und den Rhythmus der Natur wirklich hautnah erleben d\u00fcrfen. Am Montag fiel pl\u00f6tzlich so viel Schnee und Graupel, dass sogar noch einmal ein Schneemann gebaut werden konnte. Das war vielleicht eine \u00dcberraschung. Wer sein Kind am Dienstag dann&hellip; <a href=\"https:\/\/waldkindergarten-berglen.de\/?p=5071\" class=\"more-link\">Weiterlesen <span class=\"screen-reader-text\">Aprilwetter im M\u00e4rz<\/span><\/a><\/p>\n","protected":false},"author":6,"featured_media":0,"comment_status":"closed","ping_status":"closed","sticky":false,"template":"","format":"standard","meta":{"ngg_post_thumbnail":0,"_jetpack_memberships_contains_paid_content":false,"footnotes":""},"categories":[3],"tags":[],"class_list":["post-5071","post","type-post","status-publish","format-standard","hentry","category-berichte"],"jetpack_featured_media_url":"","jetpack_sharing_enabled":true,"_links":{"self":[{"href":"https:\/\/waldkindergarten-berglen.de\/index.php?rest_route=\/wp\/v2\/posts\/5071","targetHints":{"allow":["GET"]}}],"collection":[{"href":"https:\/\/waldkindergarten-berglen.de\/index.php?rest_route=\/wp\/v2\/posts"}],"about":[{"href":"https:\/\/waldkindergarten-berglen.de\/index.php?rest_route=\/wp\/v2\/types\/post"}],"author":[{"embeddable":true,"href":"https:\/\/waldkindergarten-berglen.de\/index.php?rest_route=\/wp\/v2\/users\/6"}],"replies":[{"embeddable":true,"href":"https:\/\/waldkindergarten-berglen.de\/index.php?rest_route=%2Fwp%2Fv2%2Fcomments&post=5071"}],"version-history":[{"count":0,"href":"https:\/\/waldkindergarten-berglen.de\/index.php?rest_route=\/wp\/v2\/posts\/5071\/revisions"}],"wp:attachment":[{"href":"https:\/\/waldkindergarten-berglen.de\/index.php?rest_route=%2Fwp%2Fv2%2Fmedia&parent=5071"}],"wp:term":[{"taxonomy":"category","embeddable":true,"href":"https:\/\/waldkindergarten-berglen.de\/index.php?rest_route=%2Fwp%2Fv2%2Fcategories&post=5071"},{"taxonomy":"post_tag","embeddable":true,"href":"https:\/\/waldkindergarten-berglen.de\/index.php?rest_route=%2Fwp%2Fv2%2Ftags&post=5071"}],"curies":[{"name":"wp","href":"https:\/\/api.w.org\/{rel}","templated":true}]}}