{"id":5126,"date":"2019-04-15T08:00:26","date_gmt":"2019-04-15T06:00:26","guid":{"rendered":"http:\/\/waldkindergarten-berglen.de\/?p=5126"},"modified":"2019-04-15T08:00:26","modified_gmt":"2019-04-15T06:00:26","slug":"feste-feiern","status":"publish","type":"post","link":"https:\/\/waldkindergarten-berglen.de\/?p=5126","title":{"rendered":"Feste feiern"},"content":{"rendered":"\n<p>Die letzte Kindiwoche vor den Osterferien wurde bereits durch das gelungene Hoffest am Sonntag bei Familie Kerzinger eingestimmt. Durch das abwechslungsreiche Programm und das sch\u00f6ne Wetter angelockt, kehrten viele Familien ein. Der Waldkindergarten beteiligte sich mit Kinderschminken und einem erstklassigen Kuchenbuffet zum gelungenen Fest. Vielen Dank an alle Eltern, die flei\u00dfig gebacken, verkauft und geschminkt haben. Und ein besonderer Dank an Familie Kerzinger, dass wir uns beteiligen d\u00fcrfen.<\/p>\n\n\n\n<div class=\"wp-block-image\"><figure class=\"aligncenter\"><img decoding=\"async\" src=\"https:\/\/waldkindergarten-berglen.de\/wp-content\/uploads\/2019\/04\/Kinderschminken-bearb.jpg\" alt=\"\" class=\"wp-image-5127\" \/><figcaption>Kinderschminken: Ein beliebtes Motiv war dieses Jahr das Einhorn.<\/figcaption><\/figure><\/div>\n\n\n\n<p>Das Thema Sinne begleitete die Kinder auch diese Woche. Passend zur sp\u00e4teren Ostereiersuche, f\u00fcr die man ja bekanntlich ein gutes Auge braucht, wurde besprochen, aus welchen Teilen das Auge eigentlich besteht. Die Kinder schauten den Nachbarn tief in die Augen und beschrieben die Farben und spielten ein Spiegelbildspiel, bei dem man gut beobachten musste, wie sich der Partner bewegt. Hierf\u00fcr waren die Kinder selbst der Spiegel und hoben zum Beispiel den rechten Arm, wenn der gegen\u00fcberstehende Partner den linken hob. Gar nicht so einfach.<\/p>\n\n\n\n<p>Im Morgenkreis gab es eine Ostereierausstellung: Hierf\u00fcr\nbrachten unsere Erzieherinnen verschiedene Eier mit: Sehr alte, mit Stoff\nbezogene Eier, Eier aus Holz oder Porzellan, aber auch ein Strau\u00dfenei und sogar\ndas Ei eines Krokodils. <\/p>\n\n\n\n<p>In den Tagen vor Ostern bereiteten die Kinder am Osterplatz kleine Nester und Verstecke aus Holz, Rinden, Moos und \u00c4sten f\u00fcr den Osterhasen vor. Daf\u00fcr wurde flei\u00dfig gebaut und ganz vielf\u00e4ltige St\u00e4tten entstanden.<\/p>\n\n\n\n<figure class=\"wp-block-image\"><img decoding=\"async\" src=\"https:\/\/waldkindergarten-berglen.de\/wp-content\/uploads\/2019\/04\/Versteck-f\u00fcr-den-Osterhasen-1024x768.jpg\" alt=\"\" class=\"wp-image-5128\" \/><figcaption>Unsere Waldkinder sind richtige Architekten.<\/figcaption><\/figure>\n\n\n\n<p>Der Morgen des Osterfestes begann mit einer Ostereiersuche: Der Korb mit den Ostereiern war leer und die Kinder sollten sie im Sitzen entdecken. Hierf\u00fcr musste genau gesucht werden. Mit den Eiern fand dann der traditioneller Eierlauf mit L\u00f6ffeln um die Wette statt, bevor sie dann verspeist wurden. <\/p>\n\n\n\n<figure class=\"wp-block-image\"><img decoding=\"async\" src=\"https:\/\/waldkindergarten-berglen.de\/wp-content\/uploads\/2019\/04\/Eierlauf-1024x768.jpg\" alt=\"\" class=\"wp-image-5129\" \/><figcaption>Der traditionelle Eierlauf um die Wette.<\/figcaption><\/figure>\n\n\n\n<p>Im Kreis wurde dann auch die Ostergeschichte mit Kreuzweg kindgerecht erz\u00e4hlt und die Kinder teilten Kn\u00e4ckebrot, damit der Sinn hinter dem Osterfest ersichtlich wird. <\/p>\n\n\n\n<p>Und dann war es so weit: Die in den letzten Wochen get\u00f6pferten Osternestchen der Kinder waren nat\u00fcrlich vom flei\u00dfigen Osterhasen bef\u00fcllt und an den von den Kindern vorbereiteten Pl\u00e4tzen versteckt. Das war eine Freude! So manches Nestchen war allerdings schon etwas gepl\u00fcndert als die Kinder eintrafen \u2013 da war das Eichh\u00f6rnchen schneller. Dies lie\u00df sich aber gut verkraften, denn der Osterhase hatte sich wirklich ins Zeug gelegt und jedes Nestchen besonders sch\u00f6n gef\u00fcllt.<\/p>\n\n\n\n<figure class=\"wp-block-image\"><img decoding=\"async\" src=\"https:\/\/waldkindergarten-berglen.de\/wp-content\/uploads\/2019\/04\/Osternestchen-1024x768.jpg\" alt=\"\" class=\"wp-image-5131\" \/><figcaption>Der Osterhase war da!<\/figcaption><\/figure>\n\n\n\n<p>Nun d\u00fcrfen alle die wohlverdienten Osterferien genie\u00dfen.\nVielen Dank an dieser Stelle an alle Eltern f\u00fcr ihr Engagement und besonders an\ndas Waldteam, das unseren Kindern solche Erlebnisse erm\u00f6glicht.<\/p>\n\n\n\n<p><strong>Wussten Sie schon?<\/strong> <\/p>\n\n\n\n<p>Ostereier nat\u00fcrlich f\u00e4rben ist ganz einfach. Besonders gute Ergebnisse erzielt man mit Kurkuma (gelb), Holundersaft (lila) und Rotkraut (t\u00fcrkis). Hierf\u00fcr die zuvor hartgekochten Eier einfach in einen (gekochten) Sud legen. Je l\u00e4nger, desto intensiver ist das Farbergebnis. <\/p>\n","protected":false},"excerpt":{"rendered":"<p>Die letzte Kindiwoche vor den Osterferien wurde bereits durch das gelungene Hoffest am Sonntag bei Familie Kerzinger eingestimmt. Durch das abwechslungsreiche Programm und das sch\u00f6ne Wetter angelockt, kehrten viele Familien ein. Der Waldkindergarten beteiligte sich mit Kinderschminken und einem erstklassigen Kuchenbuffet zum gelungenen Fest. Vielen Dank an alle Eltern, die flei\u00dfig gebacken, verkauft und geschminkt&hellip; <a href=\"https:\/\/waldkindergarten-berglen.de\/?p=5126\" class=\"more-link\">Weiterlesen <span class=\"screen-reader-text\">Feste feiern<\/span><\/a><\/p>\n","protected":false},"author":6,"featured_media":0,"comment_status":"closed","ping_status":"closed","sticky":false,"template":"","format":"standard","meta":{"ngg_post_thumbnail":0,"_jetpack_memberships_contains_paid_content":false,"footnotes":""},"categories":[3],"tags":[],"class_list":["post-5126","post","type-post","status-publish","format-standard","hentry","category-berichte"],"jetpack_featured_media_url":"","jetpack_sharing_enabled":true,"_links":{"self":[{"href":"https:\/\/waldkindergarten-berglen.de\/index.php?rest_route=\/wp\/v2\/posts\/5126","targetHints":{"allow":["GET"]}}],"collection":[{"href":"https:\/\/waldkindergarten-berglen.de\/index.php?rest_route=\/wp\/v2\/posts"}],"about":[{"href":"https:\/\/waldkindergarten-berglen.de\/index.php?rest_route=\/wp\/v2\/types\/post"}],"author":[{"embeddable":true,"href":"https:\/\/waldkindergarten-berglen.de\/index.php?rest_route=\/wp\/v2\/users\/6"}],"replies":[{"embeddable":true,"href":"https:\/\/waldkindergarten-berglen.de\/index.php?rest_route=%2Fwp%2Fv2%2Fcomments&post=5126"}],"version-history":[{"count":0,"href":"https:\/\/waldkindergarten-berglen.de\/index.php?rest_route=\/wp\/v2\/posts\/5126\/revisions"}],"wp:attachment":[{"href":"https:\/\/waldkindergarten-berglen.de\/index.php?rest_route=%2Fwp%2Fv2%2Fmedia&parent=5126"}],"wp:term":[{"taxonomy":"category","embeddable":true,"href":"https:\/\/waldkindergarten-berglen.de\/index.php?rest_route=%2Fwp%2Fv2%2Fcategories&post=5126"},{"taxonomy":"post_tag","embeddable":true,"href":"https:\/\/waldkindergarten-berglen.de\/index.php?rest_route=%2Fwp%2Fv2%2Ftags&post=5126"}],"curies":[{"name":"wp","href":"https:\/\/api.w.org\/{rel}","templated":true}]}}