{"id":5185,"date":"2019-05-06T08:05:49","date_gmt":"2019-05-06T06:05:49","guid":{"rendered":"http:\/\/waldkindergarten-berglen.de\/?p=5185"},"modified":"2020-04-13T00:45:54","modified_gmt":"2020-04-12T22:45:54","slug":"immer-der-nase-nach","status":"publish","type":"post","link":"https:\/\/waldkindergarten-berglen.de\/?p=5185","title":{"rendered":"Immer der Nase nach"},"content":{"rendered":"\n<p>\u2026 ging es vergangene Woche f\u00fcr unsere Zwerge. Das Thema Riechen wurde f\u00fcr die Kinder dank toller Spiele und Ideen ganz intensiv erlebt. <br> An einem Morgen wurde nicht wie sonst verraten, zu welchem Platz es an diesem Tag gehen sollte. Da war die Verwunderung bei den Kindern nat\u00fcrlich gro\u00df. Stattdessen sollte es im wahrsten Sinne des Wortes der Nase nach gehen. Bei dieser Waldrallye trafen die Kinder unterwegs immer wieder auf kleine, mit Kr\u00e4utern gef\u00fcllte, S\u00e4ckchen. In Diesen befand sich entweder Salbei, dann ging es nach links, oder Zitronenmelisse, dann ging es nach rechts. So fanden unsere Sp\u00fcrnasen tats\u00e4chlich den richtigen Weg. <\/p>\n\n\n\n<figure class=\"wp-block-image\"><img decoding=\"async\" src=\"https:\/\/waldkindergarten-berglen.de\/wp-content\/uploads\/2019\/05\/Immer-der-Nase-nach.jpg\" alt=\"Immer der Nase nach\" class=\"wp-image-5186\"\/><figcaption>Immer der Nase nach<\/figcaption><\/figure>\n\n\n\n<p>In der Fuchsschule wurde das Thema Pflanzen und Kr\u00e4uter auch aufgegriffen. Die Vorsch\u00fcler durften in einem selbst angelegten Beet auf dem St\u00fcckle selbst gezogene Mais- und Sonnenblumenpflanzen einsetzen und dazu noch Blumen auss\u00e4en. Dann gingen sie gemeinsam mit den Erzieherinnen auf dem Grundst\u00fcck umher und sammelten alle m\u00f6glichen essbaren Pflanzen und Kr\u00e4uter. Diese durften sie sich dann auf Butterbroten anrichten und schmecken lassen. Toll, was sie da so alles fanden. Von L\u00f6wenzahn, G\u00e4nsebl\u00fcmchen \u00fcber Giersch und Knoblauchsrauke bis hin zu wildem Schnittlauch war alles M\u00f6gliche vertreten. Und weil man es selbst sammeln durfte und so gem\u00fctlich in der Gruppe vespern konnte hat es Allen richtig gut geschmeckt. <\/p>\n\n\n\n<figure class=\"wp-block-image\"><img decoding=\"async\" src=\"https:\/\/waldkindergarten-berglen.de\/wp-content\/uploads\/2019\/05\/Selbst-zubereitete-Kr\u00e4uterbrote-1024x576.jpg\" alt=\"Selbst zubereitete Kr\u00e4uterbrote\" class=\"wp-image-5187\"\/><figcaption>Selbst zubereitete Kr\u00e4uterbrote<\/figcaption><\/figure>\n\n\n\n<p>Zum Abschluss der Woche fand noch ein tolles Ratespiel statt. In der Mitte des Morgenkreises lag von sechs Kr\u00e4utern jeweils ein Zweigchen bzw B\u00fcschel. Es gab Schnittlauch, Rosmarin, Zitronenmelisse, Lavendel, Liebst\u00f6ckel und Minze. Jedes war mit einer Nummer versehen. Nachdem die Kinder die Kr\u00e4uter kennengelernt und untersucht hatten, wurden sie in vier Gruppen aufgeteilt. Jede Gruppe hatte eine eigene Farbe und sechs K\u00e4rtchen mit den Zahlen von 1 bis 6. Nun durften sie rund um den Morgenkreis sechs S\u00e4ckchen durch riechen identifizieren und einer Nummer zuordnen. Es war wirklich beeindruckend, wie gut die Kinder diese Aufgabe gemeinsam l\u00f6sen konnten. Auch daheim kennen sie sich nun bestens aus und sind neugierig und erpicht darauf, ihr Wissen mitzuteilen. Und auch die Bereitschaft, die Kr\u00e4uter zu essen, ist sp\u00fcrbar gestiegen.<\/p>\n\n\n\n<p>Auch bei unserem Jubil\u00e4umsfest werden wir mit allen Sinnen den Wald und die Natur erfahren und es wird viele Produkte zum Thema Kr\u00e4uter zu essen oder auch zu kaufen geben. Ein Besuch lohnt sich bestimmt. Daher noch einmal die herzliche Einladung an Gro\u00df und Klein, uns am 18. Mai besuchen zu kommen. <\/p>\n\n\n\n<figure class=\"wp-block-image\"><img decoding=\"async\" src=\"https:\/\/waldkindergarten-berglen.de\/wp-content\/uploads\/2019\/05\/Jubil\u00e4umsflyer.jpg\" alt=\"Jubil\u00e4umsflyer\" class=\"wp-image-5189\"\/><figcaption>Jubil\u00e4umsflyer<\/figcaption><\/figure>\n\n\n\n<p><em>Wussten Sie schon<br>Der Geruchssinn ist der unmittelbarste der menschlichen Sinne und sehr eng mit Emotionen verbunden. Manchmal wird man bei einem bestimmten Geruch urpl\u00f6tzlich in eine Situation zur\u00fcckversetzt, in der man diesen Geruch zum ersten Mal wahrnahm. Dieses Geruchsged\u00e4chtnis wird vor allem in den ersten Lebensjahren gebildet.<\/em><\/p>\n","protected":false},"excerpt":{"rendered":"<p>\u2026 ging es vergangene Woche f\u00fcr unsere Zwerge. Das Thema Riechen wurde f\u00fcr die Kinder dank toller Spiele und Ideen ganz intensiv erlebt. An einem Morgen wurde nicht wie sonst verraten, zu welchem Platz es an diesem Tag gehen sollte. Da war die Verwunderung bei den Kindern nat\u00fcrlich gro\u00df. Stattdessen sollte es im wahrsten Sinne&hellip; <a href=\"https:\/\/waldkindergarten-berglen.de\/?p=5185\" class=\"more-link\">Weiterlesen <span class=\"screen-reader-text\">Immer der Nase nach<\/span><\/a><\/p>\n","protected":false},"author":7,"featured_media":0,"comment_status":"closed","ping_status":"closed","sticky":false,"template":"","format":"standard","meta":{"ngg_post_thumbnail":0,"_jetpack_memberships_contains_paid_content":false,"footnotes":""},"categories":[3],"tags":[],"class_list":["post-5185","post","type-post","status-publish","format-standard","hentry","category-berichte"],"jetpack_featured_media_url":"","jetpack_sharing_enabled":true,"_links":{"self":[{"href":"https:\/\/waldkindergarten-berglen.de\/index.php?rest_route=\/wp\/v2\/posts\/5185","targetHints":{"allow":["GET"]}}],"collection":[{"href":"https:\/\/waldkindergarten-berglen.de\/index.php?rest_route=\/wp\/v2\/posts"}],"about":[{"href":"https:\/\/waldkindergarten-berglen.de\/index.php?rest_route=\/wp\/v2\/types\/post"}],"author":[{"embeddable":true,"href":"https:\/\/waldkindergarten-berglen.de\/index.php?rest_route=\/wp\/v2\/users\/7"}],"replies":[{"embeddable":true,"href":"https:\/\/waldkindergarten-berglen.de\/index.php?rest_route=%2Fwp%2Fv2%2Fcomments&post=5185"}],"version-history":[{"count":1,"href":"https:\/\/waldkindergarten-berglen.de\/index.php?rest_route=\/wp\/v2\/posts\/5185\/revisions"}],"predecessor-version":[{"id":6604,"href":"https:\/\/waldkindergarten-berglen.de\/index.php?rest_route=\/wp\/v2\/posts\/5185\/revisions\/6604"}],"wp:attachment":[{"href":"https:\/\/waldkindergarten-berglen.de\/index.php?rest_route=%2Fwp%2Fv2%2Fmedia&parent=5185"}],"wp:term":[{"taxonomy":"category","embeddable":true,"href":"https:\/\/waldkindergarten-berglen.de\/index.php?rest_route=%2Fwp%2Fv2%2Fcategories&post=5185"},{"taxonomy":"post_tag","embeddable":true,"href":"https:\/\/waldkindergarten-berglen.de\/index.php?rest_route=%2Fwp%2Fv2%2Ftags&post=5185"}],"curies":[{"name":"wp","href":"https:\/\/api.w.org\/{rel}","templated":true}]}}