{"id":5296,"date":"2018-09-12T12:00:06","date_gmt":"2018-09-12T10:00:06","guid":{"rendered":"http:\/\/waldkindergarten-berglen.de\/?p=5296"},"modified":"2018-09-12T12:00:06","modified_gmt":"2018-09-12T10:00:06","slug":"neues-aus-der-waldspielgruppe-kw-37","status":"publish","type":"post","link":"https:\/\/waldkindergarten-berglen.de\/?p=5296","title":{"rendered":"Neues aus der Waldspielgruppe KW 37"},"content":{"rendered":"\n<p>Der Herbst, der Herbst, der Herbst ist da er bringt und Spa\u00df hei-hussasa\u2026nach unserer Sommerpause starteten wir bei wundersch\u00f6nem Sp\u00e4tsommerwetter in unsere Herbstspielgruppe. Nat\u00fcrlich war die Schnecke Ullrich sehr gespannt zu erfahren, wie die 6 neuen Kinder hei\u00dfen die nun zu unseren 4 gro\u00dfen Kindern dazu sto\u00dfen. Nach unserem neuen Namenslied, besuchte uns die kleine Spinne im Kreis und wir durften ihre kurze Geschichte h\u00f6ren und sehen. Danach ging\u2019s ans matschen, aus Lehm, Pfeifenputzern, St\u00f6cken, Schnurr und Steinen endstanden lauter lustige Gesellen mit 8 Beinen. <\/p>\n\n\n\n<figure class=\"wp-block-image\"><img decoding=\"async\" src=\"https:\/\/waldkindergarten-berglen.de\/wp-content\/uploads\/2019\/05\/Die-kleine-Spinne-1024x576.jpg\" alt=\"\" class=\"wp-image-5297\"\/><figcaption>Die kleine Spinne<\/figcaption><\/figure>\n","protected":false},"excerpt":{"rendered":"<p>Der Herbst, der Herbst, der Herbst ist da er bringt und Spa\u00df hei-hussasa\u2026nach unserer Sommerpause starteten wir bei wundersch\u00f6nem Sp\u00e4tsommerwetter in unsere Herbstspielgruppe. Nat\u00fcrlich war die Schnecke Ullrich sehr gespannt zu erfahren, wie die 6 neuen Kinder hei\u00dfen die nun zu unseren 4 gro\u00dfen Kindern dazu sto\u00dfen. Nach unserem neuen Namenslied, besuchte uns die kleine&hellip; <a href=\"https:\/\/waldkindergarten-berglen.de\/?p=5296\" class=\"more-link\">Weiterlesen <span class=\"screen-reader-text\">Neues aus der Waldspielgruppe KW 37<\/span><\/a><\/p>\n","protected":false},"author":5,"featured_media":0,"comment_status":"closed","ping_status":"closed","sticky":false,"template":"","format":"standard","meta":{"ngg_post_thumbnail":0,"_jetpack_memberships_contains_paid_content":false,"footnotes":""},"categories":[9],"tags":[],"class_list":["post-5296","post","type-post","status-publish","format-standard","hentry","category-waldspielgruppenberichte-2018-2021"],"jetpack_featured_media_url":"","jetpack_sharing_enabled":true,"_links":{"self":[{"href":"https:\/\/waldkindergarten-berglen.de\/index.php?rest_route=\/wp\/v2\/posts\/5296","targetHints":{"allow":["GET"]}}],"collection":[{"href":"https:\/\/waldkindergarten-berglen.de\/index.php?rest_route=\/wp\/v2\/posts"}],"about":[{"href":"https:\/\/waldkindergarten-berglen.de\/index.php?rest_route=\/wp\/v2\/types\/post"}],"author":[{"embeddable":true,"href":"https:\/\/waldkindergarten-berglen.de\/index.php?rest_route=\/wp\/v2\/users\/5"}],"replies":[{"embeddable":true,"href":"https:\/\/waldkindergarten-berglen.de\/index.php?rest_route=%2Fwp%2Fv2%2Fcomments&post=5296"}],"version-history":[{"count":0,"href":"https:\/\/waldkindergarten-berglen.de\/index.php?rest_route=\/wp\/v2\/posts\/5296\/revisions"}],"wp:attachment":[{"href":"https:\/\/waldkindergarten-berglen.de\/index.php?rest_route=%2Fwp%2Fv2%2Fmedia&parent=5296"}],"wp:term":[{"taxonomy":"category","embeddable":true,"href":"https:\/\/waldkindergarten-berglen.de\/index.php?rest_route=%2Fwp%2Fv2%2Fcategories&post=5296"},{"taxonomy":"post_tag","embeddable":true,"href":"https:\/\/waldkindergarten-berglen.de\/index.php?rest_route=%2Fwp%2Fv2%2Ftags&post=5296"}],"curies":[{"name":"wp","href":"https:\/\/api.w.org\/{rel}","templated":true}]}}