{"id":5302,"date":"2019-05-22T09:52:32","date_gmt":"2019-05-22T07:52:32","guid":{"rendered":"http:\/\/waldkindergarten-berglen.de\/?p=5302"},"modified":"2022-06-19T22:35:02","modified_gmt":"2022-06-19T20:35:02","slug":"neues-aus-der-waldspielgruppe-kw-21","status":"publish","type":"post","link":"https:\/\/waldkindergarten-berglen.de\/?p=5302","title":{"rendered":"Neues aus der Waldspielgruppe KW 21"},"content":{"rendered":"\n<p>Durch den Starkregen den Tag zuvor, hatte sich unser Wald in ein wahres Pf\u00fctzenparadies verwandelt. Eine tolle Gelegenheit diese M\u00f6glichkeit zu n\u00fctzen. <\/p>\n\n\n\n<figure class=\"wp-block-image\"><img decoding=\"async\" src=\"https:\/\/waldkindergarten-berglen.de\/wp-content\/uploads\/2019\/05\/Unser-B\u00e4chle-768x1024.jpg\" alt=\"\" class=\"wp-image-5303\"\/><figcaption>Unser B\u00e4chle<\/figcaption><\/figure>\n\n\n\n<p>Nach unserem Begr\u00fc\u00dfungslied versuchten wir gemeinsam\nherauszufinden, welche Materialien den auf dem Wasser schwimmen. Denn die\nIgelmutter war auf der Suche nach einem Boot, f\u00fcr den Sonntagsausflug mit ihrer\nFamilie. Die Rinde war daf\u00fcr am geeignetsten, diese konnten wir sogar mit\nkleinen Steinen beladen. Das war gar nicht so einfach, immer wieder mal ging\nauch ein Stein daneben und viel ins Wasser. Doch dann konnte die Igelfamilie\nstarten.<\/p>\n\n\n\n<p><em>\u201eIgels mach Sonntag\nfr\u00fch eine Segelbootspartie und die kleinen jauchzen froh, denn das Boot das\nschaukelt so! Nicht so doll, sagt Mutter Igel. Denn ihr habt ja keine Fl\u00fcgel!\nWenn ihr dann ins Wasser fallt Huh- da ist es nass und kalt!\u201c<\/em><\/p>\n\n\n\n<p>Gemeinsam ging es dann in den Wald um Material f\u00fcr unsere kleinen Holzboote zu sammeln. Danach wurden die H\u00e4nde gewaschen und gevespert. Frisch gest\u00e4rkt ging es ans Gestalten der Boote und dann weiter um in den Pf\u00fctzen ihre Seetauglichkeit zu testen. Den gr\u00f6\u00dften Spa\u00df machte aber ein schmales, langes Rinnsal, welches vom Wurtzelplatz her den Berg herunterkam. Ein richtiger kleiner Bach. Hier durften die Boote an den Schn\u00fcren auf und ab fahren und es wurde sich auch gegenseitig geholfen, wenn ein Boot strandete. Mit feuchten F\u00fc\u00dfen aber gl\u00fccklich endete unser Morgen wieder viel zu schnell.<\/p>\n\n\n\n<figure class=\"wp-block-image\"><img decoding=\"async\" src=\"https:\/\/waldkindergarten-berglen.de\/wp-content\/uploads\/2019\/05\/Boot-768x1024.jpg\" alt=\"\" class=\"wp-image-5304\"\/><figcaption>Boot<\/figcaption><\/figure>\n\n\n\n<figure class=\"wp-block-image\"><img decoding=\"async\" src=\"https:\/\/waldkindergarten-berglen.de\/wp-content\/uploads\/2019\/05\/Die-Schiffsstra\u00dfe-768x1024.jpg\" alt=\"\" class=\"wp-image-5305\"\/><figcaption>Die Schiffsstra\u00dfe<\/figcaption><\/figure>\n\n\n\n<p><\/p>\n","protected":false},"excerpt":{"rendered":"<p>Durch den Starkregen den Tag zuvor, hatte sich unser Wald in ein wahres Pf\u00fctzenparadies verwandelt. Eine tolle Gelegenheit diese M\u00f6glichkeit zu n\u00fctzen. Nach unserem Begr\u00fc\u00dfungslied versuchten wir gemeinsam herauszufinden, welche Materialien den auf dem Wasser schwimmen. Denn die Igelmutter war auf der Suche nach einem Boot, f\u00fcr den Sonntagsausflug mit ihrer Familie. Die Rinde war&hellip; <a href=\"https:\/\/waldkindergarten-berglen.de\/?p=5302\" class=\"more-link\">Weiterlesen <span class=\"screen-reader-text\">Neues aus der Waldspielgruppe KW 21<\/span><\/a><\/p>\n","protected":false},"author":5,"featured_media":0,"comment_status":"closed","ping_status":"closed","sticky":false,"template":"","format":"standard","meta":{"ngg_post_thumbnail":0,"_jetpack_memberships_contains_paid_content":false,"footnotes":""},"categories":[9,8],"tags":[],"class_list":["post-5302","post","type-post","status-publish","format-standard","hentry","category-waldspielgruppenberichte-2018-2021","category-waldspielgruppe"],"jetpack_featured_media_url":"","jetpack_sharing_enabled":true,"_links":{"self":[{"href":"https:\/\/waldkindergarten-berglen.de\/index.php?rest_route=\/wp\/v2\/posts\/5302","targetHints":{"allow":["GET"]}}],"collection":[{"href":"https:\/\/waldkindergarten-berglen.de\/index.php?rest_route=\/wp\/v2\/posts"}],"about":[{"href":"https:\/\/waldkindergarten-berglen.de\/index.php?rest_route=\/wp\/v2\/types\/post"}],"author":[{"embeddable":true,"href":"https:\/\/waldkindergarten-berglen.de\/index.php?rest_route=\/wp\/v2\/users\/5"}],"replies":[{"embeddable":true,"href":"https:\/\/waldkindergarten-berglen.de\/index.php?rest_route=%2Fwp%2Fv2%2Fcomments&post=5302"}],"version-history":[{"count":1,"href":"https:\/\/waldkindergarten-berglen.de\/index.php?rest_route=\/wp\/v2\/posts\/5302\/revisions"}],"predecessor-version":[{"id":7653,"href":"https:\/\/waldkindergarten-berglen.de\/index.php?rest_route=\/wp\/v2\/posts\/5302\/revisions\/7653"}],"wp:attachment":[{"href":"https:\/\/waldkindergarten-berglen.de\/index.php?rest_route=%2Fwp%2Fv2%2Fmedia&parent=5302"}],"wp:term":[{"taxonomy":"category","embeddable":true,"href":"https:\/\/waldkindergarten-berglen.de\/index.php?rest_route=%2Fwp%2Fv2%2Fcategories&post=5302"},{"taxonomy":"post_tag","embeddable":true,"href":"https:\/\/waldkindergarten-berglen.de\/index.php?rest_route=%2Fwp%2Fv2%2Ftags&post=5302"}],"curies":[{"name":"wp","href":"https:\/\/api.w.org\/{rel}","templated":true}]}}