{"id":5329,"date":"2019-05-29T12:00:28","date_gmt":"2019-05-29T10:00:28","guid":{"rendered":"http:\/\/waldkindergarten-berglen.de\/?p=5329"},"modified":"2022-06-19T22:34:54","modified_gmt":"2022-06-19T20:34:54","slug":"neues-aus-der-waldspielgruppe-kw22-2","status":"publish","type":"post","link":"https:\/\/waldkindergarten-berglen.de\/?p=5329","title":{"rendered":"Neues aus der Waldspielgruppe KW22"},"content":{"rendered":"\n<p>Sch\u00f6nes feuchtes\nWetter, perfektes Schneckenwetter, dass hatten wir diesen Mittwoch in unserer\nWaldspielgruppe.<\/p>\n\n\n\n<p>Nach unseren\nvertrauten Begr\u00fc\u00dfungsliedern, stellte uns Schnecke Ulrich seinen kleinen Bruder\nvor.<\/p>\n\n\n\n<p>\u201e<em>Schnecke geht spazieren heut. Das feuchte Wetter macht ihr Freud.<br>Sie hat die F\u00fchler ausgestreckt, doch ach \u2013 jetzt hat sie mich entdeckt!<br>Sie zieht vor Angst die F\u00fchler ein und kriecht ins Schneckenhaus hinein.\u201c<\/em><\/p>\n\n\n\n<p>Aber bei uns waren doch tats\u00e4chlich sehr mutige Schnecken zu besuch. Diese zogen gar nicht schnell die F\u00fchler ein. Diese \u201eAchatschnecken\u201c kommen eigentlich aus Afrika, sind aber einfach klasse zu beobachten. Und wir hatten viele mutige Kinder, die eine gro\u00dfe Freude daran hatten die Tiere \u00fcber ihre H\u00e4nde kriechen zu lassen.<\/p>\n\n\n\n<figure class=\"wp-block-image\"><img decoding=\"async\" src=\"https:\/\/waldkindergarten-berglen.de\/wp-content\/uploads\/2019\/05\/Die-Achatschnecke-768x1024.jpg\" alt=\"\" class=\"wp-image-5330\"\/><figcaption>Die Achatschnecke<\/figcaption><\/figure>\n\n\n\n<p>Aber auch auf unserem Weg durch den Wald waren Schnecken zu finden, auch wenn wir ein bisschen suchen mussten. <br>Nach dem vespern ging es dann selbst ans Schnecken modellieren. <br>So das am Ende jeder seine eigene Schnecke mit nach Hause nehmen konnte. <\/p>\n\n\n\n<figure class=\"wp-block-image\"><img decoding=\"async\" src=\"https:\/\/waldkindergarten-berglen.de\/wp-content\/uploads\/2019\/05\/Schnecken-modelieren-1024x768.jpg\" alt=\"\" class=\"wp-image-5331\"\/><figcaption>Schnecken modelieren<\/figcaption><\/figure>\n\n\n\n<figure class=\"wp-block-image\"><img decoding=\"async\" src=\"https:\/\/waldkindergarten-berglen.de\/wp-content\/uploads\/2019\/05\/Kleine-Kunstwerke-768x1024.jpg\" alt=\"\" class=\"wp-image-5332\"\/><figcaption>Kleine Kunstwerke<\/figcaption><\/figure>\n","protected":false},"excerpt":{"rendered":"<p>Sch\u00f6nes feuchtes Wetter, perfektes Schneckenwetter, dass hatten wir diesen Mittwoch in unserer Waldspielgruppe. Nach unseren vertrauten Begr\u00fc\u00dfungsliedern, stellte uns Schnecke Ulrich seinen kleinen Bruder vor. \u201eSchnecke geht spazieren heut. Das feuchte Wetter macht ihr Freud.Sie hat die F\u00fchler ausgestreckt, doch ach \u2013 jetzt hat sie mich entdeckt!Sie zieht vor Angst die F\u00fchler ein und kriecht&hellip; <a href=\"https:\/\/waldkindergarten-berglen.de\/?p=5329\" class=\"more-link\">Weiterlesen <span class=\"screen-reader-text\">Neues aus der Waldspielgruppe KW22<\/span><\/a><\/p>\n","protected":false},"author":5,"featured_media":0,"comment_status":"closed","ping_status":"closed","sticky":false,"template":"","format":"standard","meta":{"ngg_post_thumbnail":0,"_jetpack_memberships_contains_paid_content":false,"footnotes":""},"categories":[9],"tags":[],"class_list":["post-5329","post","type-post","status-publish","format-standard","hentry","category-waldspielgruppenberichte-2018-2021"],"jetpack_featured_media_url":"","jetpack_sharing_enabled":true,"_links":{"self":[{"href":"https:\/\/waldkindergarten-berglen.de\/index.php?rest_route=\/wp\/v2\/posts\/5329","targetHints":{"allow":["GET"]}}],"collection":[{"href":"https:\/\/waldkindergarten-berglen.de\/index.php?rest_route=\/wp\/v2\/posts"}],"about":[{"href":"https:\/\/waldkindergarten-berglen.de\/index.php?rest_route=\/wp\/v2\/types\/post"}],"author":[{"embeddable":true,"href":"https:\/\/waldkindergarten-berglen.de\/index.php?rest_route=\/wp\/v2\/users\/5"}],"replies":[{"embeddable":true,"href":"https:\/\/waldkindergarten-berglen.de\/index.php?rest_route=%2Fwp%2Fv2%2Fcomments&post=5329"}],"version-history":[{"count":1,"href":"https:\/\/waldkindergarten-berglen.de\/index.php?rest_route=\/wp\/v2\/posts\/5329\/revisions"}],"predecessor-version":[{"id":7652,"href":"https:\/\/waldkindergarten-berglen.de\/index.php?rest_route=\/wp\/v2\/posts\/5329\/revisions\/7652"}],"wp:attachment":[{"href":"https:\/\/waldkindergarten-berglen.de\/index.php?rest_route=%2Fwp%2Fv2%2Fmedia&parent=5329"}],"wp:term":[{"taxonomy":"category","embeddable":true,"href":"https:\/\/waldkindergarten-berglen.de\/index.php?rest_route=%2Fwp%2Fv2%2Fcategories&post=5329"},{"taxonomy":"post_tag","embeddable":true,"href":"https:\/\/waldkindergarten-berglen.de\/index.php?rest_route=%2Fwp%2Fv2%2Ftags&post=5329"}],"curies":[{"name":"wp","href":"https:\/\/api.w.org\/{rel}","templated":true}]}}