{"id":5457,"date":"2019-10-14T08:00:39","date_gmt":"2019-10-14T06:00:39","guid":{"rendered":"http:\/\/waldkindergarten-berglen.de\/?p=5457"},"modified":"2019-10-14T08:00:39","modified_gmt":"2019-10-14T06:00:39","slug":"weil-du-anders-bist-als-ich-mag-ich-dich-magst-du-mich","status":"publish","type":"post","link":"https:\/\/waldkindergarten-berglen.de\/?p=5457","title":{"rendered":"Weil du anders bist als ich \u2013 mag ich dich, magst du mich"},"content":{"rendered":"\n<figure class=\"wp-block-image\"><img decoding=\"async\" src=\"https:\/\/waldkindergarten-berglen.de\/wp-content\/uploads\/2019\/10\/Blumenmandala-1024x768.jpg\" alt=\"\" class=\"wp-image-5458\" \/><\/figure>\n\n\n\n<p>Wer in den letzten Wochen im Kottweiler Wald unterwegs war, der hat vielleicht die ein oder andere Spur unserer Waldkinder entdecken k\u00f6nnen. Das Thema \u201eDas bin ich\u201c besch\u00e4ftigt die Kinder nun seit einer ganzen Weile und als Einstimmung durften unsere Wichtel eine von unserer Erzieherin Sandra vorbereitete Blume aus \u00c4sten gestalten. Jedes Kind schm\u00fcckte ein Bl\u00fctenblatt f\u00fcr ein anderes Kind und siehe da \u2013 ein richtiges Kunstwerk entstand. Jedes Blatt war anders, aber auf seine Art besonders und gemeinsam wundersch\u00f6n. Mit Blumen ging es dann auch weiter. Jedes Kind durfte seine engsten Freunde nennen und gemeinsam mit diesen wurde f\u00fcr das Ich-Buch des Kindes eine Blume gestaltet. Auf deren Bl\u00fctenbl\u00e4ttern stehen nun die von den Freunden genannten Eigenschaften und Besonderheiten, die dieses Kind ausmachen.<\/p>\n\n\n\n<p><em>\u201eWeil du anders bist als ich &#8211; mag ich dich, magst du mich. <\/em><\/p>\n\n\n\n<p><em>Drum m\u00f6gen wir uns immerzu \u2013 wir beiden, ich und du. <\/em><\/p>\n\n\n\n<p><em>Du siehst anders aus als ich \u2013 das kann doch jeder sehn. <\/em><\/p>\n\n\n\n<p><em>Und daher kommts dass du und ich \u2013 uns grad so gut verstehn. <\/em><\/p>\n\n\n\n<p><em>Weil du anders sprichst als ich \u2013 drum kann es schon geschehn.<\/em> <\/p>\n\n\n\n<p><em>Dass wir uns ohne Worte \u2013 genauso gut verstehn.\u201c <\/em><\/p>\n\n\n\n<p>So singen die Kindergartenkinder ihr neu gelerntes Lied. Dass auch unsere Stimme uns aus macht, lernten die Kinder beim lustigen Spiel \u201eRadio Radio\u201c. Hierbei verl\u00e4sst ein Kind den Kreis mit geschlossenen Augen und ein anderes Kind schl\u00fcpft unter eine Decke und spielt \u201eRadio\u201c. Hierbei wurden unsere Wichtel sehr kreativ und das \u201eRadio\u201c sang zum Beispiel Lieder oder machte eine Ansage \u00fcber das Wetter oder den Verkehr. Nun musste erraten werden, welches Kind unter der Decke steckt.<\/p>\n\n\n\n<figure class=\"wp-block-image\"><img decoding=\"async\" src=\"https:\/\/waldkindergarten-berglen.de\/wp-content\/uploads\/2019\/10\/Fuchsschule-1024x768.jpg\" alt=\"\" class=\"wp-image-5459\" \/><figcaption>Unsere gro\u00dfen F\u00fcchse trauen sich schon, sich selbst vorzustellen<\/figcaption><\/figure>\n\n\n\n<p>Und endlich mit gro\u00dfer Spannung erwartet, startete auch\ndieses Jahr die Fuchsschule f\u00fcr unsere gro\u00dfen Vorsch\u00fcler. Im Wald wurden sie\nvon der Handpuppe, dem gro\u00dfen Fuchs begr\u00fc\u00dft. Die erste Pr\u00fcfung wartete auch\nschon. Durch eine gro\u00dfe Spirale durften die F\u00fcchse in die Mitte gehen und ein\nMedaillon mit ihrem Anfangsbuchstaben heraussuchen. Da Wichtel und Zwerge\ngemeinsam die Fuchsschule besuchen, stellten sich die Kinder im Kreis den\nanderen vor. Es wurden viele Spiele zum Kennenlernen gespielt. Unsere\nPraktikantin Antonia brachte ein ganz besonderes Partnerspiel mit: Immer zwei\nKinder unterschiedlicher Gruppen erhalten gleiche Gegenst\u00e4nde und halten sie\nverborgen hinter ihren R\u00fccken. Die Kinder stellen sich in zwei Reihen gegen\u00fcber\nauf. Ein Kind beschreibt nun seinen Gegenstand dem Partner. Nun galt es zu\n\u00fcberlegen, habe ich den Gleichen? Nach so einem spannenden Vormittag holten die\nEltern ihre gro\u00dfen, gl\u00fccklichen und heute besonders stolzen F\u00fcchse am Parkplatz\nab. <\/p>\n\n\n\n<figure class=\"wp-block-image\"><img decoding=\"async\" src=\"https:\/\/waldkindergarten-berglen.de\/wp-content\/uploads\/2019\/10\/Partnerspiel-1024x768.jpg\" alt=\"\" class=\"wp-image-5460\" \/><figcaption>Na, wer beschreibt den gleichen Gegenstand?<\/figcaption><\/figure>\n\n\n\n<p><strong>Wussten Sie schon?<\/strong> Einige Waldeltern haben in den letzten Tagen unterk\u00fchlte oder verletzte Igel im Garten oder unterwegs gefunden. Sorgen Sie in Ihren G\u00e4rten doch f\u00fcr etwas Wasser und Unterschlupf. Verletzte, kranke und sehr leichte Igel (unter 300g) brauchen unsere Hilfe. In Berglen befindet sich die Tierstation ARCHE, die diese Woche schon einen Igel aus dem Kottweiler Wald gerettet hat. Vielen Dank daf\u00fcr!<\/p>\n","protected":false},"excerpt":{"rendered":"<p>Wer in den letzten Wochen im Kottweiler Wald unterwegs war, der hat vielleicht die ein oder andere Spur unserer Waldkinder entdecken k\u00f6nnen. Das Thema \u201eDas bin ich\u201c besch\u00e4ftigt die Kinder nun seit einer ganzen Weile und als Einstimmung durften unsere Wichtel eine von unserer Erzieherin Sandra vorbereitete Blume aus \u00c4sten gestalten. Jedes Kind schm\u00fcckte ein&hellip; <a href=\"https:\/\/waldkindergarten-berglen.de\/?p=5457\" class=\"more-link\">Weiterlesen <span class=\"screen-reader-text\">Weil du anders bist als ich \u2013 mag ich dich, magst du mich<\/span><\/a><\/p>\n","protected":false},"author":6,"featured_media":0,"comment_status":"closed","ping_status":"closed","sticky":false,"template":"","format":"standard","meta":{"ngg_post_thumbnail":0,"_jetpack_memberships_contains_paid_content":false,"footnotes":""},"categories":[3],"tags":[],"class_list":["post-5457","post","type-post","status-publish","format-standard","hentry","category-berichte"],"jetpack_featured_media_url":"","jetpack_sharing_enabled":true,"_links":{"self":[{"href":"https:\/\/waldkindergarten-berglen.de\/index.php?rest_route=\/wp\/v2\/posts\/5457","targetHints":{"allow":["GET"]}}],"collection":[{"href":"https:\/\/waldkindergarten-berglen.de\/index.php?rest_route=\/wp\/v2\/posts"}],"about":[{"href":"https:\/\/waldkindergarten-berglen.de\/index.php?rest_route=\/wp\/v2\/types\/post"}],"author":[{"embeddable":true,"href":"https:\/\/waldkindergarten-berglen.de\/index.php?rest_route=\/wp\/v2\/users\/6"}],"replies":[{"embeddable":true,"href":"https:\/\/waldkindergarten-berglen.de\/index.php?rest_route=%2Fwp%2Fv2%2Fcomments&post=5457"}],"version-history":[{"count":0,"href":"https:\/\/waldkindergarten-berglen.de\/index.php?rest_route=\/wp\/v2\/posts\/5457\/revisions"}],"wp:attachment":[{"href":"https:\/\/waldkindergarten-berglen.de\/index.php?rest_route=%2Fwp%2Fv2%2Fmedia&parent=5457"}],"wp:term":[{"taxonomy":"category","embeddable":true,"href":"https:\/\/waldkindergarten-berglen.de\/index.php?rest_route=%2Fwp%2Fv2%2Fcategories&post=5457"},{"taxonomy":"post_tag","embeddable":true,"href":"https:\/\/waldkindergarten-berglen.de\/index.php?rest_route=%2Fwp%2Fv2%2Ftags&post=5457"}],"curies":[{"name":"wp","href":"https:\/\/api.w.org\/{rel}","templated":true}]}}