{"id":5463,"date":"2019-10-14T08:00:09","date_gmt":"2019-10-14T06:00:09","guid":{"rendered":"http:\/\/waldkindergarten-berglen.de\/?p=5463"},"modified":"2022-06-19T22:37:58","modified_gmt":"2022-06-19T20:37:58","slug":"neues-aus-der-waldspielgruppe-kw-41-2","status":"publish","type":"post","link":"https:\/\/waldkindergarten-berglen.de\/?p=5463","title":{"rendered":"Neues aus der Waldspielgruppe KW 41"},"content":{"rendered":"\n<p><em>\u201eWenn der frische Herbstwind weht geh ich auf die Felder, schicke meinen Drachen hoch \u00fcber alle W\u00e4lder und er wackelt mit dem Ohr wackelt mit dem Schw\u00e4nzchen\u2026\u201c<\/em><\/p>\n\n\n\n<p>Wieder begleitete uns, passend zum Herbst, das Thema Wind in unserem Morgenkreis. In einem Lied \u00fcber den Wind h\u00f6rten wir, wie er die Bl\u00e4tter zum Tanzen weckt. Gemeinsam wurde dies dann auch ausprobiert. In einem gro\u00dfen Tuch lie\u00dfen wir viele bunte Bl\u00e4tter raschelnd tanzen. Erst langsam und dann so wild, bis kein Blatt mehr im Tuch war.<\/p>\n\n\n\n<p>Auch im Wald gab es f\u00fcr uns wieder viel zu entdecken. Dieses Mal ging es zum Vesper zur\u00fcck aufs St\u00fcckle. Nachdem sich alle wieder gest\u00e4rkt hatten, durfte sich jeder einen kleinen Drachen basteln. Beim Schneiden waren alle mit gro\u00dfer Freude dabei, jeder durfte sich viele bunte Schnipsel schneiden und damit eine WC-Rolle bekleben. Nun kamen nur noch raschelnde B\u00e4nder, Schnur und ein Stock daran und los gings zum Drachensteigen.<\/p>\n\n\n\n<figure class=\"wp-block-image\"><img loading=\"lazy\" decoding=\"async\" width=\"768\" height=\"1024\" src=\"http:\/\/waldkindergarten-berglen.de\/wp-content\/uploads\/2019\/10\/Flei\u00dfig-wird-geschnitten-e1570985668667-1-768x1024.jpg\" alt=\"\" class=\"wp-image-5464\" srcset=\"https:\/\/waldkindergarten-berglen.de\/wp-content\/uploads\/2019\/10\/Flei\u00dfig-wird-geschnitten-e1570985668667-1-768x1024.jpg 768w, https:\/\/waldkindergarten-berglen.de\/wp-content\/uploads\/2019\/10\/Flei\u00dfig-wird-geschnitten-e1570985668667-1-225x300.jpg 225w, https:\/\/waldkindergarten-berglen.de\/wp-content\/uploads\/2019\/10\/Flei\u00dfig-wird-geschnitten-e1570985668667-1-1152x1536.jpg 1152w, https:\/\/waldkindergarten-berglen.de\/wp-content\/uploads\/2019\/10\/Flei\u00dfig-wird-geschnitten-e1570985668667-1-1536x2048.jpg 1536w, https:\/\/waldkindergarten-berglen.de\/wp-content\/uploads\/2019\/10\/Flei\u00dfig-wird-geschnitten-e1570985668667-1-1200x1600.jpg 1200w, https:\/\/waldkindergarten-berglen.de\/wp-content\/uploads\/2019\/10\/Flei\u00dfig-wird-geschnitten-e1570985668667-1-1980x2640.jpg 1980w, https:\/\/waldkindergarten-berglen.de\/wp-content\/uploads\/2019\/10\/Flei\u00dfig-wird-geschnitten-e1570985668667-1-scaled.jpg 1920w\" sizes=\"auto, (max-width: 768px) 100vw, 768px\" \/><figcaption>Flei\u00dfig wird geschnitten<\/figcaption><\/figure>\n\n\n\n<figure class=\"wp-block-image\"><img decoding=\"async\" src=\"https:\/\/waldkindergarten-berglen.de\/wp-content\/uploads\/2019\/10\/Mein-Drache-ist-fertig-768x1024.jpg\" alt=\"\" class=\"wp-image-5465\"\/><figcaption>Mein Drachen ist fertig!<\/figcaption><\/figure>\n","protected":false},"excerpt":{"rendered":"<p>\u201eWenn der frische Herbstwind weht geh ich auf die Felder, schicke meinen Drachen hoch \u00fcber alle W\u00e4lder und er wackelt mit dem Ohr wackelt mit dem Schw\u00e4nzchen\u2026\u201c Wieder begleitete uns, passend zum Herbst, das Thema Wind in unserem Morgenkreis. In einem Lied \u00fcber den Wind h\u00f6rten wir, wie er die Bl\u00e4tter zum Tanzen weckt. Gemeinsam&hellip; <a href=\"https:\/\/waldkindergarten-berglen.de\/?p=5463\" class=\"more-link\">Weiterlesen <span class=\"screen-reader-text\">Neues aus der Waldspielgruppe KW 41<\/span><\/a><\/p>\n","protected":false},"author":5,"featured_media":0,"comment_status":"closed","ping_status":"closed","sticky":false,"template":"","format":"standard","meta":{"ngg_post_thumbnail":0,"_jetpack_memberships_contains_paid_content":false,"footnotes":""},"categories":[9,8],"tags":[],"class_list":["post-5463","post","type-post","status-publish","format-standard","hentry","category-waldspielgruppenberichte-2018-2021","category-waldspielgruppe"],"jetpack_featured_media_url":"","jetpack_sharing_enabled":true,"_links":{"self":[{"href":"https:\/\/waldkindergarten-berglen.de\/index.php?rest_route=\/wp\/v2\/posts\/5463","targetHints":{"allow":["GET"]}}],"collection":[{"href":"https:\/\/waldkindergarten-berglen.de\/index.php?rest_route=\/wp\/v2\/posts"}],"about":[{"href":"https:\/\/waldkindergarten-berglen.de\/index.php?rest_route=\/wp\/v2\/types\/post"}],"author":[{"embeddable":true,"href":"https:\/\/waldkindergarten-berglen.de\/index.php?rest_route=\/wp\/v2\/users\/5"}],"replies":[{"embeddable":true,"href":"https:\/\/waldkindergarten-berglen.de\/index.php?rest_route=%2Fwp%2Fv2%2Fcomments&post=5463"}],"version-history":[{"count":1,"href":"https:\/\/waldkindergarten-berglen.de\/index.php?rest_route=\/wp\/v2\/posts\/5463\/revisions"}],"predecessor-version":[{"id":6867,"href":"https:\/\/waldkindergarten-berglen.de\/index.php?rest_route=\/wp\/v2\/posts\/5463\/revisions\/6867"}],"wp:attachment":[{"href":"https:\/\/waldkindergarten-berglen.de\/index.php?rest_route=%2Fwp%2Fv2%2Fmedia&parent=5463"}],"wp:term":[{"taxonomy":"category","embeddable":true,"href":"https:\/\/waldkindergarten-berglen.de\/index.php?rest_route=%2Fwp%2Fv2%2Fcategories&post=5463"},{"taxonomy":"post_tag","embeddable":true,"href":"https:\/\/waldkindergarten-berglen.de\/index.php?rest_route=%2Fwp%2Fv2%2Ftags&post=5463"}],"curies":[{"name":"wp","href":"https:\/\/api.w.org\/{rel}","templated":true}]}}