{"id":5552,"date":"2019-11-25T08:00:00","date_gmt":"2019-11-25T06:00:00","guid":{"rendered":"http:\/\/waldkindergarten-berglen.de\/?p=5552"},"modified":"2020-04-12T23:22:05","modified_gmt":"2020-04-12T21:22:05","slug":"die-laterne-hat-heut-ihren-grossen-tag","status":"publish","type":"post","link":"https:\/\/waldkindergarten-berglen.de\/?p=5552","title":{"rendered":"Die Laterne hat heut ihren gro\u00dfen Tag"},"content":{"rendered":"\n<p>Wer am Tag nach Sankt Martin abends durch den Kottweiler Wald spazierte,\nder konnte es vielleicht f\u00fchlen: Eine ganz besondere Stimmung lag in der Luft\nund aus der Ferne klangen Kinderstimmen, die Laternenlieder sangen.<\/p>\n\n\n\n<p>Auf dem St\u00fcckle gab es zun\u00e4chst in gem\u00fctlicher Runde LKWs, Butterbrezeln und Punsch. Als dann die Fl\u00f6te erklang, machten sich Erzieherinnen, Eltern, Kindikinder und nat\u00fcrlich auch Geschwisterkinder auf in den Wald. Diesen hatten unsere F\u00fcchse am Morgen sogar gekehrt, sodass niemand \u00fcber St\u00f6cke stolpern musste. An der ersten Station sammelten sich alle um einen liebevoll dekorierten Baumstamm und sangen das erste Lied: Der Mond ist aufgegangen. Und tats\u00e4chlich, hinter den Wolken spickelte er kurz hervor. Unsere Erzieherinnen hatten ein kleines Liederheftchen vorbereitet, sodass auch wirklich alle mitsingen konnten.<\/p>\n\n\n\n<figure class=\"wp-block-image size-large\"><img decoding=\"async\" src=\"https:\/\/waldkindergarten-berglen.de\/wp-content\/uploads\/2019\/11\/Schattenspiel1-768x1024.jpg\" alt=\"\" class=\"wp-image-5553\"\/><\/figure>\n\n\n\n<p>Weiter ging es zur dicken Berta. Dort wartete ein Schattenspiel. Der Klassiker vom dicken, fetten Pfannkuchen kam in dieser Atmosph\u00e4re besonders zur Geltung. Nach Ende des Schattentheaters gab es endlich die Laternen. Jedes Kind bekam seine einzeln \u00fcberreicht \u2013 und zwar mit echter Kerze. Da hie\u00df es achtsam gehen, damit die Laterne auch nicht verbrennt. Wundersch\u00f6n leuchteten die Laternen, dieses Jahr wie Fackeln am Stock. Die Menge setzte sich langsam in Bewegung und immer wieder gab es einen gemeinsamen Kreis um eine beleuchtete Mitte, in dem gesungen wurde.<\/p>\n\n\n\n<figure class=\"wp-block-image size-large\"><img decoding=\"async\" src=\"https:\/\/waldkindergarten-berglen.de\/wp-content\/uploads\/2019\/11\/Laterne-1-1024x768.jpg\" alt=\"\" class=\"wp-image-5557\"\/><figcaption>Die Zwergengruppe lief in der D\u00e4mmerung<\/figcaption><\/figure>\n\n\n\n<p>Auch das selbst gedichtete Lied zur Melodie von \u201eVon den blauen Bergen kommen wir\u201c erklang: \u201eDie Laterne hat heut ihren gro\u00dfen Tag!\u201c Und das hatte sie wirklich! Vielen Dank an unsere Erzieherinnen, die den ganzen Tag im Wald verbrachten und auch schon Wochen zuvor mit Vorbereitungen besch\u00e4ftigt waren. Es war ein wundersch\u00f6nes Fest. Und auch vielen Dank an den Elternbeirat f\u00fcr die Verpflegung.<\/p>\n\n\n\n<figure class=\"wp-block-image size-large\"><img decoding=\"async\" src=\"\/wp-content\/uploads\/2019\/11\/Laternenlauf1-1-scaled-1-1024x768.jpg\" alt=\"\" class=\"wp-image-5558\"\/><figcaption>Die Wichtel bestaunten ihre Laternen in der Dunkelheit<\/figcaption><\/figure>\n\n\n\n<p><strong>Wussten Sie schon?<\/strong><\/p>\n\n\n\n<p>Alle Jahre wieder: Unmengen von\nB\u00e4umen werden abgeholzt, um f\u00fcr einige Tage geschm\u00fcckt im Wohnzimmer zu stehen.\nGeht auch anders? Ja! Mit dem Tannenbaum zum Mieten. Im Topf zieht der Baum samt\nPflegeanleitung f\u00fcr eine Mietgeb\u00fchr \u00fcber die Weihnachtsfeiertage ein und dann\nzur\u00fcck zur Baumschule oder zum F\u00f6rster. Auch hier in der N\u00e4he!<\/p>\n","protected":false},"excerpt":{"rendered":"<p>Wer am Tag nach Sankt Martin abends durch den Kottweiler Wald spazierte, der konnte es vielleicht f\u00fchlen: Eine ganz besondere Stimmung lag in der Luft und aus der Ferne klangen Kinderstimmen, die Laternenlieder sangen. Auf dem St\u00fcckle gab es zun\u00e4chst in gem\u00fctlicher Runde LKWs, Butterbrezeln und Punsch. Als dann die Fl\u00f6te erklang, machten sich Erzieherinnen,&hellip; <a href=\"https:\/\/waldkindergarten-berglen.de\/?p=5552\" class=\"more-link\">Weiterlesen <span class=\"screen-reader-text\">Die Laterne hat heut ihren gro\u00dfen Tag<\/span><\/a><\/p>\n","protected":false},"author":6,"featured_media":0,"comment_status":"closed","ping_status":"closed","sticky":false,"template":"","format":"standard","meta":{"ngg_post_thumbnail":0,"_jetpack_memberships_contains_paid_content":false,"footnotes":""},"categories":[3],"tags":[],"class_list":["post-5552","post","type-post","status-publish","format-standard","hentry","category-berichte"],"jetpack_featured_media_url":"","jetpack_sharing_enabled":true,"_links":{"self":[{"href":"https:\/\/waldkindergarten-berglen.de\/index.php?rest_route=\/wp\/v2\/posts\/5552","targetHints":{"allow":["GET"]}}],"collection":[{"href":"https:\/\/waldkindergarten-berglen.de\/index.php?rest_route=\/wp\/v2\/posts"}],"about":[{"href":"https:\/\/waldkindergarten-berglen.de\/index.php?rest_route=\/wp\/v2\/types\/post"}],"author":[{"embeddable":true,"href":"https:\/\/waldkindergarten-berglen.de\/index.php?rest_route=\/wp\/v2\/users\/6"}],"replies":[{"embeddable":true,"href":"https:\/\/waldkindergarten-berglen.de\/index.php?rest_route=%2Fwp%2Fv2%2Fcomments&post=5552"}],"version-history":[{"count":2,"href":"https:\/\/waldkindergarten-berglen.de\/index.php?rest_route=\/wp\/v2\/posts\/5552\/revisions"}],"predecessor-version":[{"id":6572,"href":"https:\/\/waldkindergarten-berglen.de\/index.php?rest_route=\/wp\/v2\/posts\/5552\/revisions\/6572"}],"wp:attachment":[{"href":"https:\/\/waldkindergarten-berglen.de\/index.php?rest_route=%2Fwp%2Fv2%2Fmedia&parent=5552"}],"wp:term":[{"taxonomy":"category","embeddable":true,"href":"https:\/\/waldkindergarten-berglen.de\/index.php?rest_route=%2Fwp%2Fv2%2Fcategories&post=5552"},{"taxonomy":"post_tag","embeddable":true,"href":"https:\/\/waldkindergarten-berglen.de\/index.php?rest_route=%2Fwp%2Fv2%2Ftags&post=5552"}],"curies":[{"name":"wp","href":"https:\/\/api.w.org\/{rel}","templated":true}]}}