{"id":6701,"date":"2020-06-15T08:00:00","date_gmt":"2020-06-15T06:00:00","guid":{"rendered":"http:\/\/waldkindergarten-berglen.de\/?p=6701"},"modified":"2020-06-14T21:09:48","modified_gmt":"2020-06-14T19:09:48","slug":"wir-suchen-verstaerkung","status":"publish","type":"post","link":"https:\/\/waldkindergarten-berglen.de\/?p=6701","title":{"rendered":"Wir suchen Verst\u00e4rkung"},"content":{"rendered":"\n<figure class=\"wp-block-image size-large\"><img loading=\"lazy\" decoding=\"async\" width=\"1024\" height=\"576\" src=\"https:\/\/waldkindergarten-berglen.de\/wp-content\/uploads\/2020\/06\/Kinder-im-Wald-1024x576.jpg\" alt=\"\" class=\"wp-image-6702\" srcset=\"https:\/\/waldkindergarten-berglen.de\/wp-content\/uploads\/2020\/06\/Kinder-im-Wald-1024x576.jpg 1024w, https:\/\/waldkindergarten-berglen.de\/wp-content\/uploads\/2020\/06\/Kinder-im-Wald-300x169.jpg 300w, https:\/\/waldkindergarten-berglen.de\/wp-content\/uploads\/2020\/06\/Kinder-im-Wald-768x432.jpg 768w, https:\/\/waldkindergarten-berglen.de\/wp-content\/uploads\/2020\/06\/Kinder-im-Wald-1536x864.jpg 1536w, https:\/\/waldkindergarten-berglen.de\/wp-content\/uploads\/2020\/06\/Kinder-im-Wald-982x552.jpg 982w, https:\/\/waldkindergarten-berglen.de\/wp-content\/uploads\/2020\/06\/Kinder-im-Wald-400x225.jpg 400w, https:\/\/waldkindergarten-berglen.de\/wp-content\/uploads\/2020\/06\/Kinder-im-Wald.jpg 1600w\" sizes=\"auto, (max-width: 1024px) 100vw, 1024px\" \/><\/figure>\n\n\n\n<p>Liebe Leserinnen und Leser, da in der Ferienzeit nichts Neues zu berichten ist, m\u00f6chten wir den Raum gerne nutzen und euch direkt ansprechen. Ja, richtig gelesen, bei uns im Wald duzen wir uns. Vielleicht liegt es daran, dass wir uns wie eine gro\u00dfe Familie f\u00fchlen.<\/p>\n\n\n\n<p>\u00dcber unsere p\u00e4dagogische Arbeit informieren wir an dieser Stelle regelm\u00e4\u00dfig, deshalb kennt ihr euch ja bestimmt schon gut aus. F\u00fcr diejenigen von euch, die sich immer dachten, das ist ja traumhaft \u2013 und ja das ist es wirklich &#8211; jetzt gibt es die Gelegenheit, dazu zu geh\u00f6ren.<\/p>\n\n\n\n<p>Wir suchen Verst\u00e4rkung f\u00fcr unser p\u00e4dagogisches Team. Wenn du dich n\u00e4her informieren m\u00f6chtest, hier <\/p>\n\n\n\n<p><a href=\"https:\/\/waldkindergarten-berglen.de\/wp-content\/uploads\/2020\/06\/StellenausschreibungWaldkindergartenBerglenJuni2020.pdf\">https:\/\/waldkindergarten-berglen.de\/wp-content\/uploads\/2020\/06\/StellenausschreibungWaldkindergartenBerglenJuni2020.pdf<\/a><\/p>\n\n\n\n<p> findest du die Stellenanzeige. Ach ja, wetterfest solltest du schon sein, daf\u00fcr sind alle Schulferien frei.<\/p>\n\n\n\n<p>Wir freuen uns auf dich und deine Bewerbung!<\/p>\n\n\n\n<figure class=\"wp-block-image size-large\"><img loading=\"lazy\" decoding=\"async\" width=\"1024\" height=\"768\" src=\"https:\/\/waldkindergarten-berglen.de\/wp-content\/uploads\/2020\/06\/Matsch-1024x768.jpg\" alt=\"\" class=\"wp-image-6703\" srcset=\"https:\/\/waldkindergarten-berglen.de\/wp-content\/uploads\/2020\/06\/Matsch-1024x768.jpg 1024w, https:\/\/waldkindergarten-berglen.de\/wp-content\/uploads\/2020\/06\/Matsch-300x225.jpg 300w, https:\/\/waldkindergarten-berglen.de\/wp-content\/uploads\/2020\/06\/Matsch-768x576.jpg 768w, https:\/\/waldkindergarten-berglen.de\/wp-content\/uploads\/2020\/06\/Matsch-1536x1152.jpg 1536w, https:\/\/waldkindergarten-berglen.de\/wp-content\/uploads\/2020\/06\/Matsch-2048x1536.jpg 2048w, https:\/\/waldkindergarten-berglen.de\/wp-content\/uploads\/2020\/06\/Matsch-982x737.jpg 982w, https:\/\/waldkindergarten-berglen.de\/wp-content\/uploads\/2020\/06\/Matsch-400x300.jpg 400w\" sizes=\"auto, (max-width: 1024px) 100vw, 1024px\" \/><\/figure>\n\n\n\n<p><strong>Wussten Sie schon?<\/strong><\/p>\n\n\n\n<p>V\u00f6gel schlafen gar nicht in ihren Nestern. Die Nester benutzen unsere gefiederten Freunde nur zum Br\u00fcten und zur Aufzucht der Jungen. Aber wo schlafen die V\u00f6gel dann? Jede Art hat ihre Vorlieben, Spatzen schlafen z.B. gemeinsam im Schutz von dichten Hecken und B\u00fcschen, Greifv\u00f6gel eher in gro\u00dfen B\u00e4umen. Bodenbr\u00fcter, wie etwa die Feldlerche verbringt die Nacht am Boden. Der Mauersegler und der Fregattvogel hingegen k\u00f6nnen sogar im Flug schlafen. (Quelle: Frag Kosmos)<\/p>\n","protected":false},"excerpt":{"rendered":"<p>Liebe Leserinnen und Leser, da in der Ferienzeit nichts Neues zu berichten ist, m\u00f6chten wir den Raum gerne nutzen und euch direkt ansprechen. Ja, richtig gelesen, bei uns im Wald duzen wir uns. Vielleicht liegt es daran, dass wir uns wie eine gro\u00dfe Familie f\u00fchlen. \u00dcber unsere p\u00e4dagogische Arbeit informieren wir an dieser Stelle regelm\u00e4\u00dfig,&hellip; <a href=\"https:\/\/waldkindergarten-berglen.de\/?p=6701\" class=\"more-link\">Weiterlesen <span class=\"screen-reader-text\">Wir suchen Verst\u00e4rkung<\/span><\/a><\/p>\n","protected":false},"author":6,"featured_media":0,"comment_status":"closed","ping_status":"closed","sticky":false,"template":"","format":"standard","meta":{"ngg_post_thumbnail":0,"_jetpack_memberships_contains_paid_content":false,"footnotes":""},"categories":[3],"tags":[],"class_list":["post-6701","post","type-post","status-publish","format-standard","hentry","category-berichte"],"jetpack_featured_media_url":"","jetpack_sharing_enabled":true,"_links":{"self":[{"href":"https:\/\/waldkindergarten-berglen.de\/index.php?rest_route=\/wp\/v2\/posts\/6701","targetHints":{"allow":["GET"]}}],"collection":[{"href":"https:\/\/waldkindergarten-berglen.de\/index.php?rest_route=\/wp\/v2\/posts"}],"about":[{"href":"https:\/\/waldkindergarten-berglen.de\/index.php?rest_route=\/wp\/v2\/types\/post"}],"author":[{"embeddable":true,"href":"https:\/\/waldkindergarten-berglen.de\/index.php?rest_route=\/wp\/v2\/users\/6"}],"replies":[{"embeddable":true,"href":"https:\/\/waldkindergarten-berglen.de\/index.php?rest_route=%2Fwp%2Fv2%2Fcomments&post=6701"}],"version-history":[{"count":1,"href":"https:\/\/waldkindergarten-berglen.de\/index.php?rest_route=\/wp\/v2\/posts\/6701\/revisions"}],"predecessor-version":[{"id":6704,"href":"https:\/\/waldkindergarten-berglen.de\/index.php?rest_route=\/wp\/v2\/posts\/6701\/revisions\/6704"}],"wp:attachment":[{"href":"https:\/\/waldkindergarten-berglen.de\/index.php?rest_route=%2Fwp%2Fv2%2Fmedia&parent=6701"}],"wp:term":[{"taxonomy":"category","embeddable":true,"href":"https:\/\/waldkindergarten-berglen.de\/index.php?rest_route=%2Fwp%2Fv2%2Fcategories&post=6701"},{"taxonomy":"post_tag","embeddable":true,"href":"https:\/\/waldkindergarten-berglen.de\/index.php?rest_route=%2Fwp%2Fv2%2Ftags&post=6701"}],"curies":[{"name":"wp","href":"https:\/\/api.w.org\/{rel}","templated":true}]}}