{"id":6724,"date":"2020-07-20T08:00:00","date_gmt":"2020-07-20T06:00:00","guid":{"rendered":"http:\/\/waldkindergarten-berglen.de\/?p=6724"},"modified":"2020-07-19T19:56:27","modified_gmt":"2020-07-19T17:56:27","slug":"ueber-stock-und-stein","status":"publish","type":"post","link":"https:\/\/waldkindergarten-berglen.de\/?p=6724","title":{"rendered":"\u00dcber Stock und Stein"},"content":{"rendered":"\n<p>Wer kennt es nicht \u2013 geht man mit Kindern in den Wald, dauert es zumeist nicht lange, da h\u00e4lt das erste Kind einen Stock in der Hand. Doch warum ist das so? Es muss in unserer Geschichte eine wichtige Rolle gespielt haben. Der Stock diente uns als Waffe, aber auch als Werkzeug, um zum Beispiel zu pr\u00fcfen, ob sich in einem Geb\u00fcsch Schlangen verstecken oder wie tief ein Wasser ist. So erkl\u00e4rt sich manch kindliches Verhalten.<\/p>\n\n\n\n<p>Diese Woche wurde sprichw\u00f6rtlich der Stab an unsere F\u00fcchse weitergegeben: Sie durften jeweils einen Tag in die Rolle der Erzieher*innen schl\u00fcpfen und den Morgenkreis gestalten. Hier achten sie darauf, dass die Regeln eingehalten werden, sie d\u00fcrfen aber auch Spiele ausw\u00e4hlen und Kinder aufrufen. Welch sch\u00f6ne Art um Verantwortung zu lernen.<\/p>\n\n\n\n<figure class=\"wp-block-image size-large\"><img loading=\"lazy\" decoding=\"async\" width=\"768\" height=\"1024\" src=\"https:\/\/waldkindergarten-berglen.de\/wp-content\/uploads\/2020\/07\/Stocksch\u00e4tze-768x1024.jpg\" alt=\"\" class=\"wp-image-6725\" srcset=\"https:\/\/waldkindergarten-berglen.de\/wp-content\/uploads\/2020\/07\/Stocksch\u00e4tze-768x1024.jpg 768w, https:\/\/waldkindergarten-berglen.de\/wp-content\/uploads\/2020\/07\/Stocksch\u00e4tze-225x300.jpg 225w, https:\/\/waldkindergarten-berglen.de\/wp-content\/uploads\/2020\/07\/Stocksch\u00e4tze-1152x1536.jpg 1152w, https:\/\/waldkindergarten-berglen.de\/wp-content\/uploads\/2020\/07\/Stocksch\u00e4tze-1536x2048.jpg 1536w, https:\/\/waldkindergarten-berglen.de\/wp-content\/uploads\/2020\/07\/Stocksch\u00e4tze-982x1309.jpg 982w, https:\/\/waldkindergarten-berglen.de\/wp-content\/uploads\/2020\/07\/Stocksch\u00e4tze-300x400.jpg 300w, https:\/\/waldkindergarten-berglen.de\/wp-content\/uploads\/2020\/07\/Stocksch\u00e4tze-scaled.jpg 1920w\" sizes=\"auto, (max-width: 768px) 100vw, 768px\" \/><figcaption>So viele Sch\u00e4tze<\/figcaption><\/figure>\n\n\n\n<p>Wie in den letzten Berichten erw\u00e4hnt, werden die Schult\u00fcten der F\u00fcchse auch aus St\u00f6cken gefertigt. Die \u00c4ste der Weide dienen hierzu, denn sie sind besonders biegsam und leicht. Wer sich schon einmal einen Naturpinsel gemacht hat, sch\u00e4tzt auch das faserige Holz. F\u00fcr den Pinsel ein St\u00fcck Weide abschneiden, am Kopf die Rinde entfernen und dann mit einem Hammer weich klopfen.<\/p>\n\n\n\n<figure class=\"wp-block-image size-large\"><img loading=\"lazy\" decoding=\"async\" width=\"768\" height=\"1024\" src=\"https:\/\/waldkindergarten-berglen.de\/wp-content\/uploads\/2020\/07\/Stockh\u00fctte-768x1024.jpg\" alt=\"\" class=\"wp-image-6726\" srcset=\"https:\/\/waldkindergarten-berglen.de\/wp-content\/uploads\/2020\/07\/Stockh\u00fctte-768x1024.jpg 768w, https:\/\/waldkindergarten-berglen.de\/wp-content\/uploads\/2020\/07\/Stockh\u00fctte-225x300.jpg 225w, https:\/\/waldkindergarten-berglen.de\/wp-content\/uploads\/2020\/07\/Stockh\u00fctte-1152x1536.jpg 1152w, https:\/\/waldkindergarten-berglen.de\/wp-content\/uploads\/2020\/07\/Stockh\u00fctte-1536x2048.jpg 1536w, https:\/\/waldkindergarten-berglen.de\/wp-content\/uploads\/2020\/07\/Stockh\u00fctte-982x1309.jpg 982w, https:\/\/waldkindergarten-berglen.de\/wp-content\/uploads\/2020\/07\/Stockh\u00fctte-300x400.jpg 300w, https:\/\/waldkindergarten-berglen.de\/wp-content\/uploads\/2020\/07\/Stockh\u00fctte-scaled.jpg 1920w\" sizes=\"auto, (max-width: 768px) 100vw, 768px\" \/><\/figure>\n\n\n\n<p>Unserer Waldkinder sind ja wetterfest und so wurde der Regen in dieser Woche freudig begr\u00fc\u00dft. Da gibt es n\u00e4mlich immer herrliche Pf\u00fctzen und Matsch. Nach einigen Tagen kamen die Kinder jedoch auf die Idee, sich einen trockenen Unterschlupf zu bauen und so wurden gro\u00dfe St\u00e4be gesammelt und gemeinsam mit unserer Guste zu einem stattlichen Tipi drapiert. Dieses entstand an einem einzigen Vormittag. Toll Kinder, was ihr schon alles bauen k\u00f6nnt!<\/p>\n\n\n\n<p><strong>Wussten Sie schon?<\/strong><\/p>\n\n\n\n<p>St\u00f6cke und St\u00e4be \u00fcben seit jeher eine gro\u00dfe Faszination auf den Menschen aus. In seiner Entwicklung war der Mensch h\u00e4ufig auf St\u00f6cke angewiesen, wie zum Beispiel dem Feuerstab, den aus St\u00f6cken entstandenen ersten Waffen Speer oder Steinschleuder, aber auch als Insignien der Macht, als Hirtenstab oder Staffelstab. Viele der ersten Behausungen wurden aus St\u00f6cken oder sp\u00e4ter auf Pf\u00e4hlen gebaut. Das Stockma\u00df half als Ma\u00dfeinheit, aus St\u00f6cken entstanden Instrumente, Ger\u00e4te und auch viele Lieder und Sprichw\u00f6rter zeugen von der Bedeutung des Stocks in unserer Kultur. Kein Wunder also, dass die Waldkinder so gerne damit spielen.<\/p>\n","protected":false},"excerpt":{"rendered":"<p>Wer kennt es nicht \u2013 geht man mit Kindern in den Wald, dauert es zumeist nicht lange, da h\u00e4lt das erste Kind einen Stock in der Hand. Doch warum ist das so? Es muss in unserer Geschichte eine wichtige Rolle gespielt haben. Der Stock diente uns als Waffe, aber auch als Werkzeug, um zum Beispiel&hellip; <a href=\"https:\/\/waldkindergarten-berglen.de\/?p=6724\" class=\"more-link\">Weiterlesen <span class=\"screen-reader-text\">\u00dcber Stock und Stein<\/span><\/a><\/p>\n","protected":false},"author":6,"featured_media":0,"comment_status":"closed","ping_status":"closed","sticky":false,"template":"","format":"standard","meta":{"ngg_post_thumbnail":0,"_jetpack_memberships_contains_paid_content":false,"footnotes":""},"categories":[3],"tags":[],"class_list":["post-6724","post","type-post","status-publish","format-standard","hentry","category-berichte"],"jetpack_featured_media_url":"","jetpack_sharing_enabled":true,"_links":{"self":[{"href":"https:\/\/waldkindergarten-berglen.de\/index.php?rest_route=\/wp\/v2\/posts\/6724","targetHints":{"allow":["GET"]}}],"collection":[{"href":"https:\/\/waldkindergarten-berglen.de\/index.php?rest_route=\/wp\/v2\/posts"}],"about":[{"href":"https:\/\/waldkindergarten-berglen.de\/index.php?rest_route=\/wp\/v2\/types\/post"}],"author":[{"embeddable":true,"href":"https:\/\/waldkindergarten-berglen.de\/index.php?rest_route=\/wp\/v2\/users\/6"}],"replies":[{"embeddable":true,"href":"https:\/\/waldkindergarten-berglen.de\/index.php?rest_route=%2Fwp%2Fv2%2Fcomments&post=6724"}],"version-history":[{"count":2,"href":"https:\/\/waldkindergarten-berglen.de\/index.php?rest_route=\/wp\/v2\/posts\/6724\/revisions"}],"predecessor-version":[{"id":6728,"href":"https:\/\/waldkindergarten-berglen.de\/index.php?rest_route=\/wp\/v2\/posts\/6724\/revisions\/6728"}],"wp:attachment":[{"href":"https:\/\/waldkindergarten-berglen.de\/index.php?rest_route=%2Fwp%2Fv2%2Fmedia&parent=6724"}],"wp:term":[{"taxonomy":"category","embeddable":true,"href":"https:\/\/waldkindergarten-berglen.de\/index.php?rest_route=%2Fwp%2Fv2%2Fcategories&post=6724"},{"taxonomy":"post_tag","embeddable":true,"href":"https:\/\/waldkindergarten-berglen.de\/index.php?rest_route=%2Fwp%2Fv2%2Ftags&post=6724"}],"curies":[{"name":"wp","href":"https:\/\/api.w.org\/{rel}","templated":true}]}}