{"id":6789,"date":"2020-07-13T08:05:00","date_gmt":"2020-07-13T06:05:00","guid":{"rendered":"http:\/\/waldkindergarten-berglen.de\/?p=6789"},"modified":"2020-08-25T20:12:28","modified_gmt":"2020-08-25T18:12:28","slug":"reges-treiben-im-wald","status":"publish","type":"post","link":"https:\/\/waldkindergarten-berglen.de\/?p=6789","title":{"rendered":"Reges Treiben im Wald"},"content":{"rendered":"\n<p>Bereits im letzten Jahr \u00e4u\u00dferte Eli ihre Bedenken bez\u00fcglich des verwilderten Grundst\u00fccks am Parkplatz vor dem Spielplatz. \u00dcber die Gemeinde wurde der Besitzer kontaktiert und aufgefordert, die vom Umsturz gef\u00e4hrdeten B\u00e4ume zu entfernen. Da es sich bei dem Besitzer um einen alten Mann handelte, wurden die Forstarbeiter um Revierf\u00f6rster Harald Grass beauftragt, das Gebiet zu roden. Die Corona Pandemie verz\u00f6gerte dann den Einsatz aber vergangenen Samstag legte man gemeinsam los. Mit schwerem Ger\u00e4t wurde das Dickicht rund um den Spielplatz durch Forstwirt Steffen Dai\u00df gerodet und so der Treffpunkt des Waldkindergartens wieder sicher gemacht.<\/p>\n\n\n\n<figure class=\"wp-block-image size-large\"><img loading=\"lazy\" decoding=\"async\" width=\"1024\" height=\"768\" src=\"http:\/\/waldkindergarten-berglen.de\/wp-content\/uploads\/2020\/08\/Baumf\u00e4llarbeiten-am-Spielplatz-1024x768.jpg\" alt=\"Baumf\u00e4llarbeiten am Spielplatz\" class=\"wp-image-6792\" srcset=\"https:\/\/waldkindergarten-berglen.de\/wp-content\/uploads\/2020\/08\/Baumf\u00e4llarbeiten-am-Spielplatz-1024x768.jpg 1024w, https:\/\/waldkindergarten-berglen.de\/wp-content\/uploads\/2020\/08\/Baumf\u00e4llarbeiten-am-Spielplatz-300x225.jpg 300w, https:\/\/waldkindergarten-berglen.de\/wp-content\/uploads\/2020\/08\/Baumf\u00e4llarbeiten-am-Spielplatz-768x576.jpg 768w, https:\/\/waldkindergarten-berglen.de\/wp-content\/uploads\/2020\/08\/Baumf\u00e4llarbeiten-am-Spielplatz-1536x1152.jpg 1536w, https:\/\/waldkindergarten-berglen.de\/wp-content\/uploads\/2020\/08\/Baumf\u00e4llarbeiten-am-Spielplatz-982x737.jpg 982w, https:\/\/waldkindergarten-berglen.de\/wp-content\/uploads\/2020\/08\/Baumf\u00e4llarbeiten-am-Spielplatz-400x300.jpg 400w, https:\/\/waldkindergarten-berglen.de\/wp-content\/uploads\/2020\/08\/Baumf\u00e4llarbeiten-am-Spielplatz.jpg 1632w\" sizes=\"auto, (max-width: 1024px) 100vw, 1024px\" \/><figcaption>Baumf\u00e4llarbeiten am Spielplatz<\/figcaption><\/figure>\n\n\n\n<p>Die Kindergarteneltern halfen beim Aufr\u00e4umen des Gestr\u00fcpps. Au\u00dferdem wurde der Stamm am Parkplatz zur Begrenzung der Parkfl\u00e4che durch Christof Stiefel und Alexander Helmle neu hergestellt.<\/p>\n\n\n\n<p>Vielen Dank an das Forstteam f\u00fcr die gro\u00dfe Hilfe und die Unterst\u00fctzung durch Harald Grass, der uns immer mit Rat, Tat und Baumaterial zur Seite steht.<\/p>\n\n\n\n<p>Auch die Kinder waren in der vergangenen Woche wieder sehr flei\u00dfig. Die Schult\u00fcten wurden alle fertig gewebt und verziert, es wurde ganz viel geschnitzt und mit M\u00e4rchenwolle gebastelt. W\u00e4hrend der Abhol- und V\u00d6-Zeit stand den Kindern auf dem St\u00fcckle ein Maltisch zur Verf\u00fcgung, daran wurde auch jeden Tag flei\u00dfig gewerkelt.<br>So entstanden die tollsten Kunstwerke.<\/p>\n\n\n\n<p>Unser M\u00e4uschen Jannik hatte vergangene Woche seinen gro\u00dfen Tag, er wurde durch die Waldtaufe in die Kindergartengemeinschaft aufgenommen. Nun ist er endg\u00fcltig ein offizielles Waldkindergartenkind und ist bei den Zwergen bereits voll und ganz integriert und bestens im Wald angekommen.<\/p>\n\n\n\n<p>Auch der Fotografentermin konnte vergangene Woche stattfinden! Da war die Freude riesengro\u00df! Es wurde ein Gruppenbild gemacht und nat\u00fcrlich auch Einzelfotos. Und f\u00fcr alle, die sich mit dem L\u00e4cheln vor dem Objektiv etwas schwertaten, \u00fcbernahm unsere Mina die Animation hinter der Kamera des Fotografen. Sp\u00e4testens dann musste auch der sch\u00fcchternste Zwerg lachen und die Fotos wurden ein voller Erfolg.<br>Danke liebe Mina, durch deine Hilfe d\u00fcrfen wir uns auf fr\u00f6hliche, wundersch\u00f6ne Fotos freuen!<\/p>\n\n\n\n<figure class=\"wp-block-image size-large\"><img loading=\"lazy\" decoding=\"async\" width=\"768\" height=\"1024\" src=\"http:\/\/waldkindergarten-berglen.de\/wp-content\/uploads\/2020\/08\/Animateurin-Mina-M\u00fcnster-768x1024.jpg\" alt=\"Animateurin Mina M\u00fcnster\" class=\"wp-image-6791\" srcset=\"https:\/\/waldkindergarten-berglen.de\/wp-content\/uploads\/2020\/08\/Animateurin-Mina-M\u00fcnster-768x1024.jpg 768w, https:\/\/waldkindergarten-berglen.de\/wp-content\/uploads\/2020\/08\/Animateurin-Mina-M\u00fcnster-225x300.jpg 225w, https:\/\/waldkindergarten-berglen.de\/wp-content\/uploads\/2020\/08\/Animateurin-Mina-M\u00fcnster-300x400.jpg 300w, https:\/\/waldkindergarten-berglen.de\/wp-content\/uploads\/2020\/08\/Animateurin-Mina-M\u00fcnster.jpg 972w\" sizes=\"auto, (max-width: 768px) 100vw, 768px\" \/><figcaption>Animateurin Mina M\u00fcnster<\/figcaption><\/figure>\n\n\n\n<p>Es ist immer wieder sch\u00f6n zu sehen, wie die Kinder im Waldkindergarten zusammenhalten und wie hilfsbereit sie sind. Sobald ein Kind Hilfe braucht, sind alle gleich zur Stelle. Klagt jemand beispielsweise \u00fcber einen M\u00fcckenstich, so kommen von allen Richtungen Kinder mit Spitzwegerichbl\u00e4ttern angelaufen und k\u00fcmmern sich um ihren Freund.<\/p>\n\n\n\n<figure class=\"wp-block-image size-large\"><img loading=\"lazy\" decoding=\"async\" width=\"1024\" height=\"768\" src=\"http:\/\/waldkindergarten-berglen.de\/wp-content\/uploads\/2020\/08\/Spitzwegerich-und-Zuwendung-helfen-gegen-fast-alles-1024x768.jpg\" alt=\"Spitzwegerich und Zuwendung helfen gegen fast alles\" class=\"wp-image-6790\" srcset=\"https:\/\/waldkindergarten-berglen.de\/wp-content\/uploads\/2020\/08\/Spitzwegerich-und-Zuwendung-helfen-gegen-fast-alles-1024x768.jpg 1024w, https:\/\/waldkindergarten-berglen.de\/wp-content\/uploads\/2020\/08\/Spitzwegerich-und-Zuwendung-helfen-gegen-fast-alles-300x225.jpg 300w, https:\/\/waldkindergarten-berglen.de\/wp-content\/uploads\/2020\/08\/Spitzwegerich-und-Zuwendung-helfen-gegen-fast-alles-768x576.jpg 768w, https:\/\/waldkindergarten-berglen.de\/wp-content\/uploads\/2020\/08\/Spitzwegerich-und-Zuwendung-helfen-gegen-fast-alles-982x737.jpg 982w, https:\/\/waldkindergarten-berglen.de\/wp-content\/uploads\/2020\/08\/Spitzwegerich-und-Zuwendung-helfen-gegen-fast-alles-400x300.jpg 400w, https:\/\/waldkindergarten-berglen.de\/wp-content\/uploads\/2020\/08\/Spitzwegerich-und-Zuwendung-helfen-gegen-fast-alles.jpg 1296w\" sizes=\"auto, (max-width: 1024px) 100vw, 1024px\" \/><figcaption>Spitzwegerich und Zuwendung helfen gegen fast alles<\/figcaption><\/figure>\n\n\n\n<p>Durch so viel Aufmerksamkeit und liebevolle Zuwendung geht es dem Patienten gleich wieder gut.<\/p>\n\n\n\n<p><em>Wussten Sie schon<br>Der Spitzwegerich enth\u00e4lt viele Stoffe, die dem menschlichen K\u00f6rper guttun: Sie l\u00f6sen den Schleim bei Erk\u00e4ltungen oder helfen gegen Entz\u00fcndungen und Magen- Darm-Beschwerden. Die enthaltene Kiesels\u00e4ure st\u00e4rkt N\u00e4gel und Haare. Spitzwegerich kann, auf einen Insektenstich gerieben, den Juckreiz mildern. Und das sind nur einige seiner heilenden Kr\u00e4fte.<br>Auch kulinarisch kommt man beim Spitzwegerich auf seine Kosten. Die Bl\u00fcten sind essbar und erinnern in ihrem Geschmack an Pilze &#8211; sie k\u00f6nnen zum Beispiel als Schmorpfanne zubereitet werden. Die Samen haben eine nussiges Aroma und und wirken verdauungsf\u00f6rdernd.<\/em><\/p>\n","protected":false},"excerpt":{"rendered":"<p>Bereits im letzten Jahr \u00e4u\u00dferte Eli ihre Bedenken bez\u00fcglich des verwilderten Grundst\u00fccks am Parkplatz vor dem Spielplatz. \u00dcber die Gemeinde wurde der Besitzer kontaktiert und aufgefordert, die vom Umsturz gef\u00e4hrdeten B\u00e4ume zu entfernen. Da es sich bei dem Besitzer um einen alten Mann handelte, wurden die Forstarbeiter um Revierf\u00f6rster Harald Grass beauftragt, das Gebiet zu&hellip; <a href=\"https:\/\/waldkindergarten-berglen.de\/?p=6789\" class=\"more-link\">Weiterlesen <span class=\"screen-reader-text\">Reges Treiben im Wald<\/span><\/a><\/p>\n","protected":false},"author":7,"featured_media":0,"comment_status":"closed","ping_status":"closed","sticky":false,"template":"","format":"standard","meta":{"ngg_post_thumbnail":0,"_jetpack_memberships_contains_paid_content":false,"footnotes":""},"categories":[3],"tags":[],"class_list":["post-6789","post","type-post","status-publish","format-standard","hentry","category-berichte"],"jetpack_featured_media_url":"","jetpack_sharing_enabled":true,"_links":{"self":[{"href":"https:\/\/waldkindergarten-berglen.de\/index.php?rest_route=\/wp\/v2\/posts\/6789","targetHints":{"allow":["GET"]}}],"collection":[{"href":"https:\/\/waldkindergarten-berglen.de\/index.php?rest_route=\/wp\/v2\/posts"}],"about":[{"href":"https:\/\/waldkindergarten-berglen.de\/index.php?rest_route=\/wp\/v2\/types\/post"}],"author":[{"embeddable":true,"href":"https:\/\/waldkindergarten-berglen.de\/index.php?rest_route=\/wp\/v2\/users\/7"}],"replies":[{"embeddable":true,"href":"https:\/\/waldkindergarten-berglen.de\/index.php?rest_route=%2Fwp%2Fv2%2Fcomments&post=6789"}],"version-history":[{"count":1,"href":"https:\/\/waldkindergarten-berglen.de\/index.php?rest_route=\/wp\/v2\/posts\/6789\/revisions"}],"predecessor-version":[{"id":6793,"href":"https:\/\/waldkindergarten-berglen.de\/index.php?rest_route=\/wp\/v2\/posts\/6789\/revisions\/6793"}],"wp:attachment":[{"href":"https:\/\/waldkindergarten-berglen.de\/index.php?rest_route=%2Fwp%2Fv2%2Fmedia&parent=6789"}],"wp:term":[{"taxonomy":"category","embeddable":true,"href":"https:\/\/waldkindergarten-berglen.de\/index.php?rest_route=%2Fwp%2Fv2%2Fcategories&post=6789"},{"taxonomy":"post_tag","embeddable":true,"href":"https:\/\/waldkindergarten-berglen.de\/index.php?rest_route=%2Fwp%2Fv2%2Ftags&post=6789"}],"curies":[{"name":"wp","href":"https:\/\/api.w.org\/{rel}","templated":true}]}}