{"id":6794,"date":"2020-07-27T08:05:00","date_gmt":"2020-07-27T06:05:00","guid":{"rendered":"http:\/\/waldkindergarten-berglen.de\/?p=6794"},"modified":"2020-08-25T20:15:09","modified_gmt":"2020-08-25T18:15:09","slug":"ein-verruecktes-kindergartenjahr-geht-zu-ende","status":"publish","type":"post","link":"https:\/\/waldkindergarten-berglen.de\/?p=6794","title":{"rendered":"Ein \u201everr\u00fccktes\u201c Kindergartenjahr geht zu Ende"},"content":{"rendered":"\n<p>\u2026und wir sagen DANKE!!!<\/p>\n\n\n\n<p>Vielen herzlichen Dank liebe Erzieherinnen und Drittkr\u00e4fte, ohne euch w\u00e4re der Waldkindergarten nicht das, was er ist, n\u00e4mlich Erfahrungsfeld f\u00fcr unsere Kinder in jeder erdenklichen Weise.<br>Ihr bietet unseren Kindern in dieser schnelllebigen Zeit einen so wertvollen Raum, Erfahrungen zu sammeln und sich selbst kennenzulernen. Durch eure Anleitung und das tiefe Vertrauen, welches ihr in die Kinder setzt, k\u00f6nnen sie \u00fcber sich selbst hinauswachsen und die vielf\u00e4ltigsten Erfahrungen sammeln. Man sieht das sehr deutlich an den k\u00f6rperlichen Entwicklungen, wie zum Beispiel dem K\u00f6rpergef\u00fchl beim Klettern. Als M\u00e4uschen beginnen die Kinder zaghaft, die ersten \u00c4ste der B\u00e4ume zu erklimmen, sie werden immer sicherer und klettern als Eichh\u00f6rnchen schon hoch hinauf, um dann kurz vor der Einschulung als F\u00fcchse wie die K\u00f6nige auf den h\u00f6chsten B\u00e4umen zu sitzen oder kopf\u00fcber in den \u00c4sten zu h\u00e4ngen. Und sie tun dies immer nur in dem Ma\u00dfe, in dem sie selbst es sich zutrauen und soweit wie ihre Kraft ausreicht. Ihr gebt ihnen den Mut und die Zuversicht, dass sie alles schaffen k\u00f6nnen, wenn sie nur genug daf\u00fcr \u00fcben und es sich zutrauen.<br>Aber auch die F\u00e4higkeit, zu Sehen was der Andere braucht, sich in andere Hineinversetzen zu k\u00f6nnen, sozial und hilfsbereit zu sein, Verantwortung f\u00fcr eine Gruppe zu \u00fcbernehmen, das gegenseitige Zuh\u00f6ren, die Fantasie, die Kreativit\u00e4t, das Kennenlernen der eigenen Bed\u00fcrfnisse und die Erfahrung, diese auch einmal kurz aufzuschieben, all das lernen unsere Waldkindergartenkinder durch eure unerm\u00fcdliche Geduld, eure liebevolle Zuwendung und euer Vorbild. Und es ist die Weite und Ruhe des Waldes, in welchem sie sich durch eure klaren Regeln und eure Zuverl\u00e4ssigkeit stets sicher und mit einem geborgenen Gef\u00fchl ausleben d\u00fcrfen. Ihr seid einfach die Besten!!!<\/p>\n\n\n\n<figure class=\"wp-block-image size-large\"><img loading=\"lazy\" decoding=\"async\" width=\"750\" height=\"1000\" src=\"http:\/\/waldkindergarten-berglen.de\/wp-content\/uploads\/2020\/08\/Volle-Kraft-voraus-ins-Leben.jpg\" alt=\"Volle Kraft voraus ins Leben\" class=\"wp-image-6795\" srcset=\"https:\/\/waldkindergarten-berglen.de\/wp-content\/uploads\/2020\/08\/Volle-Kraft-voraus-ins-Leben.jpg 750w, https:\/\/waldkindergarten-berglen.de\/wp-content\/uploads\/2020\/08\/Volle-Kraft-voraus-ins-Leben-225x300.jpg 225w, https:\/\/waldkindergarten-berglen.de\/wp-content\/uploads\/2020\/08\/Volle-Kraft-voraus-ins-Leben-300x400.jpg 300w\" sizes=\"auto, (max-width: 750px) 100vw, 750px\" \/><figcaption>Volle Kraft voraus ins Leben<\/figcaption><\/figure>\n\n\n\n<p>Vielen herzlichen Dank auch an unseren Elternbeirat, der das ganze Kindergartenjahr hindurch viele organisatorische Aufgaben \u00fcbernimmt und eine wichtige Schnittstelle zwischen Eltern, Erzieherinnen und Vorstand ist. Vielen lieben Dank f\u00fcr euren tatkr\u00e4ftigen Einsatz und daf\u00fcr, dass ihr sogar noch einen Fotografentermin m\u00f6glich gemacht habt! Ihr seid einsame Spitze!!!<\/p>\n\n\n\n<p>Liebe Vorstandsmitglieder, es ist mit keinen Worten der Welt m\u00f6glich, unseren Dank dar\u00fcber auszudr\u00fccken und angemessen wertzusch\u00e4tzen, was ihr Jahr f\u00fcr Jahr leistet. Die Tatsache, dass der Waldkindergarten Berglen e.V. ein Verein ist und sich in vielen Belangen selbst verwaltet, bedeutet eine gro\u00dfe Freiheit, aber auch eine gro\u00dfe Verantwortung. Ihr seid Arbeitgeber f\u00fcr die Erzieherinnen und Drittkr\u00e4fte, sichert die zuverl\u00e4ssige Betreuung von 40 Kindern, verwaltet die Finanzen und m\u00fcsst parallel noch die W\u00fcnsche der Eltern mit den gesetzlichen Vorgaben und Bestimmungen unter einen Hut bekommen. Und all das macht ihr als Ehrenamt \u201enebenbei\u201c. All das war ja schon in \u201enormalen\u201c Zeiten eine gro\u00dfe Herausforderung, aber dann kam die Corona-Pandemie.<br>Ihr habt euch unerm\u00fcdlich durch Verordnungen gelesen, Bestimmungen und Gesetze gew\u00e4lzt und alles daf\u00fcr gegeben, den Eltern, Kindern und Angestellten alle Chancen und Sicherheiten zu bieten, die in dieser besonderen Zeit n\u00f6tig sind. Wir m\u00f6chten, dass ihr wisst, dass wir Eltern dies sehen und euch unendlich dankbar sind, dass ihr diesen Kindergarten mit so viel Engagement und Herzblut in seiner Form erhaltet. Ihr erm\u00f6glicht durch eure Arbeit den Erzieherinnen einen sicheren Arbeitsplatz in einem sehr famili\u00e4ren, menschlichen Rahmen, ihr sorgt daf\u00fcr, dass die Kinder zuverl\u00e4ssig betreut sind und nur durch euch kann der Kindergarten seinen Flair so beibehalten, dass er sich nicht in ein Korsett zw\u00e4ngen muss. Wir sagen von ganzem Herzen tausend Dank!!! Es g\u00e4be den Waldkindi ohne das Engagement der Eltern in dieser Form nicht und wir hoffen, dass auch weiterhin viele Familien, die sich f\u00fcr den Waldkindergarten entscheiden, tatkr\u00e4ftig mit anpacken und sich die Arbeit dadurch auf viele Schultern verteilen l\u00e4sst.<\/p>\n\n\n\n<p>Zu guter Letzt m\u00f6chten wir noch ein dickes Dankesch\u00f6n an die Gemeinde Berglen richten. Zum einen wurden in den Monaten der Schlie\u00dfung die Elternbeitr\u00e4ge von der Gemeinde \u00fcbernommen! Vielen herzlichen Dank f\u00fcr diese gro\u00dfz\u00fcgige Unterst\u00fctzung!!!<br>Danke aber auch f\u00fcr all die T\u00e4tigkeiten, die die Mitarbeiter\/innen der Gemeindeverwaltung f\u00fcr unseren Kindergarten \u00fcbernehmen, f\u00fcr all die tatkr\u00e4ftige Unterst\u00fctzung in Verwaltungsangelegenheiten, f\u00fcr den tollen Austausch auf dem \u201ekurzen Dienstweg\u201c gerade in der Pandemie aber auch bei sonstigen fachlichen Fragen. Wir sind sehr gl\u00fccklich \u00fcber diese gute Zusammenarbeit. Herzlichen Dank!!!<\/p>\n\n\n\n<p>Nun wollen wir uns noch von unseren diesj\u00e4hrigen F\u00fcchsen verabschieden und w\u00fcnschen allen einen super Start in die Schulzeit. Ihr seid bestens vorbereitet auf diesen spannenden, neuen Lebensabschnitt und werdet alle neuen Aufgaben prima meistern! Wir werden euch im Wald sehr vermissen!!!<\/p>\n\n\n\n<figure class=\"wp-block-image size-large\"><img loading=\"lazy\" decoding=\"async\" width=\"1024\" height=\"768\" src=\"http:\/\/waldkindergarten-berglen.de\/wp-content\/uploads\/2020\/08\/Fuchsabschied-1024x768.jpg\" alt=\"Fuchsabschied\" class=\"wp-image-6796\" srcset=\"https:\/\/waldkindergarten-berglen.de\/wp-content\/uploads\/2020\/08\/Fuchsabschied-1024x768.jpg 1024w, https:\/\/waldkindergarten-berglen.de\/wp-content\/uploads\/2020\/08\/Fuchsabschied-300x225.jpg 300w, https:\/\/waldkindergarten-berglen.de\/wp-content\/uploads\/2020\/08\/Fuchsabschied-768x576.jpg 768w, https:\/\/waldkindergarten-berglen.de\/wp-content\/uploads\/2020\/08\/Fuchsabschied-1536x1152.jpg 1536w, https:\/\/waldkindergarten-berglen.de\/wp-content\/uploads\/2020\/08\/Fuchsabschied-982x737.jpg 982w, https:\/\/waldkindergarten-berglen.de\/wp-content\/uploads\/2020\/08\/Fuchsabschied-400x300.jpg 400w, https:\/\/waldkindergarten-berglen.de\/wp-content\/uploads\/2020\/08\/Fuchsabschied.jpg 1600w\" sizes=\"auto, (max-width: 1024px) 100vw, 1024px\" \/><figcaption>Fuchsabschied<\/figcaption><\/figure>\n\n\n\n<p><em>Wussten Sie schon<br>Zu den Auswirkungen, Vorteilen und Chancen der Waldkindergarten-P\u00e4dagogik gibt es inzwischen eine Reihe wissenschaftlicher Arbeiten (z. B. Grahn u. a. 1997; Gorges 1999, 2002; H\u00e4fner 2002; Huppertz 2004).<br>Der t\u00e4gliche Aufenthalt in der freien Natur unterst\u00fctzt eine positive Entwicklung der kindlichen Motorik und Wahrnehmung in den Bereichen Grob- und Feinmotorik, Koordination, taktiler Wahrnehmung und Tiefensensibilit\u00e4t. Kinder, die einen Waldkindergarten besucht haben, sind auf schulische Anforderung nicht weniger gut vorbereitet als Kinder, welche einen Regelkindergarten besucht haben \u2013 sie werden sogar in der Mehrzahl der Bereiche etwas besser benotet (H\u00e4fner 2002; Gorges, 1999, 2002). Kinder im Waldkindergarten sind gesundheitlich stabiler, haben weniger Unf\u00e4lle und fallen sicherer. Da die meisten Waldkinderg\u00e4rten konzeptionell kein konventionelles Spielzeug mit \u201evorgeschriebener\u201c Bedeutung nutzen und die Kinder mit Naturgegenst\u00e4nden spielen, wirkt sich die Waldp\u00e4dagogik auch auf die Sprachentwicklung unterst\u00fctzend aus, weil sich die Kinder \u00fcber Bedeutung von Gegenst\u00e4nden und das Spielgeschehen h\u00e4ufiger verbal austauschen (Warmbold 2002). Im Waldkindergarten sind Kinder und P\u00e4dagogen generell weniger l\u00e4rmbelastet als in geschlossenen R\u00e4umen. Traditionelle Kinderg\u00e4rten weisen eine h\u00f6here L\u00e4rmbelastung und daher auch einen erh\u00f6hten Stress bei Kindern und Erziehern auf. Festgestellt wurden auch positive Auswirkungen auf das Immunsystem von Kindern und Erziehern durch den stundenlangen Aufenthalt im Freien (Warmbold 2002).<\/em><\/p>\n","protected":false},"excerpt":{"rendered":"<p>\u2026und wir sagen DANKE!!! Vielen herzlichen Dank liebe Erzieherinnen und Drittkr\u00e4fte, ohne euch w\u00e4re der Waldkindergarten nicht das, was er ist, n\u00e4mlich Erfahrungsfeld f\u00fcr unsere Kinder in jeder erdenklichen Weise.Ihr bietet unseren Kindern in dieser schnelllebigen Zeit einen so wertvollen Raum, Erfahrungen zu sammeln und sich selbst kennenzulernen. Durch eure Anleitung und das tiefe Vertrauen,&hellip; <a href=\"https:\/\/waldkindergarten-berglen.de\/?p=6794\" class=\"more-link\">Weiterlesen <span class=\"screen-reader-text\">Ein \u201everr\u00fccktes\u201c Kindergartenjahr geht zu Ende<\/span><\/a><\/p>\n","protected":false},"author":7,"featured_media":0,"comment_status":"closed","ping_status":"closed","sticky":false,"template":"","format":"standard","meta":{"ngg_post_thumbnail":0,"_jetpack_memberships_contains_paid_content":false,"footnotes":""},"categories":[3],"tags":[],"class_list":["post-6794","post","type-post","status-publish","format-standard","hentry","category-berichte"],"jetpack_featured_media_url":"","jetpack_sharing_enabled":true,"_links":{"self":[{"href":"https:\/\/waldkindergarten-berglen.de\/index.php?rest_route=\/wp\/v2\/posts\/6794","targetHints":{"allow":["GET"]}}],"collection":[{"href":"https:\/\/waldkindergarten-berglen.de\/index.php?rest_route=\/wp\/v2\/posts"}],"about":[{"href":"https:\/\/waldkindergarten-berglen.de\/index.php?rest_route=\/wp\/v2\/types\/post"}],"author":[{"embeddable":true,"href":"https:\/\/waldkindergarten-berglen.de\/index.php?rest_route=\/wp\/v2\/users\/7"}],"replies":[{"embeddable":true,"href":"https:\/\/waldkindergarten-berglen.de\/index.php?rest_route=%2Fwp%2Fv2%2Fcomments&post=6794"}],"version-history":[{"count":1,"href":"https:\/\/waldkindergarten-berglen.de\/index.php?rest_route=\/wp\/v2\/posts\/6794\/revisions"}],"predecessor-version":[{"id":6797,"href":"https:\/\/waldkindergarten-berglen.de\/index.php?rest_route=\/wp\/v2\/posts\/6794\/revisions\/6797"}],"wp:attachment":[{"href":"https:\/\/waldkindergarten-berglen.de\/index.php?rest_route=%2Fwp%2Fv2%2Fmedia&parent=6794"}],"wp:term":[{"taxonomy":"category","embeddable":true,"href":"https:\/\/waldkindergarten-berglen.de\/index.php?rest_route=%2Fwp%2Fv2%2Fcategories&post=6794"},{"taxonomy":"post_tag","embeddable":true,"href":"https:\/\/waldkindergarten-berglen.de\/index.php?rest_route=%2Fwp%2Fv2%2Ftags&post=6794"}],"curies":[{"name":"wp","href":"https:\/\/api.w.org\/{rel}","templated":true}]}}