{"id":6937,"date":"2020-09-21T08:05:00","date_gmt":"2020-09-21T06:05:00","guid":{"rendered":"http:\/\/waldkindergarten-berglen.de\/?p=6937"},"modified":"2020-11-14T10:52:32","modified_gmt":"2020-11-14T09:52:32","slug":"wiedersehen-bei-herrlichem-sonnenschein","status":"publish","type":"post","link":"https:\/\/waldkindergarten-berglen.de\/?p=6937","title":{"rendered":"Wiedersehen bei herrlichem Sonnenschein"},"content":{"rendered":"\n<p>Bei herrlichem Sonnenschein und warmen Temperaturen startete das neue Kindergartenjahr im Kottweiler Wald.<br>Die Wiedersehensfreude nach den langen Ferien war riesig und alle genossen das ausgelassene Spielen mit den Freunden sehr.<\/p>\n\n\n\n<figure class=\"wp-block-image size-large\"><img loading=\"lazy\" decoding=\"async\" width=\"768\" height=\"1024\" src=\"http:\/\/waldkindergarten-berglen.de\/wp-content\/uploads\/2020\/11\/Abhaengen-mit-den-Kumpels-768x1024.jpg\" alt=\"Abh\u00e4ngen mit den Kumpels\" class=\"wp-image-6939\" srcset=\"https:\/\/waldkindergarten-berglen.de\/wp-content\/uploads\/2020\/11\/Abhaengen-mit-den-Kumpels-768x1024.jpg 768w, https:\/\/waldkindergarten-berglen.de\/wp-content\/uploads\/2020\/11\/Abhaengen-mit-den-Kumpels-225x300.jpg 225w, https:\/\/waldkindergarten-berglen.de\/wp-content\/uploads\/2020\/11\/Abhaengen-mit-den-Kumpels-1152x1536.jpg 1152w, https:\/\/waldkindergarten-berglen.de\/wp-content\/uploads\/2020\/11\/Abhaengen-mit-den-Kumpels-1536x2048.jpg 1536w, https:\/\/waldkindergarten-berglen.de\/wp-content\/uploads\/2020\/11\/Abhaengen-mit-den-Kumpels-982x1309.jpg 982w, https:\/\/waldkindergarten-berglen.de\/wp-content\/uploads\/2020\/11\/Abhaengen-mit-den-Kumpels-300x400.jpg 300w, https:\/\/waldkindergarten-berglen.de\/wp-content\/uploads\/2020\/11\/Abhaengen-mit-den-Kumpels-scaled.jpg 1920w\" sizes=\"auto, (max-width: 768px) 100vw, 768px\" \/><figcaption>Abh\u00e4ngen mit den Kumpels<\/figcaption><\/figure>\n\n\n\n<p>Es war f\u00fcr die Kinder aber auch teilweise etwas ungewohnt, denn der eine oder andere vermisste seinen Spielkameraden, der vor den Ferien in die Schule verabschiedet wurde. Die Kinder mussten neu als Gruppe zusammenwachsen, neue Spielpartner finden, im Morgenkreis die Pl\u00e4tze neu verteilen und alles f\u00fcr die neuen M\u00e4uschen vorbereiten.<\/p>\n\n\n\n<figure class=\"wp-block-image size-large\"><img loading=\"lazy\" decoding=\"async\" width=\"768\" height=\"1024\" src=\"http:\/\/waldkindergarten-berglen.de\/wp-content\/uploads\/2020\/11\/Neues-Maeuschen-768x1024.jpg\" alt=\"Neues M\u00e4uschen\" class=\"wp-image-6940\" srcset=\"https:\/\/waldkindergarten-berglen.de\/wp-content\/uploads\/2020\/11\/Neues-Maeuschen-768x1024.jpg 768w, https:\/\/waldkindergarten-berglen.de\/wp-content\/uploads\/2020\/11\/Neues-Maeuschen-225x300.jpg 225w, https:\/\/waldkindergarten-berglen.de\/wp-content\/uploads\/2020\/11\/Neues-Maeuschen-1152x1536.jpg 1152w, https:\/\/waldkindergarten-berglen.de\/wp-content\/uploads\/2020\/11\/Neues-Maeuschen-1536x2048.jpg 1536w, https:\/\/waldkindergarten-berglen.de\/wp-content\/uploads\/2020\/11\/Neues-Maeuschen-982x1309.jpg 982w, https:\/\/waldkindergarten-berglen.de\/wp-content\/uploads\/2020\/11\/Neues-Maeuschen-300x400.jpg 300w, https:\/\/waldkindergarten-berglen.de\/wp-content\/uploads\/2020\/11\/Neues-Maeuschen-scaled.jpg 1920w\" sizes=\"auto, (max-width: 768px) 100vw, 768px\" \/><figcaption>Neues M\u00e4uschen<\/figcaption><\/figure>\n\n\n\n<p>Pro Gruppe starteten in der ersten Woche gleich zwei neue Kinder in ihre Kindergartenzeit. Sie wurden herzlich und f\u00fcrsorglich von den \u201ealten Hasen\u201c in die Regeln und Abl\u00e4ufe des Kindergartenalltags eingef\u00fchrt und es war stets eine helfende Kinderhand bereit, um die neuen M\u00e4uschen zu unterst\u00fctzen. So wurden die Mamas schnell \u00fcberfl\u00fcssig und die Dreij\u00e4hrigen meisterten den Gro\u00dfteil des Vormittags schon ganz allein. Herzlich Willkommen Lotta, Grace, Remo und Ben, sch\u00f6n, dass ihr da seid!<\/p>\n\n\n\n<p>In den Sommerferien hatten einige Kinder Geburtstag und weil nat\u00fcrlich auch diese Kinder in den Genuss einer \u201eWaldgeburtstagsfeier\u201c kommen sollen, wird jetzt erstmal fast t\u00e4glich Geburtstag gefeiert. Da hat die Waldfee Calendula, die in diesem Kindergartenjahr Herrn Schieferberg abgel\u00f6st hat, eine Menge zu tun. Aber man muss die Feste feiern wie sie fallen und so lernt unsere Calendula die Kinder gleich zu Beginn gut kennen, das ist doch super. Sie bringt den Kindern dieses Jahr einen wundersch\u00f6nen Traumf\u00e4nger als Geburtstagsgeschenk mit, der daheim im Kinderzimmer f\u00fcr s\u00fc\u00dfe Tr\u00e4ume sorgen soll. Was f\u00fcr eine sch\u00f6ne Idee!<\/p>\n\n\n\n<figure class=\"wp-block-image size-large\"><img loading=\"lazy\" decoding=\"async\" width=\"1024\" height=\"768\" src=\"http:\/\/waldkindergarten-berglen.de\/wp-content\/uploads\/2020\/11\/Waldfee-Calendula-1024x768.jpg\" alt=\"Waldfee Calendula\" class=\"wp-image-6938\" srcset=\"https:\/\/waldkindergarten-berglen.de\/wp-content\/uploads\/2020\/11\/Waldfee-Calendula-1024x768.jpg 1024w, https:\/\/waldkindergarten-berglen.de\/wp-content\/uploads\/2020\/11\/Waldfee-Calendula-300x225.jpg 300w, https:\/\/waldkindergarten-berglen.de\/wp-content\/uploads\/2020\/11\/Waldfee-Calendula-768x576.jpg 768w, https:\/\/waldkindergarten-berglen.de\/wp-content\/uploads\/2020\/11\/Waldfee-Calendula-1536x1152.jpg 1536w, https:\/\/waldkindergarten-berglen.de\/wp-content\/uploads\/2020\/11\/Waldfee-Calendula-982x737.jpg 982w, https:\/\/waldkindergarten-berglen.de\/wp-content\/uploads\/2020\/11\/Waldfee-Calendula-400x300.jpg 400w, https:\/\/waldkindergarten-berglen.de\/wp-content\/uploads\/2020\/11\/Waldfee-Calendula.jpg 1600w\" sizes=\"auto, (max-width: 1024px) 100vw, 1024px\" \/><figcaption>Waldfee Calendula<\/figcaption><\/figure>\n\n\n\n<p>Nun w\u00fcnschen wir unseren Zwergen und Wichteln weiterhin einen guten Start, viele neue Freundschaften, eine Menge Abenteuer und einfach eine tolle Zeit im Wald!<\/p>\n\n\n\n<p><em>Wussten Sie schon<br>Vielleicht hat schon der eine oder andere am Waldspielplatz gestaunt, wie laut die Bl\u00e4tter an einigen B\u00e4umen rascheln und rauschen. Hier die Erkl\u00e4rung:<br>Die Bl\u00e4tter der Zitterpappel sind f\u00fcr ihren Namen verantwortlich. Sie sind rundlich bis herzf\u00f6rmig und haben einen unregelm\u00e4\u00dfig gez\u00e4hnten Rand. Interessant ist vor allem der Blattstiel. Er ist seitlich stark abgeflacht, wodurch sich die Bl\u00e4tter bereits bei dem kleinsten Wind wiegen und drehen.<br>Welchen Vorteil die Pappel vom Zittern der Bl\u00e4tter hat, ist nicht abschlie\u00dfend gekl\u00e4rt. Eine Theorie besagt, dass der Baum sich durch das Flattern vor Windbruch sch\u00fctzt. Die Bl\u00e4tter verwinden sich bereits bei dem kleinsten Lufthauch und bieten damit kaum Angriffsfl\u00e4che f\u00fcr Windb\u00f6en. Eine weitere Theorie geht davon aus, dass die flatternden Bl\u00e4tter die Windgeschwindigkeit an der Blattoberseite reduzieren. Die Bl\u00e4tter k\u00f6nnen leichter CO2 abgeben. Damit kommt die Pappel mit weniger Laub aus als andere Baumarten. Sie muss weniger Blattfl\u00e4che mit N\u00e4hrstoffen versorgen und w\u00e4chst schneller.<br>Klar wird jedoch bei allen Theorien, woher der Spruch \u201ezittern wie Espenlaub\u201c kommt.<\/em><\/p>\n","protected":false},"excerpt":{"rendered":"<p>Bei herrlichem Sonnenschein und warmen Temperaturen startete das neue Kindergartenjahr im Kottweiler Wald.Die Wiedersehensfreude nach den langen Ferien war riesig und alle genossen das ausgelassene Spielen mit den Freunden sehr. Es war f\u00fcr die Kinder aber auch teilweise etwas ungewohnt, denn der eine oder andere vermisste seinen Spielkameraden, der vor den Ferien in die Schule&hellip; <a href=\"https:\/\/waldkindergarten-berglen.de\/?p=6937\" class=\"more-link\">Weiterlesen <span class=\"screen-reader-text\">Wiedersehen bei herrlichem Sonnenschein<\/span><\/a><\/p>\n","protected":false},"author":7,"featured_media":0,"comment_status":"closed","ping_status":"closed","sticky":false,"template":"","format":"standard","meta":{"ngg_post_thumbnail":0,"_jetpack_memberships_contains_paid_content":false,"footnotes":""},"categories":[3],"tags":[],"class_list":["post-6937","post","type-post","status-publish","format-standard","hentry","category-berichte"],"jetpack_featured_media_url":"","jetpack_sharing_enabled":true,"_links":{"self":[{"href":"https:\/\/waldkindergarten-berglen.de\/index.php?rest_route=\/wp\/v2\/posts\/6937","targetHints":{"allow":["GET"]}}],"collection":[{"href":"https:\/\/waldkindergarten-berglen.de\/index.php?rest_route=\/wp\/v2\/posts"}],"about":[{"href":"https:\/\/waldkindergarten-berglen.de\/index.php?rest_route=\/wp\/v2\/types\/post"}],"author":[{"embeddable":true,"href":"https:\/\/waldkindergarten-berglen.de\/index.php?rest_route=\/wp\/v2\/users\/7"}],"replies":[{"embeddable":true,"href":"https:\/\/waldkindergarten-berglen.de\/index.php?rest_route=%2Fwp%2Fv2%2Fcomments&post=6937"}],"version-history":[{"count":1,"href":"https:\/\/waldkindergarten-berglen.de\/index.php?rest_route=\/wp\/v2\/posts\/6937\/revisions"}],"predecessor-version":[{"id":6941,"href":"https:\/\/waldkindergarten-berglen.de\/index.php?rest_route=\/wp\/v2\/posts\/6937\/revisions\/6941"}],"wp:attachment":[{"href":"https:\/\/waldkindergarten-berglen.de\/index.php?rest_route=%2Fwp%2Fv2%2Fmedia&parent=6937"}],"wp:term":[{"taxonomy":"category","embeddable":true,"href":"https:\/\/waldkindergarten-berglen.de\/index.php?rest_route=%2Fwp%2Fv2%2Fcategories&post=6937"},{"taxonomy":"post_tag","embeddable":true,"href":"https:\/\/waldkindergarten-berglen.de\/index.php?rest_route=%2Fwp%2Fv2%2Ftags&post=6937"}],"curies":[{"name":"wp","href":"https:\/\/api.w.org\/{rel}","templated":true}]}}