{"id":6981,"date":"2020-12-21T08:05:00","date_gmt":"2020-12-21T07:05:00","guid":{"rendered":"http:\/\/waldkindergarten-berglen.de\/?p=6981"},"modified":"2020-12-23T17:02:20","modified_gmt":"2020-12-23T16:02:20","slug":"weihnachtsfeier-im-waldkindergarten","status":"publish","type":"post","link":"https:\/\/waldkindergarten-berglen.de\/?p=6981","title":{"rendered":"Weihnachtsfeier im Waldkindergarten"},"content":{"rendered":"\n<p>An den letzten beiden Tagen vor den verl\u00e4ngerten Ferien gab es f\u00fcr unsere Wichtel und Zwerge im Waldkindergarten noch viel zu erleben.<\/p>\n\n\n\n<p>Am Montag wurde flei\u00dfig gewerkelt und gebastelt bis auch die letzten Werkst\u00fccke aus der Weihnachtswerkstatt fertig waren. Unsere F\u00fcchse stellten zudem noch ihre in der Fuchsschule selbst gebauten Krippen fertig. Die in den letzten Wochen getonten Figuren Maria, Josef, Jesus und der Esel bekamen nun noch einen Stall, der aus einer Holzscheibe mit einem Rindendach gebaut und mit Heu und Stroh ausgelegt und liebevoll eingerichtet wurde.<\/p>\n\n\n\n<figure class=\"wp-block-image size-large\"><img loading=\"lazy\" decoding=\"async\" width=\"1024\" height=\"768\" src=\"https:\/\/waldkindergarten-berglen.de\/wp-content\/uploads\/2020\/12\/Staunende-Kinder-1024x768.jpg\" alt=\"\" class=\"wp-image-6982\" srcset=\"https:\/\/waldkindergarten-berglen.de\/wp-content\/uploads\/2020\/12\/Staunende-Kinder-1024x768.jpg 1024w, https:\/\/waldkindergarten-berglen.de\/wp-content\/uploads\/2020\/12\/Staunende-Kinder-300x225.jpg 300w, https:\/\/waldkindergarten-berglen.de\/wp-content\/uploads\/2020\/12\/Staunende-Kinder-768x576.jpg 768w, https:\/\/waldkindergarten-berglen.de\/wp-content\/uploads\/2020\/12\/Staunende-Kinder-1536x1152.jpg 1536w, https:\/\/waldkindergarten-berglen.de\/wp-content\/uploads\/2020\/12\/Staunende-Kinder-982x737.jpg 982w, https:\/\/waldkindergarten-berglen.de\/wp-content\/uploads\/2020\/12\/Staunende-Kinder-400x300.jpg 400w, https:\/\/waldkindergarten-berglen.de\/wp-content\/uploads\/2020\/12\/Staunende-Kinder.jpg 1600w\" sizes=\"auto, (max-width: 1024px) 100vw, 1024px\" \/><\/figure>\n\n\n\n<p>Am Dienstag fand dann die von den Kindern lange erwartete Weihnachtsfeier statt. Die Kinder gingen zu den Weihnachtspl\u00e4tzen und h\u00f6rten die letzte Geschichte im Adventsg\u00e4rtlein. An diesem Tag erz\u00e4hlte darin der Fichtenzapfen die Geschichte von dem Fichtenbaum, der zuerst ganz klein war und wachsen wollte, um endlich auch die Sterne sehen zu k\u00f6nnen. Stets von den anderen B\u00e4umen zum Wachsen ermutigt hatte er dabei so manches Hindernis \u00fcberwunden. Am Ende war er gro\u00df genug geworden und konnte ganz im Gl\u00fcck tats\u00e4chlich endlich die Sterne sehen. Die Waldkinder staunten, als es dann wahrhaftig im Wald zu funkeln begann \u2013 eine Wunderkerze wurde angez\u00fcndet.<\/p>\n\n\n\n<figure class=\"wp-block-image size-large\"><img loading=\"lazy\" decoding=\"async\" width=\"1024\" height=\"768\" src=\"https:\/\/waldkindergarten-berglen.de\/wp-content\/uploads\/2020\/12\/Adventsgeschichte-1024x768.jpg\" alt=\"\" class=\"wp-image-6983\" srcset=\"https:\/\/waldkindergarten-berglen.de\/wp-content\/uploads\/2020\/12\/Adventsgeschichte-1024x768.jpg 1024w, https:\/\/waldkindergarten-berglen.de\/wp-content\/uploads\/2020\/12\/Adventsgeschichte-300x225.jpg 300w, https:\/\/waldkindergarten-berglen.de\/wp-content\/uploads\/2020\/12\/Adventsgeschichte-768x576.jpg 768w, https:\/\/waldkindergarten-berglen.de\/wp-content\/uploads\/2020\/12\/Adventsgeschichte-1536x1152.jpg 1536w, https:\/\/waldkindergarten-berglen.de\/wp-content\/uploads\/2020\/12\/Adventsgeschichte-982x737.jpg 982w, https:\/\/waldkindergarten-berglen.de\/wp-content\/uploads\/2020\/12\/Adventsgeschichte-400x300.jpg 400w, https:\/\/waldkindergarten-berglen.de\/wp-content\/uploads\/2020\/12\/Adventsgeschichte.jpg 1600w\" sizes=\"auto, (max-width: 1024px) 100vw, 1024px\" \/><\/figure>\n\n\n\n<p>Der Fichtenzapfen und alle anderen Waldsch\u00e4tze, die in den vergangenen Wochen in den Geschichten im Adventsg\u00e4rtlein lebendig geworden waren, wurden nun unter den geschm\u00fcckten Weihnachtsbaum gelegt, damit auch sie Weihnachten mit den Kindern feiern konnten.<\/p>\n\n\n\n<p>Anschlie\u00dfend gab es unsere letzten \u201eGlitzerkinder\u201c, die vermutlich schon sehnlichst darauf gewartet hatten auch endlich an der Reihe zu sein.<\/p>\n\n\n\n<p>Au\u00dferdem bekamen die Kinder eine kleine Weihnachts\u00fcberraschung: Anh\u00e4nger mit Baumscheiben von unserer \u201eDicken Berta\u201c, unserem liebsten Buchenbaum im Wald, auf dem die Namen der Kinder und ein Bild der \u201eDicken Berta\u201c eingraviert worden war. Dar\u00fcber haben sich unsere Wichtel und Zwerge nat\u00fcrlich sehr gefreut!<\/p>\n\n\n\n<figure class=\"wp-block-image size-large\"><img loading=\"lazy\" decoding=\"async\" width=\"768\" height=\"1024\" src=\"https:\/\/waldkindergarten-berglen.de\/wp-content\/uploads\/2020\/12\/IMG-20201218-WA0004-768x1024.jpg\" alt=\"\" class=\"wp-image-6984\" srcset=\"https:\/\/waldkindergarten-berglen.de\/wp-content\/uploads\/2020\/12\/IMG-20201218-WA0004-768x1024.jpg 768w, https:\/\/waldkindergarten-berglen.de\/wp-content\/uploads\/2020\/12\/IMG-20201218-WA0004-225x300.jpg 225w, https:\/\/waldkindergarten-berglen.de\/wp-content\/uploads\/2020\/12\/IMG-20201218-WA0004-1152x1536.jpg 1152w, https:\/\/waldkindergarten-berglen.de\/wp-content\/uploads\/2020\/12\/IMG-20201218-WA0004-982x1309.jpg 982w, https:\/\/waldkindergarten-berglen.de\/wp-content\/uploads\/2020\/12\/IMG-20201218-WA0004-300x400.jpg 300w, https:\/\/waldkindergarten-berglen.de\/wp-content\/uploads\/2020\/12\/IMG-20201218-WA0004.jpg 1200w\" sizes=\"auto, (max-width: 768px) 100vw, 768px\" \/><\/figure>\n\n\n\n<p>Auch die Tiere im Wald sollten an Weihnachten nicht zu kurz kommen. Wie jedes Jahr wurde dazu noch die Waldweihnacht f\u00fcr die Tiere vorbereitet. Dabei legten die Kinder eines der kleinen Tipis am Weihnachtsplatz, in denen sie die letzten Wochen immer gespielt hatten, mit Stroh und Heu aus und h\u00e4ngten dann viele Leckereien f\u00fcr die Tiere auf. \u00c4pfelchen, Karotten und N\u00fcssen sollen die Rehe, Hasen, M\u00e4use, V\u00f6gel und alle anderes Tieres des Waldes erfreuen.<\/p>\n\n\n\n<figure class=\"wp-block-image size-large\"><img loading=\"lazy\" decoding=\"async\" width=\"768\" height=\"1024\" src=\"https:\/\/waldkindergarten-berglen.de\/wp-content\/uploads\/2020\/12\/Waldweihnacht-768x1024.jpg\" alt=\"\" class=\"wp-image-6985\" srcset=\"https:\/\/waldkindergarten-berglen.de\/wp-content\/uploads\/2020\/12\/Waldweihnacht-768x1024.jpg 768w, https:\/\/waldkindergarten-berglen.de\/wp-content\/uploads\/2020\/12\/Waldweihnacht-225x300.jpg 225w, https:\/\/waldkindergarten-berglen.de\/wp-content\/uploads\/2020\/12\/Waldweihnacht-1152x1536.jpg 1152w, https:\/\/waldkindergarten-berglen.de\/wp-content\/uploads\/2020\/12\/Waldweihnacht-982x1309.jpg 982w, https:\/\/waldkindergarten-berglen.de\/wp-content\/uploads\/2020\/12\/Waldweihnacht-300x400.jpg 300w, https:\/\/waldkindergarten-berglen.de\/wp-content\/uploads\/2020\/12\/Waldweihnacht.jpg 1200w\" sizes=\"auto, (max-width: 768px) 100vw, 768px\" \/><\/figure>\n\n\n\n<p>Die letzte Weihnachts\u00fcberraschung dieser Weihnachtsfeier gab es f\u00fcr die Eltern. Beim Abholen durfte jedes Kind seiner Mama oder seinem Papa eine in der Weihnachtswerkstatt selbstgezogene wundersch\u00f6ne Bienenwachskerze \u00fcberreichen.<\/p>\n\n\n\n<p>Liebes Waldteam, wir wollen Euch ein ganz herzliches Dankesch\u00f6n aussprechen, dass ihr unseren Waldkindern diesen tollen Abschluss vor den Weihnachtsferien erm\u00f6glicht habt und aufgrund der Umst\u00e4nde so kurzfristig alles umgeplant habt. Danke, dass ihr den Kindern jeden Tag aufs Neue so eine sch\u00f6ne Zeit im Wald bereitet!<\/p>\n\n\n\n<p>Liebes Vorstands-Team, auch an Euch ein ganz gro\u00dfes Dankesch\u00f6n! Ihr steckt so viel Arbeit und Zeit in diese Aufgabe und sorgt einfach immer daf\u00fcr, dass alles l\u00e4uft!<\/p>\n\n\n\n<p>Lieber Elternbeirat, nat\u00fcrlich wollen wir uns auch bei Euch ganz herzlich bedanken f\u00fcr Euer Engagement, das ihr in die vielen gro\u00dfen und kleinen Aufgaben steckt um die Ihr Euch k\u00fcmmert!<\/p>\n\n\n\n<p>Ebenfalls an die Gemeinde Berglen geht ein gro\u00dfes Dankesch\u00f6n f\u00fcr die stets sehr gute Zusammenarbeit!<\/p>\n\n\n\n<p>Zu guter Letzt wollen wir uns auch bei Ihnen, liebe Leserin und lieber Leser, bedanken f\u00fcr Ihr Interesse an unserem Waldkindergarten. Wir w\u00fcnschen Ihnen frohe Weihnachten, einen guten Rutsch ins neue Jahr 2021 und nat\u00fcrlich \u2013 vor allem in diesen Zeiten \u2013 viel Gesundheit!<\/p>\n\n\n\n<p><strong>Wussten Sie schon?<\/strong><\/p>\n\n\n\n<p>Wir m\u00f6chten Sie an dieser Stelle noch einmal auf den Adventskalender der Gemeinde Berglen aufmerksam machen und besonders an das 23. T\u00fcrchen des Adventskalenders erinnern. \u00d6ffnen Sie unbedingt an diesem Tag das T\u00fcrchen auf der Gemeindehomepage und lassen Sie sich von uns \u00fcberraschen. Nat\u00fcrlich kann unsere \u00dcberraschung nur unter der Einhaltung der aktuellen Coronaverordnung durchgef\u00fchrt werden. Bitte halten Sie sich an die bestehenden Regeln zu Abstand und Hygiene! Viel Spa\u00df dabei!<\/p>\n","protected":false},"excerpt":{"rendered":"<p>An den letzten beiden Tagen vor den verl\u00e4ngerten Ferien gab es f\u00fcr unsere Wichtel und Zwerge im Waldkindergarten noch viel zu erleben. Am Montag wurde flei\u00dfig gewerkelt und gebastelt bis auch die letzten Werkst\u00fccke aus der Weihnachtswerkstatt fertig waren. Unsere F\u00fcchse stellten zudem noch ihre in der Fuchsschule selbst gebauten Krippen fertig. Die in den&hellip; <a href=\"https:\/\/waldkindergarten-berglen.de\/?p=6981\" class=\"more-link\">Weiterlesen <span class=\"screen-reader-text\">Weihnachtsfeier im Waldkindergarten<\/span><\/a><\/p>\n","protected":false},"author":8,"featured_media":0,"comment_status":"closed","ping_status":"closed","sticky":false,"template":"","format":"standard","meta":{"ngg_post_thumbnail":0,"_jetpack_memberships_contains_paid_content":false,"footnotes":""},"categories":[3],"tags":[],"class_list":["post-6981","post","type-post","status-publish","format-standard","hentry","category-berichte"],"jetpack_featured_media_url":"","jetpack_sharing_enabled":true,"_links":{"self":[{"href":"https:\/\/waldkindergarten-berglen.de\/index.php?rest_route=\/wp\/v2\/posts\/6981","targetHints":{"allow":["GET"]}}],"collection":[{"href":"https:\/\/waldkindergarten-berglen.de\/index.php?rest_route=\/wp\/v2\/posts"}],"about":[{"href":"https:\/\/waldkindergarten-berglen.de\/index.php?rest_route=\/wp\/v2\/types\/post"}],"author":[{"embeddable":true,"href":"https:\/\/waldkindergarten-berglen.de\/index.php?rest_route=\/wp\/v2\/users\/8"}],"replies":[{"embeddable":true,"href":"https:\/\/waldkindergarten-berglen.de\/index.php?rest_route=%2Fwp%2Fv2%2Fcomments&post=6981"}],"version-history":[{"count":2,"href":"https:\/\/waldkindergarten-berglen.de\/index.php?rest_route=\/wp\/v2\/posts\/6981\/revisions"}],"predecessor-version":[{"id":6988,"href":"https:\/\/waldkindergarten-berglen.de\/index.php?rest_route=\/wp\/v2\/posts\/6981\/revisions\/6988"}],"wp:attachment":[{"href":"https:\/\/waldkindergarten-berglen.de\/index.php?rest_route=%2Fwp%2Fv2%2Fmedia&parent=6981"}],"wp:term":[{"taxonomy":"category","embeddable":true,"href":"https:\/\/waldkindergarten-berglen.de\/index.php?rest_route=%2Fwp%2Fv2%2Fcategories&post=6981"},{"taxonomy":"post_tag","embeddable":true,"href":"https:\/\/waldkindergarten-berglen.de\/index.php?rest_route=%2Fwp%2Fv2%2Ftags&post=6981"}],"curies":[{"name":"wp","href":"https:\/\/api.w.org\/{rel}","templated":true}]}}