{"id":7107,"date":"2021-03-01T08:05:00","date_gmt":"2021-03-01T07:05:00","guid":{"rendered":"https:\/\/waldkindergarten-berglen.de\/?p=7107"},"modified":"2021-05-21T14:43:06","modified_gmt":"2021-05-21T12:43:06","slug":"seliges-wiederankommen-im-waldkindergarten","status":"publish","type":"post","link":"https:\/\/waldkindergarten-berglen.de\/?p=7107","title":{"rendered":"Seliges Wiederankommen im Waldkindergarten"},"content":{"rendered":"\n<p>Bei sch\u00f6nstem Fr\u00fchlingswetter kehrten alle Zwerge- und Wichtelkinder in ihren geliebten Waldkindergarten zur\u00fcck. Die Freude war bei allen riesengro\u00df, endlich durfte man wieder mit seinen Freunden durch den Wald toben oder zusammen mit den Erzieherinnen spannende Aktionen erleben. Mittags beim Abholen erwarteten die Eltern lauter strahlende Gesichter und ganz gel\u00f6st spielende Kinder. War das ein herrliche Anblick, eine Wohltat f\u00fcr die Seele nach den letzten Wochen.<\/p>\n\n\n\n<p>In erster Linie stand die Woche unter dem Zeichen des \u201eWiederankommens\u201c. Es wurde ganz viel gespielt, gewerkelt und erz\u00e4hlt.<br>An einem Tag bereiteten die Erzieherinnen f\u00fcr die Kinder \u00fcber dem Feuer \u201eL\u00e1ngos\u201c zu. Diese in Fett gebackenen Teigfladen hat wirklich ausnahmslos jeder probiert und es hat allen sehr, sehr gut geschmeckt.<\/p>\n\n\n\n<figure class=\"wp-block-image size-large\"><img loading=\"lazy\" decoding=\"async\" width=\"1024\" height=\"618\" src=\"http:\/\/waldkindergarten-berglen.de\/wp-content\/uploads\/2021\/05\/Langos-in-der-Fruehlingssonne-1024x618.jpg\" alt=\"Langos in der Fr\u00fchlingssonne\" class=\"wp-image-7110\" srcset=\"https:\/\/waldkindergarten-berglen.de\/wp-content\/uploads\/2021\/05\/Langos-in-der-Fruehlingssonne-1024x618.jpg 1024w, https:\/\/waldkindergarten-berglen.de\/wp-content\/uploads\/2021\/05\/Langos-in-der-Fruehlingssonne-300x181.jpg 300w, https:\/\/waldkindergarten-berglen.de\/wp-content\/uploads\/2021\/05\/Langos-in-der-Fruehlingssonne-768x464.jpg 768w, https:\/\/waldkindergarten-berglen.de\/wp-content\/uploads\/2021\/05\/Langos-in-der-Fruehlingssonne-982x593.jpg 982w, https:\/\/waldkindergarten-berglen.de\/wp-content\/uploads\/2021\/05\/Langos-in-der-Fruehlingssonne-400x241.jpg 400w, https:\/\/waldkindergarten-berglen.de\/wp-content\/uploads\/2021\/05\/Langos-in-der-Fruehlingssonne.jpg 1287w\" sizes=\"auto, (max-width: 1024px) 100vw, 1024px\" \/><figcaption>Langos in der Fr\u00fchlingssonne<\/figcaption><\/figure>\n\n\n\n<p>Lustig war, dass am Ende des Tages alle wussten, was L\u00e1ngos ist und es auch benennen konnten, aber das Wort \u201ePuderzucker\u201c war f\u00fcr einige Kinder wirklich knifflig.<\/p>\n\n\n\n<p>Die restliche Woche \u00fcber wurde immer wieder ganz flei\u00dfig \u201eSchokoladenl\u00e1ngos\u201c aus Lehm gebacken, das Erlebnis war wohl wirklich sehr eindrucksvoll.<\/p>\n\n\n\n<figure class=\"wp-block-image size-large\"><img loading=\"lazy\" decoding=\"async\" width=\"1024\" height=\"768\" src=\"http:\/\/waldkindergarten-berglen.de\/wp-content\/uploads\/2021\/05\/Schokolangos-1024x768.jpg\" alt=\"Schokolangos\" class=\"wp-image-7111\" srcset=\"https:\/\/waldkindergarten-berglen.de\/wp-content\/uploads\/2021\/05\/Schokolangos-1024x768.jpg 1024w, https:\/\/waldkindergarten-berglen.de\/wp-content\/uploads\/2021\/05\/Schokolangos-300x225.jpg 300w, https:\/\/waldkindergarten-berglen.de\/wp-content\/uploads\/2021\/05\/Schokolangos-768x576.jpg 768w, https:\/\/waldkindergarten-berglen.de\/wp-content\/uploads\/2021\/05\/Schokolangos-1536x1152.jpg 1536w, https:\/\/waldkindergarten-berglen.de\/wp-content\/uploads\/2021\/05\/Schokolangos-982x737.jpg 982w, https:\/\/waldkindergarten-berglen.de\/wp-content\/uploads\/2021\/05\/Schokolangos-400x300.jpg 400w, https:\/\/waldkindergarten-berglen.de\/wp-content\/uploads\/2021\/05\/Schokolangos.jpg 1600w\" sizes=\"auto, (max-width: 1024px) 100vw, 1024px\" \/><figcaption>Schokolangos<\/figcaption><\/figure>\n\n\n\n<p>W\u00e4hrend am n\u00e4chsten Tag die Gro\u00dfen in der Fuchsschule waren, durften die Kleinen das restliche Fett vom L\u00e1ngosbacken mit allerlei Saaten und K\u00f6rnern verr\u00fchren und daraus Vogelfutterkn\u00f6del formen. Diese wurden dann um kleine \u00c4stchen gedr\u00fcckt und durften dann aush\u00e4rten. Da waren unsere M\u00e4uschen und Eichh\u00f6rnchen ganz flei\u00dfig bei der Sache und sehr stolz auf ihre wichtige Aufgabe f\u00fcr die V\u00f6gel im Wald.<\/p>\n\n\n\n<figure class=\"wp-block-image size-large\"><img loading=\"lazy\" decoding=\"async\" width=\"1024\" height=\"872\" src=\"http:\/\/waldkindergarten-berglen.de\/wp-content\/uploads\/2021\/05\/Vogelfutter-machen-1024x872.jpg\" alt=\"Vogelfutter machen\" class=\"wp-image-7112\" srcset=\"https:\/\/waldkindergarten-berglen.de\/wp-content\/uploads\/2021\/05\/Vogelfutter-machen-1024x872.jpg 1024w, https:\/\/waldkindergarten-berglen.de\/wp-content\/uploads\/2021\/05\/Vogelfutter-machen-300x256.jpg 300w, https:\/\/waldkindergarten-berglen.de\/wp-content\/uploads\/2021\/05\/Vogelfutter-machen-768x654.jpg 768w, https:\/\/waldkindergarten-berglen.de\/wp-content\/uploads\/2021\/05\/Vogelfutter-machen-982x837.jpg 982w, https:\/\/waldkindergarten-berglen.de\/wp-content\/uploads\/2021\/05\/Vogelfutter-machen-400x341.jpg 400w, https:\/\/waldkindergarten-berglen.de\/wp-content\/uploads\/2021\/05\/Vogelfutter-machen.jpg 1081w\" sizes=\"auto, (max-width: 1024px) 100vw, 1024px\" \/><figcaption>Vogelfutter machen<\/figcaption><\/figure>\n\n\n\n<p>Am Freitag durften dann die Kinder, die im Januar Geburtstag hatte, zusammen im Wald nachfeiern. Dazu besuchten sie die Traumfee Calendula, die ihnen herzlich gratulierten und ihnen einen individuellen Traumf\u00e4nger f\u00fcr ihr Kinderzimmer schenkte. Danach gab es f\u00fcr die Kinder ein Geburtstagsessen mit W\u00fcrstchen, Brezeln und zum Nachtisch noch etwas S\u00fc\u00dfem. Selbstverst\u00e4ndlich wurden in Bezug auf die Zubereitung und Vergabe der Lebensmittel alle erforderlichen Ma\u00dfnahmen zur Hygiene beachtet und umgesetzt.<\/p>\n\n\n\n<p>So ging eine spannende Woche im Waldkindergarten zu Ende und alle freuen sich, dass sie ihren geliebten Kindi wieder haben.<\/p>\n\n\n\n<p><em>Wussten Sie schon<br>\u201eIn der Umgebung des Kindes sollte nichts geschehen, was von diesem nicht nachgeahmt werden darf.\u201c (Rudolf Steiner)<br>F\u00fcr die Kinder bis zum Schulalter ist laut Rudolf Steiner das wichtigste Kommunikationsmittel in ihrer menschlichen Umgebung das Prinzip der Nachahmung. Alles, was das Kind in diesem Alter vollzieht, vollzieht es aus dem Prinzip der Nachahmung. Und gerade, weil Kinder einfach alles nachmachen, ist es so wichtig, dass sie eine Umgebung haben, die nachahmenswert ist.<\/em><\/p>\n","protected":false},"excerpt":{"rendered":"<p>Bei sch\u00f6nstem Fr\u00fchlingswetter kehrten alle Zwerge- und Wichtelkinder in ihren geliebten Waldkindergarten zur\u00fcck. Die Freude war bei allen riesengro\u00df, endlich durfte man wieder mit seinen Freunden durch den Wald toben oder zusammen mit den Erzieherinnen spannende Aktionen erleben. Mittags beim Abholen erwarteten die Eltern lauter strahlende Gesichter und ganz gel\u00f6st spielende Kinder. War das ein&hellip; <a href=\"https:\/\/waldkindergarten-berglen.de\/?p=7107\" class=\"more-link\">Weiterlesen <span class=\"screen-reader-text\">Seliges Wiederankommen im Waldkindergarten<\/span><\/a><\/p>\n","protected":false},"author":7,"featured_media":0,"comment_status":"closed","ping_status":"closed","sticky":false,"template":"","format":"standard","meta":{"ngg_post_thumbnail":0,"_jetpack_memberships_contains_paid_content":false,"footnotes":""},"categories":[3],"tags":[],"class_list":["post-7107","post","type-post","status-publish","format-standard","hentry","category-berichte"],"jetpack_featured_media_url":"","jetpack_sharing_enabled":true,"_links":{"self":[{"href":"https:\/\/waldkindergarten-berglen.de\/index.php?rest_route=\/wp\/v2\/posts\/7107","targetHints":{"allow":["GET"]}}],"collection":[{"href":"https:\/\/waldkindergarten-berglen.de\/index.php?rest_route=\/wp\/v2\/posts"}],"about":[{"href":"https:\/\/waldkindergarten-berglen.de\/index.php?rest_route=\/wp\/v2\/types\/post"}],"author":[{"embeddable":true,"href":"https:\/\/waldkindergarten-berglen.de\/index.php?rest_route=\/wp\/v2\/users\/7"}],"replies":[{"embeddable":true,"href":"https:\/\/waldkindergarten-berglen.de\/index.php?rest_route=%2Fwp%2Fv2%2Fcomments&post=7107"}],"version-history":[{"count":1,"href":"https:\/\/waldkindergarten-berglen.de\/index.php?rest_route=\/wp\/v2\/posts\/7107\/revisions"}],"predecessor-version":[{"id":7113,"href":"https:\/\/waldkindergarten-berglen.de\/index.php?rest_route=\/wp\/v2\/posts\/7107\/revisions\/7113"}],"wp:attachment":[{"href":"https:\/\/waldkindergarten-berglen.de\/index.php?rest_route=%2Fwp%2Fv2%2Fmedia&parent=7107"}],"wp:term":[{"taxonomy":"category","embeddable":true,"href":"https:\/\/waldkindergarten-berglen.de\/index.php?rest_route=%2Fwp%2Fv2%2Fcategories&post=7107"},{"taxonomy":"post_tag","embeddable":true,"href":"https:\/\/waldkindergarten-berglen.de\/index.php?rest_route=%2Fwp%2Fv2%2Ftags&post=7107"}],"curies":[{"name":"wp","href":"https:\/\/api.w.org\/{rel}","templated":true}]}}