{"id":7119,"date":"2021-03-29T08:05:00","date_gmt":"2021-03-29T06:05:00","guid":{"rendered":"https:\/\/waldkindergarten-berglen.de\/?p=7119"},"modified":"2021-05-21T14:53:38","modified_gmt":"2021-05-21T12:53:38","slug":"die-ostervorbereitungen-laufen","status":"publish","type":"post","link":"https:\/\/waldkindergarten-berglen.de\/?p=7119","title":{"rendered":"Die Ostervorbereitungen laufen"},"content":{"rendered":"\n<p>Ostern steht vor der T\u00fcr und das macht sich nat\u00fcrlich auch im Kindergartenalltag bemerkbar.<br>Das Thema Ostern begleitete die Kinder in den vergangenen Tagen im Morgenkreis und beim Vorlesen. Es wurden Lieder und Fingerspiele zu diesem Thema gelernt, B\u00fccher gelesen und das St\u00fcckle h\u00fcbsch \u00f6sterlich dekoriert.<br>Alle sind schon sehr gespannt auf die kommende Woche. Ob der Osterhase wohl ihre Nestchen f\u00fcllen wird?<\/p>\n\n\n\n<p>Davor gab es noch Einiges zu tun. Die Nestchen wurden von den Kindern selbst hergestellt. Dazu rupften die Kinder Zeitungspapier klein, mischten es mit Wasser und gr\u00fcner Farbe zu einem \u201ePapierbrei\u201c. Anschlie\u00dfend bekamen die Kinder ein Sieb und die unterschiedlichsten Bl\u00e4tter und Bl\u00fcten zur Verf\u00fcgung gestellt und durften ihrer Fantasie freien Lauf lassen.<\/p>\n\n\n\n<figure class=\"wp-block-image size-large\"><img loading=\"lazy\" decoding=\"async\" width=\"1024\" height=\"768\" src=\"http:\/\/waldkindergarten-berglen.de\/wp-content\/uploads\/2021\/05\/Osternester-basteln-1024x768.jpg\" alt=\"Osternester basteln\" class=\"wp-image-7120\" srcset=\"https:\/\/waldkindergarten-berglen.de\/wp-content\/uploads\/2021\/05\/Osternester-basteln-1024x768.jpg 1024w, https:\/\/waldkindergarten-berglen.de\/wp-content\/uploads\/2021\/05\/Osternester-basteln-300x225.jpg 300w, https:\/\/waldkindergarten-berglen.de\/wp-content\/uploads\/2021\/05\/Osternester-basteln-768x576.jpg 768w, https:\/\/waldkindergarten-berglen.de\/wp-content\/uploads\/2021\/05\/Osternester-basteln-1536x1153.jpg 1536w, https:\/\/waldkindergarten-berglen.de\/wp-content\/uploads\/2021\/05\/Osternester-basteln-982x737.jpg 982w, https:\/\/waldkindergarten-berglen.de\/wp-content\/uploads\/2021\/05\/Osternester-basteln-400x300.jpg 400w, https:\/\/waldkindergarten-berglen.de\/wp-content\/uploads\/2021\/05\/Osternester-basteln.jpg 1599w\" sizes=\"auto, (max-width: 1024px) 100vw, 1024px\" \/><figcaption>Osternester basteln<\/figcaption><\/figure>\n\n\n\n<p>Zuerst wurde das Sieb mit einem Muster aus Bl\u00fcten und Bl\u00e4ttern ausgelegt, dann durften sie den Papiermatsch dar\u00fcber verteilen, festdr\u00fccken und anschlie\u00dfend die Innenseite des Nestchens ebenfalls nach eigenem Geschmack mit Naturmaterialien verzieren. Dann musste alles trocknen. Das Projekt passte perfekt zum Thema M\u00fcll und Upcycling, alle waren ganz gl\u00fccklich, dass man aus \u201eM\u00fcll\u201c etwas so Gro\u00dfartiges erschaffen kann.<\/p>\n\n\n\n<figure class=\"wp-block-image size-large\"><img loading=\"lazy\" decoding=\"async\" width=\"768\" height=\"1024\" src=\"http:\/\/waldkindergarten-berglen.de\/wp-content\/uploads\/2021\/05\/Fleissige-Vorschueler-1-768x1024.jpg\" alt=\"Flei\u00dfige Vorsch\u00fcler\" class=\"wp-image-7127\" srcset=\"https:\/\/waldkindergarten-berglen.de\/wp-content\/uploads\/2021\/05\/Fleissige-Vorschueler-1-768x1023.jpg 768w, https:\/\/waldkindergarten-berglen.de\/wp-content\/uploads\/2021\/05\/Fleissige-Vorschueler-1-225x300.jpg 225w, https:\/\/waldkindergarten-berglen.de\/wp-content\/uploads\/2021\/05\/Fleissige-Vorschueler-1-1153x1536.jpg 1153w, https:\/\/waldkindergarten-berglen.de\/wp-content\/uploads\/2021\/05\/Fleissige-Vorschueler-1-982x1309.jpg 982w, https:\/\/waldkindergarten-berglen.de\/wp-content\/uploads\/2021\/05\/Fleissige-Vorschueler-1-300x400.jpg 300w, https:\/\/waldkindergarten-berglen.de\/wp-content\/uploads\/2021\/05\/Fleissige-Vorschueler-1-rotated.jpg 1200w\" sizes=\"auto, (max-width: 768px) 100vw, 768px\" \/><figcaption>Flei\u00dfige Vorsch\u00fcler<\/figcaption><\/figure>\n\n\n\n<p>Die Kinder verfassten vergangene Woche auch gemeinsam mit ihren Erzieherinnen einen Brief, in dem sie dem Osterhasen beschrieben, wo ihr Osterplatz ist und ihn ganz lieb baten, ihnen doch ihre Nestchen zu f\u00fcllen. Den Brief und die wundersch\u00f6nen Nestchen legten sie dann f\u00fcr den Osterhasen auf dem St\u00fcckle bereit.<\/p>\n\n\n\n<p>Anschlie\u00dfend gestaltete jedes Kind einen selbst ausgesuchten Platz auf einer Lichtung im Wald, an den der Osterhase das Nestchen dann legen kann. Mitten rein legte jeder einen selbstbemalten Stein mit seinem Namen. Sie gaben sich auch mit dieser Aufgabe alle sehr gro\u00dfe M\u00fche und jeder hatte gro\u00dfartige Ideen, wie er die ausgew\u00e4hlte Stelle besonders h\u00fcbsch gestalten konnte.<\/p>\n\n\n\n<figure class=\"wp-block-image size-large\"><img loading=\"lazy\" decoding=\"async\" width=\"1024\" height=\"768\" src=\"http:\/\/waldkindergarten-berglen.de\/wp-content\/uploads\/2021\/05\/Ein-Platz-fuer-das-Osternest-1024x768.jpg\" alt=\"Ein Platz f\u00fcr das Osternest\" class=\"wp-image-7125\" srcset=\"https:\/\/waldkindergarten-berglen.de\/wp-content\/uploads\/2021\/05\/Ein-Platz-fuer-das-Osternest-1024x768.jpg 1024w, https:\/\/waldkindergarten-berglen.de\/wp-content\/uploads\/2021\/05\/Ein-Platz-fuer-das-Osternest-300x225.jpg 300w, https:\/\/waldkindergarten-berglen.de\/wp-content\/uploads\/2021\/05\/Ein-Platz-fuer-das-Osternest-768x576.jpg 768w, https:\/\/waldkindergarten-berglen.de\/wp-content\/uploads\/2021\/05\/Ein-Platz-fuer-das-Osternest-1536x1153.jpg 1536w, https:\/\/waldkindergarten-berglen.de\/wp-content\/uploads\/2021\/05\/Ein-Platz-fuer-das-Osternest-982x737.jpg 982w, https:\/\/waldkindergarten-berglen.de\/wp-content\/uploads\/2021\/05\/Ein-Platz-fuer-das-Osternest-400x300.jpg 400w, https:\/\/waldkindergarten-berglen.de\/wp-content\/uploads\/2021\/05\/Ein-Platz-fuer-das-Osternest.jpg 1599w\" sizes=\"auto, (max-width: 1024px) 100vw, 1024px\" \/><figcaption>Ein Platz f\u00fcr das Osternest<\/figcaption><\/figure>\n\n\n\n<p>So kann nun fast nichts mehr schief gehen und alle warten gespannt, ob der Osterhase ihren Brief und die Nestchen findet und sie tats\u00e4chlich n\u00e4chste Woche gef\u00fcllt in den Wald zur\u00fcckbringt.<\/p>\n\n\n\n<p><em>Wussten Sie schon<br>Ostern ist immer am ersten Sonntag nach dem Fr\u00fchlingsvollmond.<\/em><\/p>\n","protected":false},"excerpt":{"rendered":"<p>Ostern steht vor der T\u00fcr und das macht sich nat\u00fcrlich auch im Kindergartenalltag bemerkbar.Das Thema Ostern begleitete die Kinder in den vergangenen Tagen im Morgenkreis und beim Vorlesen. Es wurden Lieder und Fingerspiele zu diesem Thema gelernt, B\u00fccher gelesen und das St\u00fcckle h\u00fcbsch \u00f6sterlich dekoriert.Alle sind schon sehr gespannt auf die kommende Woche. Ob der&hellip; <a href=\"https:\/\/waldkindergarten-berglen.de\/?p=7119\" class=\"more-link\">Weiterlesen <span class=\"screen-reader-text\">Die Ostervorbereitungen laufen<\/span><\/a><\/p>\n","protected":false},"author":7,"featured_media":0,"comment_status":"closed","ping_status":"closed","sticky":false,"template":"","format":"standard","meta":{"ngg_post_thumbnail":0,"_jetpack_memberships_contains_paid_content":false,"footnotes":""},"categories":[3],"tags":[],"class_list":["post-7119","post","type-post","status-publish","format-standard","hentry","category-berichte"],"jetpack_featured_media_url":"","jetpack_sharing_enabled":true,"_links":{"self":[{"href":"https:\/\/waldkindergarten-berglen.de\/index.php?rest_route=\/wp\/v2\/posts\/7119","targetHints":{"allow":["GET"]}}],"collection":[{"href":"https:\/\/waldkindergarten-berglen.de\/index.php?rest_route=\/wp\/v2\/posts"}],"about":[{"href":"https:\/\/waldkindergarten-berglen.de\/index.php?rest_route=\/wp\/v2\/types\/post"}],"author":[{"embeddable":true,"href":"https:\/\/waldkindergarten-berglen.de\/index.php?rest_route=\/wp\/v2\/users\/7"}],"replies":[{"embeddable":true,"href":"https:\/\/waldkindergarten-berglen.de\/index.php?rest_route=%2Fwp%2Fv2%2Fcomments&post=7119"}],"version-history":[{"count":1,"href":"https:\/\/waldkindergarten-berglen.de\/index.php?rest_route=\/wp\/v2\/posts\/7119\/revisions"}],"predecessor-version":[{"id":7128,"href":"https:\/\/waldkindergarten-berglen.de\/index.php?rest_route=\/wp\/v2\/posts\/7119\/revisions\/7128"}],"wp:attachment":[{"href":"https:\/\/waldkindergarten-berglen.de\/index.php?rest_route=%2Fwp%2Fv2%2Fmedia&parent=7119"}],"wp:term":[{"taxonomy":"category","embeddable":true,"href":"https:\/\/waldkindergarten-berglen.de\/index.php?rest_route=%2Fwp%2Fv2%2Fcategories&post=7119"},{"taxonomy":"post_tag","embeddable":true,"href":"https:\/\/waldkindergarten-berglen.de\/index.php?rest_route=%2Fwp%2Fv2%2Ftags&post=7119"}],"curies":[{"name":"wp","href":"https:\/\/api.w.org\/{rel}","templated":true}]}}