{"id":7181,"date":"2021-07-26T08:05:00","date_gmt":"2021-07-26T06:05:00","guid":{"rendered":"https:\/\/waldkindergarten-berglen.de\/?p=7181"},"modified":"2021-07-25T21:03:58","modified_gmt":"2021-07-25T19:03:58","slug":"die-uebernachtung-und-verabschiedung-der-fuechse","status":"publish","type":"post","link":"https:\/\/waldkindergarten-berglen.de\/?p=7181","title":{"rendered":"Die \u00dcbernachtung und Verabschiedung der F\u00fcchse"},"content":{"rendered":"\n<p>In dieser Woche standen f\u00fcr unsere Vorschulkinder gleich zwei gro\u00dfe Ereignisse an: Die lange ersehnte Fuchs\u00fcbernachtung sowie die Fuchsverabschiedung.<\/p>\n\n\n\n<p>Zur \u00dcbernachtung trafen sich alle Wichtel- und Zwergen-F\u00fcchse am Mittwochabend auf dem St\u00fcckle. Mit den Mamas und Papas wurden eifrig die Zelte aufgebaut und mit Schlafsachen eingerichtet. Dann erklang die Fl\u00f6te und alle Kinder versammelten sich. <\/p>\n\n\n\n<figure class=\"wp-block-image size-large\"><img loading=\"lazy\" decoding=\"async\" width=\"1024\" height=\"576\" src=\"https:\/\/waldkindergarten-berglen.de\/wp-content\/uploads\/2021\/07\/Fuchsuebernachtung-1024x576.jpg\" alt=\"\" class=\"wp-image-7183\" srcset=\"https:\/\/waldkindergarten-berglen.de\/wp-content\/uploads\/2021\/07\/Fuchsuebernachtung-1024x576.jpg 1024w, https:\/\/waldkindergarten-berglen.de\/wp-content\/uploads\/2021\/07\/Fuchsuebernachtung-300x169.jpg 300w, https:\/\/waldkindergarten-berglen.de\/wp-content\/uploads\/2021\/07\/Fuchsuebernachtung-768x432.jpg 768w, https:\/\/waldkindergarten-berglen.de\/wp-content\/uploads\/2021\/07\/Fuchsuebernachtung-1536x864.jpg 1536w, https:\/\/waldkindergarten-berglen.de\/wp-content\/uploads\/2021\/07\/Fuchsuebernachtung-982x552.jpg 982w, https:\/\/waldkindergarten-berglen.de\/wp-content\/uploads\/2021\/07\/Fuchsuebernachtung-400x225.jpg 400w, https:\/\/waldkindergarten-berglen.de\/wp-content\/uploads\/2021\/07\/Fuchsuebernachtung.jpg 1600w\" sizes=\"auto, (max-width: 1024px) 100vw, 1024px\" \/><figcaption>Unser St\u00fcckle mit den Zelten<\/figcaption><\/figure>\n\n\n\n<p>Nach einer kurzen Verabschiedung der Eltern &#8211; die den meisten Eltern wohl schwerer fiel als den Kindern &#8211; gab es leckere Pizza f\u00fcr alle Fuchskinder und die Erzieherinnen. Frisch gest\u00e4rkt ging es los in den Wald zur Nachtwanderung &#8211; wie aufregend!! Dazu erz\u00e4hlten die Erzieherinnen eine Geschichte von 15 kleine F\u00fcchschen, die gerne gro\u00df sein und in die Schule gehen wollten. Die kleinen F\u00fcchschen \u00fcberlegten, wie sie das wohl erreichen k\u00f6nnten. Eine der Fuchsmamas schickte sie in den Wald um die Eule Eulalia um Rat zu fragen. So machten sich auch unsere Kinder auf den Weg in den Wald. Die Eule erkl\u00e4rte den F\u00fcchsen, dass gro\u00dfe F\u00fcchse sehr mutig w\u00e4ren. Mutig wie unsere F\u00fcchse sind krabbelten sie daraufhin durch ein langes enges Rohr. Aber reicht denn mutig sein alleine aus um gro\u00df zu sein und in die Schule zu k\u00f6nnen? Die Eule schickte die Kinder weiter hinein in den Wald um dem schnellen Hasen Hans um Rat zu fragen. Der Hase wiederum sagte zu den F\u00fcchschen, dass sie auch flink und geschickt sein m\u00fcssten. Flink und geschickt wie unsere F\u00fcchse auch sind kletterten sie \u00fcber eine Seilbr\u00fccke, die \u00fcber einen gro\u00dfen Graben gespannt war. Der Hase schickte die Kinder nun weiter zum Reh Rudi, welches den Kindern mit auf den Weg gab, dass man sich auch gut orientieren k\u00f6nnen und den Weg finden muss, wenn man gro\u00df sein m\u00f6chte. Es erkl\u00e4rte den F\u00fcchsen, dass man sich im Dunkeln auch an den Sternen orientieren kann. Die Kinder legten daraufhin einen ganz gro\u00dfen Stern aus St\u00f6cken auf den Weg.<\/p>\n\n\n\n<p>Weiter ging es nun zur Hutzelmannh\u00fctte. Ganz sch\u00f6n aufregend ist so eine abendliche Waldwanderung. Man sieht und h\u00f6rt dabei ganz andere Sachen als tags\u00fcber. Die Grillen zirpten laut und sogar Flederm\u00e4use flogen vorbei. An der Hutzelmannh\u00fctte machten die Kinder ein P\u00e4uschen mit einem tollen und wohlverdienten S\u00fc\u00dfigkeitenbuffet. Hmmm, wie lecker!! Bereits in der D\u00e4mmerung machte sich die Gruppe auf den R\u00fcckweg. Als sie wieder am St\u00fcckle ankamen war es schon stockfinster. Die Kinder waren nach der langen und spannenden Nachtwanderung auch schon ganz sch\u00f6n m\u00fcde. Schnell krochen sie in die Zelte, kuschelten sich in ihre gem\u00fctlichen Schlafs\u00e4cke, plapperten noch ein wenig mit den Freunden und schliefen dann ein. Morgens gab es noch ein leckeres gemeinsames Fr\u00fchst\u00fcck bevor die Kinder von ihren Eltern wieder abgeholt wurden. Stolz und gl\u00fccklich gingen unsere m\u00fcden Fuchskinder nach Hause.<\/p>\n\n\n\n<figure class=\"wp-block-image size-large\"><img loading=\"lazy\" decoding=\"async\" width=\"1024\" height=\"576\" src=\"https:\/\/waldkindergarten-berglen.de\/wp-content\/uploads\/2021\/07\/Nachtwanderung-1024x576.jpg\" alt=\"\" class=\"wp-image-7182\" srcset=\"https:\/\/waldkindergarten-berglen.de\/wp-content\/uploads\/2021\/07\/Nachtwanderung-1024x576.jpg 1024w, https:\/\/waldkindergarten-berglen.de\/wp-content\/uploads\/2021\/07\/Nachtwanderung-300x169.jpg 300w, https:\/\/waldkindergarten-berglen.de\/wp-content\/uploads\/2021\/07\/Nachtwanderung-768x432.jpg 768w, https:\/\/waldkindergarten-berglen.de\/wp-content\/uploads\/2021\/07\/Nachtwanderung-1536x864.jpg 1536w, https:\/\/waldkindergarten-berglen.de\/wp-content\/uploads\/2021\/07\/Nachtwanderung-982x552.jpg 982w, https:\/\/waldkindergarten-berglen.de\/wp-content\/uploads\/2021\/07\/Nachtwanderung-400x225.jpg 400w, https:\/\/waldkindergarten-berglen.de\/wp-content\/uploads\/2021\/07\/Nachtwanderung.jpg 2016w\" sizes=\"auto, (max-width: 1024px) 100vw, 1024px\" \/><figcaption>Bei der Nachtwanderung<\/figcaption><\/figure>\n\n\n\n<p>Am Ende der Woche wurden unsere F\u00fcchse gemeinsam mit ihren Eltern gruppenintern auch schon verabschiedet. An der Dicken Berta spielten die Erzieherinnen den Waldkindern und den Fuchseltern ein sch\u00f6nes Kasperle-Theater vor. Es handelte von der Prinzessin, der die b\u00f6se Hexe im Zauberwald die Schult\u00fcte unsichtbar gehext hatte, damit sie nie zur Schule gehen k\u00f6nne und f\u00fcr immer dumm bleibe, und dem Kasperle, das mutig mit Hilfe der Kinder die Schult\u00fcte zur\u00fcckholte.&nbsp;<\/p>\n\n\n\n<p>Anschlie\u00dfend durften die kleineren Kinder den F\u00fcchsen ihre von den Erzieherinnen liebevoll gef\u00fcllten wundersch\u00f6nen selbst gebastelten Schult\u00fcten und auch T-Shirts mit den Handabdr\u00fccken und Namen aller Waldkinder der eigenen Gruppe \u00fcberreichen. Als die Erzieherinnen den Kindern nun noch ihre aufwendig gestalteten, wundersch\u00f6nen Erinnerungs-Foto-Ordner mit pers\u00f6nlichen feierlichen Worten zu jeden Kind \u00fcberreichten, waren so manche Eltern den Tr\u00e4nen nahe vor R\u00fchrung.<\/p>\n\n\n\n<p>Ganz stolz standen sie da mit ihren Schult\u00fcten, unsere gro\u00dfen F\u00fcchse. Und ja, diese gro\u00dfen, mutigen, flinken und geschickten Kinder sind jetzt auf jeden Fall bereit f\u00fcr die Schule und freuen sich sehr darauf &#8211; auch wenn sie ihren wundervollen Kindergarten und die unvergessliche Zeit dort ganz bestimmt vermissen werden!<\/p>\n\n\n\n<figure class=\"wp-block-image size-full\"><img loading=\"lazy\" decoding=\"async\" width=\"1024\" height=\"766\" src=\"https:\/\/waldkindergarten-berglen.de\/wp-content\/uploads\/2021\/07\/Fuchsverabschiedung-Wichtel.jpg\" alt=\"\" class=\"wp-image-7184\" srcset=\"https:\/\/waldkindergarten-berglen.de\/wp-content\/uploads\/2021\/07\/Fuchsverabschiedung-Wichtel.jpg 1024w, https:\/\/waldkindergarten-berglen.de\/wp-content\/uploads\/2021\/07\/Fuchsverabschiedung-Wichtel-300x224.jpg 300w, https:\/\/waldkindergarten-berglen.de\/wp-content\/uploads\/2021\/07\/Fuchsverabschiedung-Wichtel-768x575.jpg 768w, https:\/\/waldkindergarten-berglen.de\/wp-content\/uploads\/2021\/07\/Fuchsverabschiedung-Wichtel-982x735.jpg 982w, https:\/\/waldkindergarten-berglen.de\/wp-content\/uploads\/2021\/07\/Fuchsverabschiedung-Wichtel-400x299.jpg 400w\" sizes=\"auto, (max-width: 1024px) 100vw, 1024px\" \/><figcaption>Unsere Wichtel-F\u00fcchse<\/figcaption><\/figure>\n\n\n\n<figure class=\"wp-block-image size-large\"><img loading=\"lazy\" decoding=\"async\" width=\"1024\" height=\"576\" src=\"https:\/\/waldkindergarten-berglen.de\/wp-content\/uploads\/2021\/07\/Fuchsverabschiedung-Zwerge-1024x576.jpg\" alt=\"\" class=\"wp-image-7185\" srcset=\"https:\/\/waldkindergarten-berglen.de\/wp-content\/uploads\/2021\/07\/Fuchsverabschiedung-Zwerge-1024x576.jpg 1024w, https:\/\/waldkindergarten-berglen.de\/wp-content\/uploads\/2021\/07\/Fuchsverabschiedung-Zwerge-300x169.jpg 300w, https:\/\/waldkindergarten-berglen.de\/wp-content\/uploads\/2021\/07\/Fuchsverabschiedung-Zwerge-768x432.jpg 768w, https:\/\/waldkindergarten-berglen.de\/wp-content\/uploads\/2021\/07\/Fuchsverabschiedung-Zwerge-1536x864.jpg 1536w, https:\/\/waldkindergarten-berglen.de\/wp-content\/uploads\/2021\/07\/Fuchsverabschiedung-Zwerge-2048x1152.jpg 2048w, https:\/\/waldkindergarten-berglen.de\/wp-content\/uploads\/2021\/07\/Fuchsverabschiedung-Zwerge-982x552.jpg 982w, https:\/\/waldkindergarten-berglen.de\/wp-content\/uploads\/2021\/07\/Fuchsverabschiedung-Zwerge-400x225.jpg 400w\" sizes=\"auto, (max-width: 1024px) 100vw, 1024px\" \/><figcaption>Unsere Zwergen-F\u00fcchse<\/figcaption><\/figure>\n\n\n\n<p><strong>Wussten Sie schon?<\/strong><\/p>\n\n\n\n<p>In Deutschland gibt es 25 verschiedene heimische Fledermaus-Arten. Sie halten bis zu 6 Monate Winterschlaf und sind dann von Fr\u00fchling bis Herbst nachts unterwegs. Dabei jagen sie Insekten. Jede Nacht fressen sie davon Mengen, die bis zu einem Drittel des eigenen K\u00f6rpergewichts entsprechen. Sie k\u00f6nnen 20 Jahre oder sogar noch \u00e4lter werden.<\/p>\n","protected":false},"excerpt":{"rendered":"<p>In dieser Woche standen f\u00fcr unsere Vorschulkinder gleich zwei gro\u00dfe Ereignisse an: Die lange ersehnte Fuchs\u00fcbernachtung sowie die Fuchsverabschiedung. Zur \u00dcbernachtung trafen sich alle Wichtel- und Zwergen-F\u00fcchse am Mittwochabend auf dem St\u00fcckle. Mit den Mamas und Papas wurden eifrig die Zelte aufgebaut und mit Schlafsachen eingerichtet. Dann erklang die Fl\u00f6te und alle Kinder versammelten sich.&hellip; <a href=\"https:\/\/waldkindergarten-berglen.de\/?p=7181\" class=\"more-link\">Weiterlesen <span class=\"screen-reader-text\">Die \u00dcbernachtung und Verabschiedung der F\u00fcchse<\/span><\/a><\/p>\n","protected":false},"author":8,"featured_media":0,"comment_status":"closed","ping_status":"closed","sticky":false,"template":"","format":"standard","meta":{"ngg_post_thumbnail":0,"_jetpack_memberships_contains_paid_content":false,"footnotes":""},"categories":[3],"tags":[],"class_list":["post-7181","post","type-post","status-publish","format-standard","hentry","category-berichte"],"jetpack_featured_media_url":"","jetpack_sharing_enabled":true,"_links":{"self":[{"href":"https:\/\/waldkindergarten-berglen.de\/index.php?rest_route=\/wp\/v2\/posts\/7181","targetHints":{"allow":["GET"]}}],"collection":[{"href":"https:\/\/waldkindergarten-berglen.de\/index.php?rest_route=\/wp\/v2\/posts"}],"about":[{"href":"https:\/\/waldkindergarten-berglen.de\/index.php?rest_route=\/wp\/v2\/types\/post"}],"author":[{"embeddable":true,"href":"https:\/\/waldkindergarten-berglen.de\/index.php?rest_route=\/wp\/v2\/users\/8"}],"replies":[{"embeddable":true,"href":"https:\/\/waldkindergarten-berglen.de\/index.php?rest_route=%2Fwp%2Fv2%2Fcomments&post=7181"}],"version-history":[{"count":1,"href":"https:\/\/waldkindergarten-berglen.de\/index.php?rest_route=\/wp\/v2\/posts\/7181\/revisions"}],"predecessor-version":[{"id":7186,"href":"https:\/\/waldkindergarten-berglen.de\/index.php?rest_route=\/wp\/v2\/posts\/7181\/revisions\/7186"}],"wp:attachment":[{"href":"https:\/\/waldkindergarten-berglen.de\/index.php?rest_route=%2Fwp%2Fv2%2Fmedia&parent=7181"}],"wp:term":[{"taxonomy":"category","embeddable":true,"href":"https:\/\/waldkindergarten-berglen.de\/index.php?rest_route=%2Fwp%2Fv2%2Fcategories&post=7181"},{"taxonomy":"post_tag","embeddable":true,"href":"https:\/\/waldkindergarten-berglen.de\/index.php?rest_route=%2Fwp%2Fv2%2Ftags&post=7181"}],"curies":[{"name":"wp","href":"https:\/\/api.w.org\/{rel}","templated":true}]}}