{"id":7215,"date":"2021-05-10T08:05:00","date_gmt":"2021-05-10T06:05:00","guid":{"rendered":"https:\/\/waldkindergarten-berglen.de\/?p=7215"},"modified":"2021-08-01T14:07:34","modified_gmt":"2021-08-01T12:07:34","slug":"es-krabbelt-weiter-im-wald","status":"publish","type":"post","link":"https:\/\/waldkindergarten-berglen.de\/?p=7215","title":{"rendered":"Es krabbelt weiter im Wald"},"content":{"rendered":"\n<p>Auch vergangene Woche bereitete unser Waldteam f\u00fcr alle Waldkinder und deren Familien einen Aktionsweg vor. Es drehte sich weiterhin um Krabbeltiere und deren Lebensraum. Viel Informatives aber auch eine Menge Spa\u00df und Bewegung sorgten daf\u00fcr, dass die Kinder trotz Lockdown mit ihrem Waldkindergarten in Verbindung bleiben konnten. M\u00e4dels, ihr seid einfach die Besten!!! Herzlichen Dank f\u00fcr euren unerm\u00fcdlichen Einsatz, gerade in der jetzigen Zeit ist das ein solches Geschenk!<\/p>\n\n\n\n<p>Los ging es wieder mit einer wundervollen Geschichte, die die Eltern den Kindern vorlesen durften. Jede Szene der Geschichte war in einer Obstkiste mit Naturmaterialien bildlich dargestellt.<\/p>\n\n\n\n<p><\/p>\n\n\n\n<figure class=\"wp-block-image size-large\"><img loading=\"lazy\" decoding=\"async\" width=\"768\" height=\"1024\" src=\"https:\/\/waldkindergarten-berglen.de\/wp-content\/uploads\/2021\/08\/Geschichte-768x1024.jpg\" alt=\"\" class=\"wp-image-7216\" srcset=\"https:\/\/waldkindergarten-berglen.de\/wp-content\/uploads\/2021\/08\/Geschichte-768x1024.jpg 768w, https:\/\/waldkindergarten-berglen.de\/wp-content\/uploads\/2021\/08\/Geschichte-225x300.jpg 225w, https:\/\/waldkindergarten-berglen.de\/wp-content\/uploads\/2021\/08\/Geschichte-1152x1536.jpg 1152w, https:\/\/waldkindergarten-berglen.de\/wp-content\/uploads\/2021\/08\/Geschichte-1536x2048.jpg 1536w, https:\/\/waldkindergarten-berglen.de\/wp-content\/uploads\/2021\/08\/Geschichte-982x1309.jpg 982w, https:\/\/waldkindergarten-berglen.de\/wp-content\/uploads\/2021\/08\/Geschichte-300x400.jpg 300w, https:\/\/waldkindergarten-berglen.de\/wp-content\/uploads\/2021\/08\/Geschichte-scaled.jpg 1920w\" sizes=\"auto, (max-width: 768px) 100vw, 768px\" \/><\/figure>\n\n\n\n<p>Wer schon einmal mitten im Wald einer Geschichte von einem Fabelwesen und seinen Erlebnissen gelauscht hat, der wei\u00df, dass es sich wirklich anf\u00fchlt als w\u00fcrde man in den Wald eintauchen. In diese besondere Stimmung versetzt, ging es weiter zum Wurzelplatz. Hier durften alle Familien mithelfen, ein riesengro\u00dfes Spinnennetz zu weben. Ein dickes Wollkn\u00e4uel wurde von jeder Familie einen Baum weiter gewebt und man durfte einen Anh\u00e4nger mit seinem Namen beschriften und drankn\u00fcpfen. Und f\u00fcr den, der Lust hatte, lag ein lustiges Spiel mit dem bezaubernden Namen \u201eK\u00e4ferchen, pass auf\u201c bereit.<\/p>\n\n\n\n<p><\/p>\n\n\n\n<figure class=\"wp-block-image size-large\"><img loading=\"lazy\" decoding=\"async\" width=\"1024\" height=\"768\" src=\"https:\/\/waldkindergarten-berglen.de\/wp-content\/uploads\/2021\/08\/Kaeferchen-pass-auf-1024x768.jpg\" alt=\"\" class=\"wp-image-7217\" srcset=\"https:\/\/waldkindergarten-berglen.de\/wp-content\/uploads\/2021\/08\/Kaeferchen-pass-auf-1024x768.jpg 1024w, https:\/\/waldkindergarten-berglen.de\/wp-content\/uploads\/2021\/08\/Kaeferchen-pass-auf-300x225.jpg 300w, https:\/\/waldkindergarten-berglen.de\/wp-content\/uploads\/2021\/08\/Kaeferchen-pass-auf-768x576.jpg 768w, https:\/\/waldkindergarten-berglen.de\/wp-content\/uploads\/2021\/08\/Kaeferchen-pass-auf-1536x1152.jpg 1536w, https:\/\/waldkindergarten-berglen.de\/wp-content\/uploads\/2021\/08\/Kaeferchen-pass-auf-2048x1536.jpg 2048w, https:\/\/waldkindergarten-berglen.de\/wp-content\/uploads\/2021\/08\/Kaeferchen-pass-auf-982x737.jpg 982w, https:\/\/waldkindergarten-berglen.de\/wp-content\/uploads\/2021\/08\/Kaeferchen-pass-auf-400x300.jpg 400w\" sizes=\"auto, (max-width: 1024px) 100vw, 1024px\" \/><\/figure>\n\n\n\n<p>Anschlie\u00dfend f\u00fchrte der Weg weiter zum Sonnenplatz. Hier gab es eine Einladung, Rast zu machen und dabei mit Adleraugen die Umgebung zu erkunden. F\u00fcnf Krabbeltiere hatten sich hier versteckt. Wer w\u00fcrde sie wohl als erstes alle entdecken? Die Aufl\u00f6sung, welche Tierchen versteckt waren, folgte in bew\u00e4hrter Form als Text in einem Einmachglas. Hier wurde auch viel Wissenswertes \u00fcber Spinne, Schnecke, Biene, Ameise und Marienk\u00e4fer erkl\u00e4rt.<\/p>\n\n\n\n<p>Zum Abschluss kam dann ein wirkliches Highlight. Ein gigantischer Barfu\u00dfpfad lud Gro\u00df und Klein ein, die Schuhe von sich zu werfen und dieses Sinneserlebnis auf sich wirken zu lassen. Entspannt und gl\u00fccklich ging es am Ende wieder zur\u00fcck nach Hause.<\/p>\n\n\n\n<p><\/p>\n\n\n\n<figure class=\"wp-block-image size-large\"><img loading=\"lazy\" decoding=\"async\" width=\"1024\" height=\"768\" src=\"https:\/\/waldkindergarten-berglen.de\/wp-content\/uploads\/2021\/08\/Barfusspfad-1024x768.jpg\" alt=\"\" class=\"wp-image-7218\" srcset=\"https:\/\/waldkindergarten-berglen.de\/wp-content\/uploads\/2021\/08\/Barfusspfad-1024x768.jpg 1024w, https:\/\/waldkindergarten-berglen.de\/wp-content\/uploads\/2021\/08\/Barfusspfad-300x225.jpg 300w, https:\/\/waldkindergarten-berglen.de\/wp-content\/uploads\/2021\/08\/Barfusspfad-768x576.jpg 768w, https:\/\/waldkindergarten-berglen.de\/wp-content\/uploads\/2021\/08\/Barfusspfad-1536x1152.jpg 1536w, https:\/\/waldkindergarten-berglen.de\/wp-content\/uploads\/2021\/08\/Barfusspfad-982x737.jpg 982w, https:\/\/waldkindergarten-berglen.de\/wp-content\/uploads\/2021\/08\/Barfusspfad-400x300.jpg 400w, https:\/\/waldkindergarten-berglen.de\/wp-content\/uploads\/2021\/08\/Barfusspfad.jpg 1600w\" sizes=\"auto, (max-width: 1024px) 100vw, 1024px\" \/><\/figure>\n\n\n\n<p><strong>Wussten Sie schon<\/strong><\/p>\n\n\n\n<p>Einem&nbsp;Barfu\u00dfpfad&nbsp;wird nachgesagt, gesundheitsf\u00f6rdernd zu sein. Erfahrungen zeigen, dass sich die verschiedenen Bodenbel\u00e4ge entspannend auf die F\u00fc\u00dfe auswirken, die motorischen Fertigkeiten f\u00f6rdern und die Sinneswahrnehmung sowie das Koordinationsverm\u00f6gen schulen.<\/p>\n","protected":false},"excerpt":{"rendered":"<p>Auch vergangene Woche bereitete unser Waldteam f\u00fcr alle Waldkinder und deren Familien einen Aktionsweg vor. Es drehte sich weiterhin um Krabbeltiere und deren Lebensraum. Viel Informatives aber auch eine Menge Spa\u00df und Bewegung sorgten daf\u00fcr, dass die Kinder trotz Lockdown mit ihrem Waldkindergarten in Verbindung bleiben konnten. M\u00e4dels, ihr seid einfach die Besten!!! Herzlichen Dank&hellip; <a href=\"https:\/\/waldkindergarten-berglen.de\/?p=7215\" class=\"more-link\">Weiterlesen <span class=\"screen-reader-text\">Es krabbelt weiter im Wald<\/span><\/a><\/p>\n","protected":false},"author":7,"featured_media":0,"comment_status":"closed","ping_status":"closed","sticky":false,"template":"","format":"standard","meta":{"ngg_post_thumbnail":0,"_jetpack_memberships_contains_paid_content":false,"footnotes":""},"categories":[3],"tags":[],"class_list":["post-7215","post","type-post","status-publish","format-standard","hentry","category-berichte"],"jetpack_featured_media_url":"","jetpack_sharing_enabled":true,"_links":{"self":[{"href":"https:\/\/waldkindergarten-berglen.de\/index.php?rest_route=\/wp\/v2\/posts\/7215","targetHints":{"allow":["GET"]}}],"collection":[{"href":"https:\/\/waldkindergarten-berglen.de\/index.php?rest_route=\/wp\/v2\/posts"}],"about":[{"href":"https:\/\/waldkindergarten-berglen.de\/index.php?rest_route=\/wp\/v2\/types\/post"}],"author":[{"embeddable":true,"href":"https:\/\/waldkindergarten-berglen.de\/index.php?rest_route=\/wp\/v2\/users\/7"}],"replies":[{"embeddable":true,"href":"https:\/\/waldkindergarten-berglen.de\/index.php?rest_route=%2Fwp%2Fv2%2Fcomments&post=7215"}],"version-history":[{"count":1,"href":"https:\/\/waldkindergarten-berglen.de\/index.php?rest_route=\/wp\/v2\/posts\/7215\/revisions"}],"predecessor-version":[{"id":7219,"href":"https:\/\/waldkindergarten-berglen.de\/index.php?rest_route=\/wp\/v2\/posts\/7215\/revisions\/7219"}],"wp:attachment":[{"href":"https:\/\/waldkindergarten-berglen.de\/index.php?rest_route=%2Fwp%2Fv2%2Fmedia&parent=7215"}],"wp:term":[{"taxonomy":"category","embeddable":true,"href":"https:\/\/waldkindergarten-berglen.de\/index.php?rest_route=%2Fwp%2Fv2%2Fcategories&post=7215"},{"taxonomy":"post_tag","embeddable":true,"href":"https:\/\/waldkindergarten-berglen.de\/index.php?rest_route=%2Fwp%2Fv2%2Ftags&post=7215"}],"curies":[{"name":"wp","href":"https:\/\/api.w.org\/{rel}","templated":true}]}}