{"id":7231,"date":"2021-07-19T08:05:00","date_gmt":"2021-07-19T06:05:00","guid":{"rendered":"https:\/\/waldkindergarten-berglen.de\/?p=7231"},"modified":"2021-08-01T14:18:31","modified_gmt":"2021-08-01T12:18:31","slug":"die-zeit-der-fuchskinder","status":"publish","type":"post","link":"https:\/\/waldkindergarten-berglen.de\/?p=7231","title":{"rendered":"Die Zeit der Fuchskinder"},"content":{"rendered":"\n<p>F\u00fcr unsere Vorsch\u00fcler, die F\u00fcchse, kommt das Ende der Kindergartenzeit gerade mit schnellen Schritten n\u00e4her. Daher spielen sie derzeit im Kindergarten auch die Hauptrolle und d\u00fcrfen noch einmal richtig intensiv ihre letzten Kindergartentage erleben. Wir alle sind \u00fcbergl\u00fccklich, dass all die spannenden Aktionen zum Ende der Kindergartenzeit durch die recht entspannte Pandemielage stattfinden k\u00f6nnen. Der Fuchsausflug letzte Woche war ein voller Erfolg, die Schult\u00fcten sind gebastelt und auch eine \u00dcbernachtung auf dem St\u00fcckle in Zelten wird noch kommen. Darauf freuen sich alle sehr. Vergangene Woche hat das Wetter noch einmal sehr viel Regen mitgebracht, so dass die Matschrutschen noch einmal voller Elan ausgenutzt werden konnten. Die Mamas werden die Waldklamotten, bei denen man die Farbe des Stoffs mittags nur noch mit Not erahnen konnte, sicher nicht vermissen. Die Kinder ihren Lehm zum modellieren und die H\u00e4nge zum Toben, dagegen sicher sehr. Aber zum Gl\u00fcck kann man den Wald ja auch ohne Kindergartenbetrieb am Nachmittag besuchen und so den Kopf nach der Schule ausl\u00fcften und den Bewegungsdrang ausleben.<\/p>\n\n\n\n<p><\/p>\n\n\n\n<figure class=\"wp-block-image size-large\"><img loading=\"lazy\" decoding=\"async\" width=\"1200\" height=\"1599\" src=\"https:\/\/waldkindergarten-berglen.de\/wp-content\/uploads\/2021\/08\/Modellieren-mit-Lehm-edited.jpg\" alt=\"\" class=\"wp-image-7233\" srcset=\"https:\/\/waldkindergarten-berglen.de\/wp-content\/uploads\/2021\/08\/Modellieren-mit-Lehm-edited.jpg 1200w, https:\/\/waldkindergarten-berglen.de\/wp-content\/uploads\/2021\/08\/Modellieren-mit-Lehm-edited-225x300.jpg 225w, https:\/\/waldkindergarten-berglen.de\/wp-content\/uploads\/2021\/08\/Modellieren-mit-Lehm-edited-768x1023.jpg 768w, https:\/\/waldkindergarten-berglen.de\/wp-content\/uploads\/2021\/08\/Modellieren-mit-Lehm-edited-1153x1536.jpg 1153w, https:\/\/waldkindergarten-berglen.de\/wp-content\/uploads\/2021\/08\/Modellieren-mit-Lehm-edited-982x1309.jpg 982w, https:\/\/waldkindergarten-berglen.de\/wp-content\/uploads\/2021\/08\/Modellieren-mit-Lehm-edited-300x400.jpg 300w\" sizes=\"auto, (max-width: 1200px) 100vw, 1200px\" \/><\/figure>\n\n\n\n<p><\/p>\n\n\n\n<figure class=\"wp-block-image size-large\"><img loading=\"lazy\" decoding=\"async\" width=\"1024\" height=\"768\" src=\"https:\/\/waldkindergarten-berglen.de\/wp-content\/uploads\/2021\/08\/Matschrutsche-1024x768.jpg\" alt=\"\" class=\"wp-image-7234\" srcset=\"https:\/\/waldkindergarten-berglen.de\/wp-content\/uploads\/2021\/08\/Matschrutsche-1024x768.jpg 1024w, https:\/\/waldkindergarten-berglen.de\/wp-content\/uploads\/2021\/08\/Matschrutsche-300x225.jpg 300w, https:\/\/waldkindergarten-berglen.de\/wp-content\/uploads\/2021\/08\/Matschrutsche-768x576.jpg 768w, https:\/\/waldkindergarten-berglen.de\/wp-content\/uploads\/2021\/08\/Matschrutsche-1536x1153.jpg 1536w, https:\/\/waldkindergarten-berglen.de\/wp-content\/uploads\/2021\/08\/Matschrutsche-982x737.jpg 982w, https:\/\/waldkindergarten-berglen.de\/wp-content\/uploads\/2021\/08\/Matschrutsche-400x300.jpg 400w, https:\/\/waldkindergarten-berglen.de\/wp-content\/uploads\/2021\/08\/Matschrutsche.jpg 1599w\" sizes=\"auto, (max-width: 1024px) 100vw, 1024px\" \/><\/figure>\n\n\n\n<p>Die F\u00fcchse haben derzeit auch noch eine weitere wichtige Aufgabe, die sie ganz gewissenhaft und mit viel Freude vorbereiten und ausf\u00fchren: Jedes Fuchskind darf einmal einen Morgenkreis vorbereiten und abhalten. Man sieht an den wichtigen Mienen und konzentrierten Gesichtchen, wie sie an dieser Aufgabe wachsen. Der Phantasie sind dabei kaum Grenzen gesetzt. Man bringt von zu Hause zum Beispiel das Lieblingsbuch mit (auch wenn die Geschichte darin im tiefsten Winter spielt) und erz\u00e4hlt es den Kindergartenfreunden. Man darf sich Lieder und Spiele \u00fcberlegen, die man mit der Kindergartengruppe spielen m\u00f6chte. Auch die regelm\u00e4\u00dfigen Themen der Morgenkreises d\u00fcrfen nat\u00fcrlich nicht fehlen. So wird in gewohntem Ritual der Name des \u201eSchleichkinds\u201c aus dem Leders\u00e4ckchen gezogen, das passende Lied gesungen, um das \u201eZ\u00e4hlkind\u201c zu bestimmen, es wird gemeinsam \u00fcberlegt, wer fehlt, und vieles mehr.<\/p>\n\n\n\n<p><\/p>\n\n\n\n<figure class=\"wp-block-image size-large\"><img loading=\"lazy\" decoding=\"async\" width=\"1024\" height=\"768\" src=\"https:\/\/waldkindergarten-berglen.de\/wp-content\/uploads\/2021\/08\/Morgenkreis-1024x768.jpg\" alt=\"\" class=\"wp-image-7235\" srcset=\"https:\/\/waldkindergarten-berglen.de\/wp-content\/uploads\/2021\/08\/Morgenkreis-1024x768.jpg 1024w, https:\/\/waldkindergarten-berglen.de\/wp-content\/uploads\/2021\/08\/Morgenkreis-300x225.jpg 300w, https:\/\/waldkindergarten-berglen.de\/wp-content\/uploads\/2021\/08\/Morgenkreis-768x576.jpg 768w, https:\/\/waldkindergarten-berglen.de\/wp-content\/uploads\/2021\/08\/Morgenkreis-1536x1153.jpg 1536w, https:\/\/waldkindergarten-berglen.de\/wp-content\/uploads\/2021\/08\/Morgenkreis-982x737.jpg 982w, https:\/\/waldkindergarten-berglen.de\/wp-content\/uploads\/2021\/08\/Morgenkreis-400x300.jpg 400w, https:\/\/waldkindergarten-berglen.de\/wp-content\/uploads\/2021\/08\/Morgenkreis.jpg 1599w\" sizes=\"auto, (max-width: 1024px) 100vw, 1024px\" \/><\/figure>\n\n\n\n<p>Es ist wunderbar zu beobachten, wie fit unsere Gro\u00dfen schon sind, sie werden ganz sicher frohen Mutes in ihre Schulzeit starten und gut ankommen.<\/p>\n\n\n\n<p><strong>Wussten Sie schon<\/strong><\/p>\n\n\n\n<p>Lehm ist eine Bodenart aus einer Mischung aus Sand, Schluff und Ton. Er l\u00e4sst sich schon von Kindergartenkindern hervorragend zum Modellieren verwenden und ist als Naturmaterial in unserem Wald zu finden. &nbsp;Lehm ist geschmeidig und zugleich &#8222;\u00f6lig-klebrig&#8220;. Seine Verarbeitung ist einfach und nach dem Trocknen ist das Werk steinhart und sehr stabil.<\/p>\n","protected":false},"excerpt":{"rendered":"<p>F\u00fcr unsere Vorsch\u00fcler, die F\u00fcchse, kommt das Ende der Kindergartenzeit gerade mit schnellen Schritten n\u00e4her. Daher spielen sie derzeit im Kindergarten auch die Hauptrolle und d\u00fcrfen noch einmal richtig intensiv ihre letzten Kindergartentage erleben. Wir alle sind \u00fcbergl\u00fccklich, dass all die spannenden Aktionen zum Ende der Kindergartenzeit durch die recht entspannte Pandemielage stattfinden k\u00f6nnen. Der&hellip; <a href=\"https:\/\/waldkindergarten-berglen.de\/?p=7231\" class=\"more-link\">Weiterlesen <span class=\"screen-reader-text\">Die Zeit der Fuchskinder<\/span><\/a><\/p>\n","protected":false},"author":7,"featured_media":0,"comment_status":"closed","ping_status":"closed","sticky":false,"template":"","format":"standard","meta":{"ngg_post_thumbnail":0,"_jetpack_memberships_contains_paid_content":false,"footnotes":""},"categories":[3],"tags":[],"class_list":["post-7231","post","type-post","status-publish","format-standard","hentry","category-berichte"],"jetpack_featured_media_url":"","jetpack_sharing_enabled":true,"_links":{"self":[{"href":"https:\/\/waldkindergarten-berglen.de\/index.php?rest_route=\/wp\/v2\/posts\/7231","targetHints":{"allow":["GET"]}}],"collection":[{"href":"https:\/\/waldkindergarten-berglen.de\/index.php?rest_route=\/wp\/v2\/posts"}],"about":[{"href":"https:\/\/waldkindergarten-berglen.de\/index.php?rest_route=\/wp\/v2\/types\/post"}],"author":[{"embeddable":true,"href":"https:\/\/waldkindergarten-berglen.de\/index.php?rest_route=\/wp\/v2\/users\/7"}],"replies":[{"embeddable":true,"href":"https:\/\/waldkindergarten-berglen.de\/index.php?rest_route=%2Fwp%2Fv2%2Fcomments&post=7231"}],"version-history":[{"count":1,"href":"https:\/\/waldkindergarten-berglen.de\/index.php?rest_route=\/wp\/v2\/posts\/7231\/revisions"}],"predecessor-version":[{"id":7236,"href":"https:\/\/waldkindergarten-berglen.de\/index.php?rest_route=\/wp\/v2\/posts\/7231\/revisions\/7236"}],"wp:attachment":[{"href":"https:\/\/waldkindergarten-berglen.de\/index.php?rest_route=%2Fwp%2Fv2%2Fmedia&parent=7231"}],"wp:term":[{"taxonomy":"category","embeddable":true,"href":"https:\/\/waldkindergarten-berglen.de\/index.php?rest_route=%2Fwp%2Fv2%2Fcategories&post=7231"},{"taxonomy":"post_tag","embeddable":true,"href":"https:\/\/waldkindergarten-berglen.de\/index.php?rest_route=%2Fwp%2Fv2%2Ftags&post=7231"}],"curies":[{"name":"wp","href":"https:\/\/api.w.org\/{rel}","templated":true}]}}