{"id":7237,"date":"2021-08-02T08:05:00","date_gmt":"2021-08-02T06:05:00","guid":{"rendered":"https:\/\/waldkindergarten-berglen.de\/?p=7237"},"modified":"2021-08-01T14:22:15","modified_gmt":"2021-08-01T12:22:15","slug":"ein-danke-aktionsweg-fuer-unsere-erzieherinnen","status":"publish","type":"post","link":"https:\/\/waldkindergarten-berglen.de\/?p=7237","title":{"rendered":"Ein Danke-Aktionsweg f\u00fcr unsere Erzieherinnen"},"content":{"rendered":"\n<p>Jetzt ist es da, das Ende eines so ganz anderen Kindergartenjahrs.<\/p>\n\n\n\n<p>Tapfer und unerm\u00fctlich haben sich alle Kinder, Eltern und das Waldteam auf immer neue Situationen eingestellt, immer die gute Laune behalten und die Tage so genommen, wie sie gekommen sind. Alle haben sich immer wieder neu auf die Vorgaben eingestellt und das Beste draus gemacht. Wir k\u00f6nnen gl\u00fccklich berichten, dass es in der ganzen Pandemiezeit nur einen einzigen Schlie\u00dftag wegen eines Corornaverdachtsfalls gegeben hat, der sich gl\u00fccklicherweise nicht best\u00e4tigt hatte.<\/p>\n\n\n\n<p>Notbetreuungszeiten und fast normaler Kindergartenbetrieb haben sich in den vergangenen Monaten abgewechselt, es gab eine Menge toller Aktionswege und f\u00fcr die F\u00fcchse zum Abschluss viele Highlights. Wir haben an dieser Stelle immer ausgiebig dar\u00fcber berichtet.<\/p>\n\n\n\n<p>Am vorletzten Kindergartentag vor den Sommerferien waren nun die Erzieherinnen dran, \u00fcberrascht zu werden. Die Fuchsfamilien haben sich f\u00fcr ihren Ausstand eine Menge einfallen lassen und luden das Waldteam kurzerhand auf einen Aktionsweg ein.<\/p>\n\n\n\n<p>Am Morgenkreis der Zwergegruppe bekamen die Erzieherinnen und Drittkr\u00e4fte einen Blumenkranz aufgesetzt, genau wie die Kinder an ihren Geburtstagsfeiern im Wald. Einige Kinder haben sich mit Hilfe ihrer Eltern kleine Gedichte ausgedacht, die sie dem ger\u00fchrten Waldteam eifrig vortrugen.<\/p>\n\n\n\n<p><\/p>\n\n\n\n<figure class=\"wp-block-image size-large\"><img loading=\"lazy\" decoding=\"async\" width=\"1024\" height=\"768\" src=\"https:\/\/waldkindergarten-berglen.de\/wp-content\/uploads\/2021\/08\/Blumenkraenze-1024x768.jpg\" alt=\"\" class=\"wp-image-7238\" srcset=\"https:\/\/waldkindergarten-berglen.de\/wp-content\/uploads\/2021\/08\/Blumenkraenze-1024x768.jpg 1024w, https:\/\/waldkindergarten-berglen.de\/wp-content\/uploads\/2021\/08\/Blumenkraenze-300x225.jpg 300w, https:\/\/waldkindergarten-berglen.de\/wp-content\/uploads\/2021\/08\/Blumenkraenze-768x576.jpg 768w, https:\/\/waldkindergarten-berglen.de\/wp-content\/uploads\/2021\/08\/Blumenkraenze-1536x1152.jpg 1536w, https:\/\/waldkindergarten-berglen.de\/wp-content\/uploads\/2021\/08\/Blumenkraenze-982x737.jpg 982w, https:\/\/waldkindergarten-berglen.de\/wp-content\/uploads\/2021\/08\/Blumenkraenze-400x300.jpg 400w, https:\/\/waldkindergarten-berglen.de\/wp-content\/uploads\/2021\/08\/Blumenkraenze.jpg 2048w\" sizes=\"auto, (max-width: 1024px) 100vw, 1024px\" \/><\/figure>\n\n\n\n<p>Weiter ging es zum Morgenkreis der Wichtelgruppe, hier durften die Erzieherinnen aus Lehm f\u00fcr jedes Kind ein Herz modellieren.<\/p>\n\n\n\n<p>Die dritte Station war dann an der Dicken Berta. Hier lagen Fotos der 15 F\u00fcchse, diese Fotos waren teilweise verdeckt und die Erzieherinnen mussten anhand des Ausschnitts erraten, welches Kind auf dem Foto zu sehen ist. Jedes Kind hatte auf der R\u00fcckseite seines Fotos einen kleinen Gru\u00df hinterlassen und die Fotos werden als kleines Buch gebunden als Erinnerung im Kindi bleiben.<\/p>\n\n\n\n<p>Der Abschluss war dann ein gem\u00fctliches Beisammensein auf dem St\u00fcckle mit Getr\u00e4nken und Fingerfood. Hier wurde auch das eigentliche Fuchsgeschenk \u00fcberreicht. Die Kinder hatten sich auf einem Holzfass verewigt, das mit einer Pumpe ausgestattet ist und dem Kindergarten sicher viele gute Dienste leisten wird.<\/p>\n\n\n\n<p><\/p>\n\n\n\n<figure class=\"wp-block-image size-large\"><img loading=\"lazy\" decoding=\"async\" width=\"1024\" height=\"1024\" src=\"https:\/\/waldkindergarten-berglen.de\/wp-content\/uploads\/2021\/08\/Holzfass-1024x1024.jpg\" alt=\"\" class=\"wp-image-7239\" srcset=\"https:\/\/waldkindergarten-berglen.de\/wp-content\/uploads\/2021\/08\/Holzfass-1024x1024.jpg 1024w, https:\/\/waldkindergarten-berglen.de\/wp-content\/uploads\/2021\/08\/Holzfass-300x300.jpg 300w, https:\/\/waldkindergarten-berglen.de\/wp-content\/uploads\/2021\/08\/Holzfass-150x150.jpg 150w, https:\/\/waldkindergarten-berglen.de\/wp-content\/uploads\/2021\/08\/Holzfass-768x768.jpg 768w, https:\/\/waldkindergarten-berglen.de\/wp-content\/uploads\/2021\/08\/Holzfass-1536x1536.jpg 1536w, https:\/\/waldkindergarten-berglen.de\/wp-content\/uploads\/2021\/08\/Holzfass-982x982.jpg 982w, https:\/\/waldkindergarten-berglen.de\/wp-content\/uploads\/2021\/08\/Holzfass-400x400.jpg 400w, https:\/\/waldkindergarten-berglen.de\/wp-content\/uploads\/2021\/08\/Holzfass.jpg 1544w\" sizes=\"auto, (max-width: 1024px) 100vw, 1024px\" \/><\/figure>\n\n\n\n<p>Danke, liebes Waldteam, ihr habt im vergangenen Kindergartenjahr wieder einmal gezeigt, was unseren Kindergarten ausmacht. Ihr hattet immer ein L\u00e4cheln im Gesicht, habt den Kindern einen unbeschwerten Alltag erm\u00f6glicht und jedes Kind immer gesehen und vorangebracht. Genie\u00dft eure wohlverdienten Sommerferien, auf dass wir uns im September erholt und voller neuem Tatendrang wiedersehen!<\/p>\n\n\n\n<p>Lieber Elternbeirat, auch euch ein herzliches Dankesch\u00f6n f\u00fcr all euren Einsatz! Ihr habt wie immer viele organisatorische Aufgaben \u00fcbernommen und sogar noch den Fotografen in den Wald bekommen. Hut ab, ihr seid echt super!!!<\/p>\n\n\n\n<p>Herzlichen Dank m\u00f6chten wir auch an die Gemeinde Berglen richten. Die unkomplizierte und nette Zusammenarbeit, die Unterst\u00fctzung in fachlicher und finanzieller Form und die Tatsache, dass wir uns bei Fragen immer an Sie wenden d\u00fcrfen, erm\u00f6glicht es, dass wir diesen besonderen Kindergarten erhalten k\u00f6nnen!<\/p>\n\n\n\n<p>Lieber Vorstand, letzten Sommer haben wir an dieser Stelle betont, welch au\u00dferordentlichen Einsatz ihr durch die Pandemie erbringen musstet. Es war damals kaum vorstellbar, wie lange uns diese Pandemie besch\u00e4ftigen w\u00fcrde. Es l\u00e4sst sich nicht z\u00e4hlen, wie viele Telefonate, Online-Meetings, Elternbriefe und R\u00fccksprachen mit der Gemeinde auch im vergangenen Kindergartenjahr n\u00f6tig waren, um den Kindergartenbetrieb in dieser Form zu erm\u00f6glichen. All das habt ihr im Ehrenamt geleistet, zus\u00e4tzlich zu den normalen Aufgaben, die das Amt mit sich bringt und zus\u00e4tzlich zu eurem eigenen Arbeits- und Familienalltag. Im Namen alles Waldfamilien und des Teams danken wir euch von Herzen, dass ihr diesen enormen privaten Einsatz f\u00fcr unseren Kindergarten erbracht und dabei so gro\u00dfartige Arbeit geleistet habt! Auch ihr habt euch eine Sommerpause nun mehr als verdient.<\/p>\n\n\n\n<p>Jetzt w\u00fcnschen wir allen Eltern, Kindern und Mitarbeitern wundersch\u00f6ne Sommerferien und freuen uns auf ein Wiedersehen im Herbst!<\/p>\n\n\n\n<p><\/p>\n\n\n\n<figure class=\"wp-block-image size-large\"><img loading=\"lazy\" decoding=\"async\" width=\"1024\" height=\"1024\" src=\"https:\/\/waldkindergarten-berglen.de\/wp-content\/uploads\/2021\/08\/Tschuess-Wald-1024x1024.jpg\" alt=\"\" class=\"wp-image-7240\" srcset=\"https:\/\/waldkindergarten-berglen.de\/wp-content\/uploads\/2021\/08\/Tschuess-Wald-1024x1024.jpg 1024w, https:\/\/waldkindergarten-berglen.de\/wp-content\/uploads\/2021\/08\/Tschuess-Wald-300x300.jpg 300w, https:\/\/waldkindergarten-berglen.de\/wp-content\/uploads\/2021\/08\/Tschuess-Wald-150x150.jpg 150w, https:\/\/waldkindergarten-berglen.de\/wp-content\/uploads\/2021\/08\/Tschuess-Wald-768x768.jpg 768w, https:\/\/waldkindergarten-berglen.de\/wp-content\/uploads\/2021\/08\/Tschuess-Wald-1536x1536.jpg 1536w, https:\/\/waldkindergarten-berglen.de\/wp-content\/uploads\/2021\/08\/Tschuess-Wald-982x982.jpg 982w, https:\/\/waldkindergarten-berglen.de\/wp-content\/uploads\/2021\/08\/Tschuess-Wald-400x400.jpg 400w, https:\/\/waldkindergarten-berglen.de\/wp-content\/uploads\/2021\/08\/Tschuess-Wald.jpg 1544w\" sizes=\"auto, (max-width: 1024px) 100vw, 1024px\" \/><\/figure>\n\n\n\n<p><strong>Wussten Sie schon<\/strong><\/p>\n\n\n\n<p>Wer im Sommer Abk\u00fchlung sucht, findet sie nicht nur im Schwimmbad, sondern auch im Wald. Der Grund: B\u00e4ume d\u00fcnsten sogenannte Monoterpene, die unter anderem f\u00fcr den typischen Waldgeruch sorgen. Diese Teilchen dienen aber auch als Kondensationskeime f\u00fcr Wasserdampf \u2013 und dessen Verdunstungsk\u00e4lte k\u00fchlt die Luft ab.<\/p>\n","protected":false},"excerpt":{"rendered":"<p>Jetzt ist es da, das Ende eines so ganz anderen Kindergartenjahrs. Tapfer und unerm\u00fctlich haben sich alle Kinder, Eltern und das Waldteam auf immer neue Situationen eingestellt, immer die gute Laune behalten und die Tage so genommen, wie sie gekommen sind. Alle haben sich immer wieder neu auf die Vorgaben eingestellt und das Beste draus&hellip; <a href=\"https:\/\/waldkindergarten-berglen.de\/?p=7237\" class=\"more-link\">Weiterlesen <span class=\"screen-reader-text\">Ein Danke-Aktionsweg f\u00fcr unsere Erzieherinnen<\/span><\/a><\/p>\n","protected":false},"author":7,"featured_media":0,"comment_status":"closed","ping_status":"closed","sticky":false,"template":"","format":"standard","meta":{"ngg_post_thumbnail":0,"_jetpack_memberships_contains_paid_content":false,"footnotes":""},"categories":[3],"tags":[],"class_list":["post-7237","post","type-post","status-publish","format-standard","hentry","category-berichte"],"jetpack_featured_media_url":"","jetpack_sharing_enabled":true,"_links":{"self":[{"href":"https:\/\/waldkindergarten-berglen.de\/index.php?rest_route=\/wp\/v2\/posts\/7237","targetHints":{"allow":["GET"]}}],"collection":[{"href":"https:\/\/waldkindergarten-berglen.de\/index.php?rest_route=\/wp\/v2\/posts"}],"about":[{"href":"https:\/\/waldkindergarten-berglen.de\/index.php?rest_route=\/wp\/v2\/types\/post"}],"author":[{"embeddable":true,"href":"https:\/\/waldkindergarten-berglen.de\/index.php?rest_route=\/wp\/v2\/users\/7"}],"replies":[{"embeddable":true,"href":"https:\/\/waldkindergarten-berglen.de\/index.php?rest_route=%2Fwp%2Fv2%2Fcomments&post=7237"}],"version-history":[{"count":1,"href":"https:\/\/waldkindergarten-berglen.de\/index.php?rest_route=\/wp\/v2\/posts\/7237\/revisions"}],"predecessor-version":[{"id":7241,"href":"https:\/\/waldkindergarten-berglen.de\/index.php?rest_route=\/wp\/v2\/posts\/7237\/revisions\/7241"}],"wp:attachment":[{"href":"https:\/\/waldkindergarten-berglen.de\/index.php?rest_route=%2Fwp%2Fv2%2Fmedia&parent=7237"}],"wp:term":[{"taxonomy":"category","embeddable":true,"href":"https:\/\/waldkindergarten-berglen.de\/index.php?rest_route=%2Fwp%2Fv2%2Fcategories&post=7237"},{"taxonomy":"post_tag","embeddable":true,"href":"https:\/\/waldkindergarten-berglen.de\/index.php?rest_route=%2Fwp%2Fv2%2Ftags&post=7237"}],"curies":[{"name":"wp","href":"https:\/\/api.w.org\/{rel}","templated":true}]}}