{"id":7260,"date":"2021-09-27T08:05:00","date_gmt":"2021-09-27T06:05:00","guid":{"rendered":"https:\/\/waldkindergarten-berglen.de\/?p=7260"},"modified":"2021-09-29T22:24:49","modified_gmt":"2021-09-29T20:24:49","slug":"farbenfroher-start-ins-neue-kindergartenjahr","status":"publish","type":"post","link":"https:\/\/waldkindergarten-berglen.de\/?p=7260","title":{"rendered":"Farbenfroher Start ins neue Kindergartenjahr"},"content":{"rendered":"\n<p>Der Start in das neue Kindergartenjahr h\u00e4tte sch\u00f6ner nicht sein k\u00f6nnen. Das Wetter meinte es die letzten beiden Wochen sehr gut mit uns und hat uns viel Sonne beschert. Das hat die Eingew\u00f6hnung der ersten 6 Kinder nat\u00fcrlich sehr viel angenehmer gemacht und so sind die vier neuen Zwergenkinder und die beiden neuen Wichtelkinder gleich sehr gut und fr\u00f6hlich in ihre Waldkindergartenzeit gestartet. Herzlich willkommen Mala, Mathilda, Lias, Nele, Fria und Tom! Sch\u00f6n dass ihr da seid!<\/p>\n\n\n\n<figure class=\"wp-block-image size-large\"><img loading=\"lazy\" decoding=\"async\" width=\"1024\" height=\"768\" src=\"https:\/\/waldkindergarten-berglen.de\/wp-content\/uploads\/2021\/09\/Entspannte-Maeuschen-1024x768.jpg\" alt=\"\" class=\"wp-image-7261\" srcset=\"https:\/\/waldkindergarten-berglen.de\/wp-content\/uploads\/2021\/09\/Entspannte-Maeuschen-1024x768.jpg 1024w, https:\/\/waldkindergarten-berglen.de\/wp-content\/uploads\/2021\/09\/Entspannte-Maeuschen-300x225.jpg 300w, https:\/\/waldkindergarten-berglen.de\/wp-content\/uploads\/2021\/09\/Entspannte-Maeuschen-768x576.jpg 768w, https:\/\/waldkindergarten-berglen.de\/wp-content\/uploads\/2021\/09\/Entspannte-Maeuschen-1536x1152.jpg 1536w, https:\/\/waldkindergarten-berglen.de\/wp-content\/uploads\/2021\/09\/Entspannte-Maeuschen-982x737.jpg 982w, https:\/\/waldkindergarten-berglen.de\/wp-content\/uploads\/2021\/09\/Entspannte-Maeuschen-400x300.jpg 400w, https:\/\/waldkindergarten-berglen.de\/wp-content\/uploads\/2021\/09\/Entspannte-Maeuschen.jpg 2000w\" sizes=\"auto, (max-width: 1024px) 100vw, 1024px\" \/><figcaption>Entspannte M\u00e4uschen<\/figcaption><\/figure>\n\n\n\n<p>Die erste Zeit im neuen Kindergartenjahr steht nat\u00fcrlich immer ganz im Sinne des Ankommens, die Freunde werden begr\u00fc\u00dft, neue Freundschaften werden geschlossen, neue Kinder werden in den Wald eingef\u00fchrt und die geliebten Pl\u00e4tze werden besucht. Nach solch langen Ferien gibt es aber nat\u00fcrlich auch eine Menge Geburtstage nachzufeiern. So kamen die Zwerge und Wichtel in den letzten Tagen zu vielen Festen zusammen, schlemmten Kuchen und W\u00fcrstchen zum Fr\u00fchst\u00fcck und lie\u00dfen eine Menge Kinder hochleben. Bei dieser Gelegenheit lernten sie auch eine neue, wichtige Figur kennen. In diesem Kindergartenjahr \u00fcbernimmt n\u00e4mlich Oma Schnief die Rolle der Traumfee Calendula. Oma Schnief ist eine nette Omi, die den Kindern zum Geburtstag ein Stofftaschentuch in einem kleinen Stoffbeutel aus Bienenwachstuch schenkt, das den Kindern im Wald gute Dienste leisten soll.<\/p>\n\n\n\n<figure class=\"wp-block-image size-large\"><img loading=\"lazy\" decoding=\"async\" width=\"1024\" height=\"768\" src=\"https:\/\/waldkindergarten-berglen.de\/wp-content\/uploads\/2021\/09\/Oma-Schnief-1024x768.jpg\" alt=\"\" class=\"wp-image-7262\" srcset=\"https:\/\/waldkindergarten-berglen.de\/wp-content\/uploads\/2021\/09\/Oma-Schnief-1024x768.jpg 1024w, https:\/\/waldkindergarten-berglen.de\/wp-content\/uploads\/2021\/09\/Oma-Schnief-300x225.jpg 300w, https:\/\/waldkindergarten-berglen.de\/wp-content\/uploads\/2021\/09\/Oma-Schnief-768x576.jpg 768w, https:\/\/waldkindergarten-berglen.de\/wp-content\/uploads\/2021\/09\/Oma-Schnief-1536x1153.jpg 1536w, https:\/\/waldkindergarten-berglen.de\/wp-content\/uploads\/2021\/09\/Oma-Schnief-982x737.jpg 982w, https:\/\/waldkindergarten-berglen.de\/wp-content\/uploads\/2021\/09\/Oma-Schnief-400x300.jpg 400w, https:\/\/waldkindergarten-berglen.de\/wp-content\/uploads\/2021\/09\/Oma-Schnief.jpg 1599w\" sizes=\"auto, (max-width: 1024px) 100vw, 1024px\" \/><figcaption>Oma Schnief<\/figcaption><\/figure>\n\n\n\n<p>Bei den Wichteln fand diese Woche schon die erste Waldtaufe statt. Zu diesem Anlass hat Oma Schnief den Kindern auf ihrem kleinen Herd kleine Pfannkuchen gebacken und ausgeteilt. Sie ist eben eine Oma mit Leib und Seele, unsere Omi Schnief.<\/p>\n\n\n\n<p>Auch ein neues Thema wurde im Morgenkreis aufgenommen. Die n\u00e4chsten Wochen dreht sich alles um Farben. Die Wichtel haben dazu einen bunten Farbkreis gelegt. Mit M\u00e4rchenwolle wurden die Farben angeordnet und die Kinder schw\u00e4rmten aus und suchten zu den jeweiligen Farben passende Wald- und Wiesensch\u00e4tze und legten sie dazu.<br><\/p>\n\n\n\n<figure class=\"wp-block-image size-large\"><img loading=\"lazy\" decoding=\"async\" width=\"1024\" height=\"576\" src=\"https:\/\/waldkindergarten-berglen.de\/wp-content\/uploads\/2021\/09\/Farbkreis-1024x576.jpg\" alt=\"\" class=\"wp-image-7265\" srcset=\"https:\/\/waldkindergarten-berglen.de\/wp-content\/uploads\/2021\/09\/Farbkreis-1024x576.jpg 1024w, https:\/\/waldkindergarten-berglen.de\/wp-content\/uploads\/2021\/09\/Farbkreis-300x169.jpg 300w, https:\/\/waldkindergarten-berglen.de\/wp-content\/uploads\/2021\/09\/Farbkreis-768x432.jpg 768w, https:\/\/waldkindergarten-berglen.de\/wp-content\/uploads\/2021\/09\/Farbkreis-1536x864.jpg 1536w, https:\/\/waldkindergarten-berglen.de\/wp-content\/uploads\/2021\/09\/Farbkreis-982x552.jpg 982w, https:\/\/waldkindergarten-berglen.de\/wp-content\/uploads\/2021\/09\/Farbkreis-400x225.jpg 400w, https:\/\/waldkindergarten-berglen.de\/wp-content\/uploads\/2021\/09\/Farbkreis.jpg 1600w\" sizes=\"auto, (max-width: 1024px) 100vw, 1024px\" \/><figcaption>Farbenkreis<\/figcaption><\/figure>\n\n\n\n<p>Bei den Zwergen wurde im Morgenkreis ein Geschicklichkeitsspiel gespielt. Jedes Kind bekam einen Stift ausgeteilt, der entweder blau, gelb oder rot war. Die Kinder durften sich Aufgaben ausdenken, wie man den Stift balancieren k\u00f6nnte.<\/p>\n\n\n\n<figure class=\"wp-block-image size-large\"><img loading=\"lazy\" decoding=\"async\" width=\"768\" height=\"1024\" src=\"https:\/\/waldkindergarten-berglen.de\/wp-content\/uploads\/2021\/09\/Geschicklichkeit-768x1024.jpg\" alt=\"\" class=\"wp-image-7263\" srcset=\"https:\/\/waldkindergarten-berglen.de\/wp-content\/uploads\/2021\/09\/Geschicklichkeit-768x1023.jpg 768w, https:\/\/waldkindergarten-berglen.de\/wp-content\/uploads\/2021\/09\/Geschicklichkeit-225x300.jpg 225w, https:\/\/waldkindergarten-berglen.de\/wp-content\/uploads\/2021\/09\/Geschicklichkeit-1153x1536.jpg 1153w, https:\/\/waldkindergarten-berglen.de\/wp-content\/uploads\/2021\/09\/Geschicklichkeit-982x1309.jpg 982w, https:\/\/waldkindergarten-berglen.de\/wp-content\/uploads\/2021\/09\/Geschicklichkeit-300x400.jpg 300w, https:\/\/waldkindergarten-berglen.de\/wp-content\/uploads\/2021\/09\/Geschicklichkeit.jpg 1200w\" sizes=\"auto, (max-width: 768px) 100vw, 768px\" \/><figcaption>Geschicklichkeit<\/figcaption><\/figure>\n\n\n\n<p>Anschlie\u00dfend wurden den Kindern Aufgaben gestellt, zum Beispiel alle Blauen Kinder klettern auf den Balancierbalken\u2026 Alle hatten viel Freude an dem Spiel und l\u00f6sten selbst kniffligste Aufgabenstellungen.<br>Auch eine Farbgeschichte wurde in beiden Gruppen erz\u00e4hlt. Die Welt war in dieser Geschichte fr\u00fcher ganz wei\u00df, nur ein bunter Schmetterling war da und w\u00fcnschte sich so sehr Farben. Und eines Tages bemerkte er, dass er die Dinge, die er ber\u00fchrte, bunt f\u00e4rben konnte. So machte er die Welt nach und nach ganz bunt und war \u00fcbergl\u00fccklich. Nicht mehr lange, dann wird auch der Wald ganz bunt sein.<\/p>\n\n\n\n<p><em>Wussten Sie schon<br>Der Baum baut das Chlorophyll ab und lagert es f\u00fcr den &#8222;Nachwuchs&#8220; bis zum Fr\u00fchjahr in den Wurzeln, \u00c4sten und im Stamm ein. Der Effekt: Nun kommen die gelben, roten und orangefarbenen Pigmente zum Vorschein.<\/em><\/p>\n","protected":false},"excerpt":{"rendered":"<p>Der Start in das neue Kindergartenjahr h\u00e4tte sch\u00f6ner nicht sein k\u00f6nnen. Das Wetter meinte es die letzten beiden Wochen sehr gut mit uns und hat uns viel Sonne beschert. Das hat die Eingew\u00f6hnung der ersten 6 Kinder nat\u00fcrlich sehr viel angenehmer gemacht und so sind die vier neuen Zwergenkinder und die beiden neuen Wichtelkinder gleich&hellip; <a href=\"https:\/\/waldkindergarten-berglen.de\/?p=7260\" class=\"more-link\">Weiterlesen <span class=\"screen-reader-text\">Farbenfroher Start ins neue Kindergartenjahr<\/span><\/a><\/p>\n","protected":false},"author":9,"featured_media":0,"comment_status":"closed","ping_status":"closed","sticky":false,"template":"","format":"standard","meta":{"ngg_post_thumbnail":0,"_jetpack_memberships_contains_paid_content":false,"footnotes":""},"categories":[3],"tags":[],"class_list":["post-7260","post","type-post","status-publish","format-standard","hentry","category-berichte"],"jetpack_featured_media_url":"","jetpack_sharing_enabled":true,"_links":{"self":[{"href":"https:\/\/waldkindergarten-berglen.de\/index.php?rest_route=\/wp\/v2\/posts\/7260","targetHints":{"allow":["GET"]}}],"collection":[{"href":"https:\/\/waldkindergarten-berglen.de\/index.php?rest_route=\/wp\/v2\/posts"}],"about":[{"href":"https:\/\/waldkindergarten-berglen.de\/index.php?rest_route=\/wp\/v2\/types\/post"}],"author":[{"embeddable":true,"href":"https:\/\/waldkindergarten-berglen.de\/index.php?rest_route=\/wp\/v2\/users\/9"}],"replies":[{"embeddable":true,"href":"https:\/\/waldkindergarten-berglen.de\/index.php?rest_route=%2Fwp%2Fv2%2Fcomments&post=7260"}],"version-history":[{"count":3,"href":"https:\/\/waldkindergarten-berglen.de\/index.php?rest_route=\/wp\/v2\/posts\/7260\/revisions"}],"predecessor-version":[{"id":7297,"href":"https:\/\/waldkindergarten-berglen.de\/index.php?rest_route=\/wp\/v2\/posts\/7260\/revisions\/7297"}],"wp:attachment":[{"href":"https:\/\/waldkindergarten-berglen.de\/index.php?rest_route=%2Fwp%2Fv2%2Fmedia&parent=7260"}],"wp:term":[{"taxonomy":"category","embeddable":true,"href":"https:\/\/waldkindergarten-berglen.de\/index.php?rest_route=%2Fwp%2Fv2%2Fcategories&post=7260"},{"taxonomy":"post_tag","embeddable":true,"href":"https:\/\/waldkindergarten-berglen.de\/index.php?rest_route=%2Fwp%2Fv2%2Ftags&post=7260"}],"curies":[{"name":"wp","href":"https:\/\/api.w.org\/{rel}","templated":true}]}}