{"id":7356,"date":"2021-11-01T08:00:00","date_gmt":"2021-11-01T07:00:00","guid":{"rendered":"https:\/\/waldkindergarten-berglen.de\/?p=7356"},"modified":"2021-10-31T10:47:02","modified_gmt":"2021-10-31T09:47:02","slug":"die-kartoffel-gibt-zweimal-warm","status":"publish","type":"post","link":"https:\/\/waldkindergarten-berglen.de\/?p=7356","title":{"rendered":"Die Kartoffel gibt zweimal warm"},"content":{"rendered":"\n<figure class=\"wp-block-image size-large\"><img loading=\"lazy\" decoding=\"async\" width=\"768\" height=\"1024\" src=\"https:\/\/waldkindergarten-berglen.de\/wp-content\/uploads\/2021\/10\/Steinkreis-768x1024.jpg\" alt=\"\" class=\"wp-image-7357\" srcset=\"https:\/\/waldkindergarten-berglen.de\/wp-content\/uploads\/2021\/10\/Steinkreis-768x1024.jpg 768w, https:\/\/waldkindergarten-berglen.de\/wp-content\/uploads\/2021\/10\/Steinkreis-225x300.jpg 225w, https:\/\/waldkindergarten-berglen.de\/wp-content\/uploads\/2021\/10\/Steinkreis-1152x1536.jpg 1152w, https:\/\/waldkindergarten-berglen.de\/wp-content\/uploads\/2021\/10\/Steinkreis-982x1309.jpg 982w, https:\/\/waldkindergarten-berglen.de\/wp-content\/uploads\/2021\/10\/Steinkreis-300x400.jpg 300w, https:\/\/waldkindergarten-berglen.de\/wp-content\/uploads\/2021\/10\/Steinkreis.jpg 1488w\" sizes=\"auto, (max-width: 768px) 100vw, 768px\" \/><\/figure>\n\n\n\n<p>Im Morgenkreis fanden unsere Wichtel in dieser Woche einen bunten Steinkreis vor. Dieser bestand aus Steinen aus Grund- und Mischfarben. Die Steine waren so angeordnet, dass die Mischfarbe jeweils zwischen den Grundfarben lag. Durch diesen Impuls kamen die Kinder miteinander ins Gespr\u00e4ch und durften im Anschluss auch selbst t\u00e4tig werden. Mit Wasserfarben bemalten die Kinder Steine, jeweils in den Grundfarben rot, blau und gelb &#8211; und sie staunten, dass ganz neue Farben entstehen, wenn man diese mischt: rot und blau ergibt lila, blau und gelb ergibt gr\u00fcn und gelb und rot ergibt orange. So entstanden viele bunte Steinkreise f\u00fcr zuhause, welche nun manchen Familientisch schm\u00fccken.<\/p>\n\n\n\n<figure class=\"wp-block-image size-large\"><img loading=\"lazy\" decoding=\"async\" width=\"768\" height=\"1024\" src=\"https:\/\/waldkindergarten-berglen.de\/wp-content\/uploads\/2021\/10\/Kartoffel-768x1024.jpg\" alt=\"\" class=\"wp-image-7358\" srcset=\"https:\/\/waldkindergarten-berglen.de\/wp-content\/uploads\/2021\/10\/Kartoffel-768x1024.jpg 768w, https:\/\/waldkindergarten-berglen.de\/wp-content\/uploads\/2021\/10\/Kartoffel-225x300.jpg 225w, https:\/\/waldkindergarten-berglen.de\/wp-content\/uploads\/2021\/10\/Kartoffel-1152x1536.jpg 1152w, https:\/\/waldkindergarten-berglen.de\/wp-content\/uploads\/2021\/10\/Kartoffel-982x1309.jpg 982w, https:\/\/waldkindergarten-berglen.de\/wp-content\/uploads\/2021\/10\/Kartoffel-300x400.jpg 300w, https:\/\/waldkindergarten-berglen.de\/wp-content\/uploads\/2021\/10\/Kartoffel.jpg 1200w\" sizes=\"auto, (max-width: 768px) 100vw, 768px\" \/><\/figure>\n\n\n\n<p>Da vom Herbstfest der letzten Woche noch einige Kartoffeln \u00fcbrig waren und diese nat\u00fcrlich verwendet werden sollten, haben sich unsere Erzieherinnen etwas Lustiges ausgedacht: Sie brachten die zuhause vorgekochten und noch warmen Kartoffeln mit in den Kindergarten, wickelten sie in T\u00fccher und \u00fcbergaben jedem Kind einen \u201eHandw\u00e4rmer\u201c. Den konnten die Kinder bei den frostigen Temperaturen auch brauchen, denn die Morgen im Wald sind bereits frostig. Mit dem praktischen Handw\u00e4rmer in der Tasche zogen die Kinder los \u00fcber die Wiesen, w\u00e4hrend unsere Petra den Lehmofen befeuerte. Wieder auf dem St\u00fcckle wurden die inzwischen lauwarmen Kartoffeln auf ein Blech mit Schmand gegeben und im Ofen gebacken. Beim Vesper wurden so auch die B\u00e4uche der kleinen Wichtel von den Kartoffeln erw\u00e4rmt.<\/p>\n\n\n\n<figure class=\"wp-block-image size-large\"><img loading=\"lazy\" decoding=\"async\" width=\"768\" height=\"1024\" src=\"https:\/\/waldkindergarten-berglen.de\/wp-content\/uploads\/2021\/10\/Wasserfarbenbilder-768x1024.jpg\" alt=\"\" class=\"wp-image-7359\" srcset=\"https:\/\/waldkindergarten-berglen.de\/wp-content\/uploads\/2021\/10\/Wasserfarbenbilder-768x1024.jpg 768w, https:\/\/waldkindergarten-berglen.de\/wp-content\/uploads\/2021\/10\/Wasserfarbenbilder-225x300.jpg 225w, https:\/\/waldkindergarten-berglen.de\/wp-content\/uploads\/2021\/10\/Wasserfarbenbilder-1152x1536.jpg 1152w, https:\/\/waldkindergarten-berglen.de\/wp-content\/uploads\/2021\/10\/Wasserfarbenbilder-982x1309.jpg 982w, https:\/\/waldkindergarten-berglen.de\/wp-content\/uploads\/2021\/10\/Wasserfarbenbilder-300x400.jpg 300w, https:\/\/waldkindergarten-berglen.de\/wp-content\/uploads\/2021\/10\/Wasserfarbenbilder.jpg 1200w\" sizes=\"auto, (max-width: 768px) 100vw, 768px\" \/><\/figure>\n\n\n\n<p>Am letzten Tag vor den Ferien entstanden bei strahlendem Sonnenschein auf dem St\u00fcckle Wasserfarbenbilder mit Pinsel und gro\u00dfformatigem Papier. Durch die Gr\u00f6\u00dfe des Formates erleben auch kleine Kinder Erfolge, da sie eine deutliche Wirkung ihres Tuns erleben k\u00f6nnen. Die entstandenen Werke wurden stolz in der Abholzeit am Waldspielplatz gezeigt und den Eltern \u00fcberreicht. So manchem Kind fiel es schwer, sich vom Kindergarten in die Ferien zu verabschieden, war die Zeit doch wieder so sch\u00f6n. Ein gro\u00dfes Dankesch\u00f6n an unser p\u00e4dagogisches Team, welches mit sehr viel Liebe f\u00fcr die Kinder da ist und sich immer wieder neue Themen und Aktionen ausdenkt.<\/p>\n\n\n\n<p>Wir w\u00fcnschen allen Waldfamilien und nat\u00fcrlich auch allen anderen Berglenern sch\u00f6ne und erholsame Herbstferien. Ein Tipp von uns ist ein Herbstspaziergang in der bunten Bl\u00e4tterpracht des Kottweiler Waldes.<\/p>\n\n\n\n<p><strong>Wussten Sie schon?<\/strong><\/p>\n\n\n\n<p>Der Brauch, dass Kinder an Halloween um die H\u00e4user ziehen und \u201eS\u00fc\u00dfes oder es gibt Saures\u201c rufen, stammt gar nicht aus Amerika, sondern aus Europa. In Jahren mit wenig Ernte, als die Winter hart waren, standen viele arme Leute vor dem Verhungern. Sie klopften bei reichen Bauern und stellten K\u00f6rbe vor die T\u00fcr. Da sie sich f\u00fcr ihre Armut sch\u00e4mten, zogen sie sich in den Schatten zur\u00fcck, um ihre Gesichter zu verbergen und baten um eine milde Gabe. Die reichen Bauern f\u00fcllten die K\u00f6rbe mit Kartoffeln und Gem\u00fcse und schlossen wieder die T\u00fcr, die Armen aber traten wieder aus dem Schatten und konnten so den Winter \u00fcberstehen.<\/p>\n","protected":false},"excerpt":{"rendered":"<p>Im Morgenkreis fanden unsere Wichtel in dieser Woche einen bunten Steinkreis vor. Dieser bestand aus Steinen aus Grund- und Mischfarben. Die Steine waren so angeordnet, dass die Mischfarbe jeweils zwischen den Grundfarben lag. Durch diesen Impuls kamen die Kinder miteinander ins Gespr\u00e4ch und durften im Anschluss auch selbst t\u00e4tig werden. Mit Wasserfarben bemalten die Kinder&hellip; <a href=\"https:\/\/waldkindergarten-berglen.de\/?p=7356\" class=\"more-link\">Weiterlesen <span class=\"screen-reader-text\">Die Kartoffel gibt zweimal warm<\/span><\/a><\/p>\n","protected":false},"author":6,"featured_media":0,"comment_status":"closed","ping_status":"closed","sticky":false,"template":"","format":"standard","meta":{"ngg_post_thumbnail":0,"_jetpack_memberships_contains_paid_content":false,"footnotes":""},"categories":[3],"tags":[],"class_list":["post-7356","post","type-post","status-publish","format-standard","hentry","category-berichte"],"jetpack_featured_media_url":"","jetpack_sharing_enabled":true,"_links":{"self":[{"href":"https:\/\/waldkindergarten-berglen.de\/index.php?rest_route=\/wp\/v2\/posts\/7356","targetHints":{"allow":["GET"]}}],"collection":[{"href":"https:\/\/waldkindergarten-berglen.de\/index.php?rest_route=\/wp\/v2\/posts"}],"about":[{"href":"https:\/\/waldkindergarten-berglen.de\/index.php?rest_route=\/wp\/v2\/types\/post"}],"author":[{"embeddable":true,"href":"https:\/\/waldkindergarten-berglen.de\/index.php?rest_route=\/wp\/v2\/users\/6"}],"replies":[{"embeddable":true,"href":"https:\/\/waldkindergarten-berglen.de\/index.php?rest_route=%2Fwp%2Fv2%2Fcomments&post=7356"}],"version-history":[{"count":1,"href":"https:\/\/waldkindergarten-berglen.de\/index.php?rest_route=\/wp\/v2\/posts\/7356\/revisions"}],"predecessor-version":[{"id":7360,"href":"https:\/\/waldkindergarten-berglen.de\/index.php?rest_route=\/wp\/v2\/posts\/7356\/revisions\/7360"}],"wp:attachment":[{"href":"https:\/\/waldkindergarten-berglen.de\/index.php?rest_route=%2Fwp%2Fv2%2Fmedia&parent=7356"}],"wp:term":[{"taxonomy":"category","embeddable":true,"href":"https:\/\/waldkindergarten-berglen.de\/index.php?rest_route=%2Fwp%2Fv2%2Fcategories&post=7356"},{"taxonomy":"post_tag","embeddable":true,"href":"https:\/\/waldkindergarten-berglen.de\/index.php?rest_route=%2Fwp%2Fv2%2Ftags&post=7356"}],"curies":[{"name":"wp","href":"https:\/\/api.w.org\/{rel}","templated":true}]}}