{"id":7404,"date":"2021-12-06T08:05:00","date_gmt":"2021-12-06T07:05:00","guid":{"rendered":"https:\/\/waldkindergarten-berglen.de\/?p=7404"},"modified":"2021-12-05T17:26:54","modified_gmt":"2021-12-05T16:26:54","slug":"hurra-es-hat-geschneit","status":"publish","type":"post","link":"https:\/\/waldkindergarten-berglen.de\/?p=7404","title":{"rendered":"&#8222;Hurra, es hat geschneit!&#8220;"},"content":{"rendered":"\n<p>Endlich war er da, der erste Schnee, sehns\u00fcchtig erwartet von den Kindern. Am Montagmorgen war der ganze Wald wei\u00df verschneit, jeder Ast, jeder Zweig trug ein wei\u00dfes Kleid! &#8222;Ja, wir wollen einen Schneemann bauen!&#8220; Ob der Schnee wohl reichen w\u00fcrde? Und ob! Mit vereinten Kr\u00e4ften schafften es die Kinder, neben dem St\u00fcckle einen pr\u00e4chtigen Schneemann zu bauen, der dann&nbsp; fr\u00f6hlich jedem, der vorbeikam, ein L\u00e4cheln ins Gesicht zauberte. Die Freude und der Stolz bei den Kindern waren riesengro\u00df. Es ist doch immer wieder erstaunlich, was m\u00f6glich ist, wenn alle mit anpacken, um ein gemeinsames Ziel zu erreichen, und aus etwas ganz Kleinem etwas ganz Gro\u00dfes werden kann. Diese Erfahrung der Selbstwirksamkeit ist sehr st\u00e4rkend und ermutigend f\u00fcr die Kinder- sie merken: jeder ist wichtig und kann seinen Beitrag leisten.<\/p>\n\n\n\n<figure class=\"wp-block-image size-large\"><img loading=\"lazy\" decoding=\"async\" width=\"1024\" height=\"768\" src=\"https:\/\/waldkindergarten-berglen.de\/wp-content\/uploads\/2021\/12\/Schneemann-1024x768.jpeg\" alt=\"\" class=\"wp-image-7407\" srcset=\"https:\/\/waldkindergarten-berglen.de\/wp-content\/uploads\/2021\/12\/Schneemann-1024x768.jpeg 1024w, https:\/\/waldkindergarten-berglen.de\/wp-content\/uploads\/2021\/12\/Schneemann-300x225.jpeg 300w, https:\/\/waldkindergarten-berglen.de\/wp-content\/uploads\/2021\/12\/Schneemann-768x576.jpeg 768w, https:\/\/waldkindergarten-berglen.de\/wp-content\/uploads\/2021\/12\/Schneemann-1536x1153.jpeg 1536w, https:\/\/waldkindergarten-berglen.de\/wp-content\/uploads\/2021\/12\/Schneemann-982x737.jpeg 982w, https:\/\/waldkindergarten-berglen.de\/wp-content\/uploads\/2021\/12\/Schneemann-400x300.jpeg 400w, https:\/\/waldkindergarten-berglen.de\/wp-content\/uploads\/2021\/12\/Schneemann.jpeg 1599w\" sizes=\"auto, (max-width: 1024px) 100vw, 1024px\" \/><figcaption>Pr\u00e4chtiger Schneemann<\/figcaption><\/figure>\n\n\n\n<p>Am n\u00e4chsten Tag wollte es gar nicht mehr aufh\u00f6ren zu schneien und die Kinder tobten ausgiebig im Schnee herum. Mit Schlitten und Popo-Rutschern fuhren sie die Rodelh\u00e4nge hinunter. Im Winter bei Schnee darf n\u00e4mlich jedes Kind einfach &#8222;seinen&#8220; Schlitten von daheim mitbringen- und so wurde gerodelt, was das Zeug h\u00e4lt. Schneeballschlachten durften nat\u00fcrlich auch nicht fehlen.<\/p>\n\n\n\n<p>Am 1. Dezember hie\u00df es dann &#8222;Auf zum Weihnachtsplatz!&#8220;. Jedes Jahr in der Adventszeit gehen die Kinder n\u00e4mlich an einen besonderen Platz im Wald. Dieser befindet sich in einem verwunschenen Fichtenw\u00e4ldchen und wird in den Tagen vorher von Kindern und Erzieherinnen&nbsp; flei\u00dfig mit frischem Tannenreisig geschm\u00fcckt. Wie das duftet! In diesem Adventsg\u00e4rtlein wird dann jeden Tag ein kleines St\u00fcck einer weihnachtlichen Geschichte erz\u00e4hlt und dazu sehr anschaulich mit kleinen Filzp\u00fcppchen vorgespielt. In diesem Jahr ist es die Geschichte &#8222;Marias kleiner Esel&#8220;. In dieser Geschichte machen sich Josef, Maria und der kleine Esel auf den Weg nach Bethlehem, wobei sie unterwegs so einiges erleben.<\/p>\n\n\n\n<figure class=\"wp-block-image size-large\"><img loading=\"lazy\" decoding=\"async\" width=\"1024\" height=\"768\" src=\"https:\/\/waldkindergarten-berglen.de\/wp-content\/uploads\/2021\/12\/Adventsgaertlein-1024x768.jpeg\" alt=\"\" class=\"wp-image-7406\" srcset=\"https:\/\/waldkindergarten-berglen.de\/wp-content\/uploads\/2021\/12\/Adventsgaertlein-1024x768.jpeg 1024w, https:\/\/waldkindergarten-berglen.de\/wp-content\/uploads\/2021\/12\/Adventsgaertlein-300x225.jpeg 300w, https:\/\/waldkindergarten-berglen.de\/wp-content\/uploads\/2021\/12\/Adventsgaertlein-768x576.jpeg 768w, https:\/\/waldkindergarten-berglen.de\/wp-content\/uploads\/2021\/12\/Adventsgaertlein-1536x1153.jpeg 1536w, https:\/\/waldkindergarten-berglen.de\/wp-content\/uploads\/2021\/12\/Adventsgaertlein-982x737.jpeg 982w, https:\/\/waldkindergarten-berglen.de\/wp-content\/uploads\/2021\/12\/Adventsgaertlein-400x300.jpeg 400w, https:\/\/waldkindergarten-berglen.de\/wp-content\/uploads\/2021\/12\/Adventsgaertlein.jpeg 1599w\" sizes=\"auto, (max-width: 1024px) 100vw, 1024px\" \/><figcaption>Adventsg\u00e4rtlein<\/figcaption><\/figure>\n\n\n\n<p>Au\u00dferdem gibt es jeden Tag eine wunderbare kleine \u00dcberraschung. Wie bei einem Adventskalender ist jeden Tag ein anderes Kind das &#8222;Glitzerkind&#8220;. Was es damit auf sich hat? Alle Kinder sitzen im Kreis, schlie\u00dfen ihre Augen und formen mit ihren H\u00e4nden ein Sch\u00fcsselchen. Ganz gespannt fragt sich dann jeder: &#8222;Wer ist es heute? Bin ich heute das Glitzerkind?&#8220;. Und wie strahlen erst die Kinderaugen, wenn silberner Sternenstaub in den eigenen H\u00e4nden funkelt! Das Glitzerkind bekommt dann eine Wunderkerze und darf den Adventskalender \u00f6ffnen mit einem kleinen Geschenk.<\/p>\n\n\n\n<figure class=\"wp-block-image size-large\"><img loading=\"lazy\" decoding=\"async\" width=\"1024\" height=\"768\" src=\"https:\/\/waldkindergarten-berglen.de\/wp-content\/uploads\/2021\/12\/Glitzerkind-1024x768.jpeg\" alt=\"\" class=\"wp-image-7405\" srcset=\"https:\/\/waldkindergarten-berglen.de\/wp-content\/uploads\/2021\/12\/Glitzerkind-1024x768.jpeg 1024w, https:\/\/waldkindergarten-berglen.de\/wp-content\/uploads\/2021\/12\/Glitzerkind-300x225.jpeg 300w, https:\/\/waldkindergarten-berglen.de\/wp-content\/uploads\/2021\/12\/Glitzerkind-768x576.jpeg 768w, https:\/\/waldkindergarten-berglen.de\/wp-content\/uploads\/2021\/12\/Glitzerkind-1536x1153.jpeg 1536w, https:\/\/waldkindergarten-berglen.de\/wp-content\/uploads\/2021\/12\/Glitzerkind-982x737.jpeg 982w, https:\/\/waldkindergarten-berglen.de\/wp-content\/uploads\/2021\/12\/Glitzerkind-400x300.jpeg 400w, https:\/\/waldkindergarten-berglen.de\/wp-content\/uploads\/2021\/12\/Glitzerkind.jpeg 1599w\" sizes=\"auto, (max-width: 1024px) 100vw, 1024px\" \/><figcaption>Glitzerkind<\/figcaption><\/figure>\n\n\n\n<p><\/p>\n\n\n\n<p>Und was geh\u00f6rt noch zum Advent? Nat\u00fcrlich, am 6. Dezember kommt der Nikolaus! Also brachte jedes Kind einen Stiefel mit , der mit unglaublicher Hingabe geputzt und blank gewienert wurde. An so sauberen Stiefeln wird der Nikolaus bestimmt seine wahre Freude haben! Und wie auch schon im letzten Jahr verwandelt sich die &#8222;Sturmh\u00f6hle&#8220; im Advent in eine Weihnachtswerkstatt. Jede Gruppe ist dann an einem Tag der Woche dort- im Geheimen wird hier gebastelt und gewerkelt. Es entstehen sch\u00f6ne Dinge. Was, das bleibt nat\u00fcrlich noch geheim, denn damit sollen die Eltern zu Weihnachten \u00fcberrascht werden:-).<\/p>\n\n\n\n<p><em>Wussten Sie schon&#8230;?<\/em><\/p>\n\n\n\n<p><em>Den Nikolaus gab es wirklich! Hinter dem legend\u00e4ren Nikolaus stecken zwei historische Pers\u00f6nlichkeiten. Der Heilige Nikolaus wirkte im 4. Jahrhundert als Bischof von Myra in der Region Lykien in Kleinasien (damals Teil des R\u00f6mischen Reiches und heute zur T\u00fcrkei geh\u00f6rig). Seinem Amt als Bischof entsprechend tr\u00e4gt er einen Bischofsmantel, den Hirtenstab und eine Bischofsm\u00fctze, die Mitra. Der 6. Dezember ist sein Todestag. Einige Begebenheiten aus seinem Leben wurden wahrscheinlich mit Berichten \u00fcber einen gleichnamigen Bischof von Pinora, der ebenfalls in Lykien lebte (nur 200 Jahre sp\u00e4ter) vermischt. Der \u00dcberlieferung nach hat er viele Wunder bewirkt und seinen ererbten Reichtum mit den Armen geteilt.<\/em><\/p>\n","protected":false},"excerpt":{"rendered":"<p>Endlich war er da, der erste Schnee, sehns\u00fcchtig erwartet von den Kindern. Am Montagmorgen war der ganze Wald wei\u00df verschneit, jeder Ast, jeder Zweig trug ein wei\u00dfes Kleid! &#8222;Ja, wir wollen einen Schneemann bauen!&#8220; Ob der Schnee wohl reichen w\u00fcrde? Und ob! Mit vereinten Kr\u00e4ften schafften es die Kinder, neben dem St\u00fcckle einen pr\u00e4chtigen Schneemann&hellip; <a href=\"https:\/\/waldkindergarten-berglen.de\/?p=7404\" class=\"more-link\">Weiterlesen <span class=\"screen-reader-text\">&#8222;Hurra, es hat geschneit!&#8220;<\/span><\/a><\/p>\n","protected":false},"author":9,"featured_media":0,"comment_status":"closed","ping_status":"closed","sticky":false,"template":"","format":"standard","meta":{"ngg_post_thumbnail":0,"_jetpack_memberships_contains_paid_content":false,"footnotes":""},"categories":[3],"tags":[],"class_list":["post-7404","post","type-post","status-publish","format-standard","hentry","category-berichte"],"jetpack_featured_media_url":"","jetpack_sharing_enabled":true,"_links":{"self":[{"href":"https:\/\/waldkindergarten-berglen.de\/index.php?rest_route=\/wp\/v2\/posts\/7404","targetHints":{"allow":["GET"]}}],"collection":[{"href":"https:\/\/waldkindergarten-berglen.de\/index.php?rest_route=\/wp\/v2\/posts"}],"about":[{"href":"https:\/\/waldkindergarten-berglen.de\/index.php?rest_route=\/wp\/v2\/types\/post"}],"author":[{"embeddable":true,"href":"https:\/\/waldkindergarten-berglen.de\/index.php?rest_route=\/wp\/v2\/users\/9"}],"replies":[{"embeddable":true,"href":"https:\/\/waldkindergarten-berglen.de\/index.php?rest_route=%2Fwp%2Fv2%2Fcomments&post=7404"}],"version-history":[{"count":1,"href":"https:\/\/waldkindergarten-berglen.de\/index.php?rest_route=\/wp\/v2\/posts\/7404\/revisions"}],"predecessor-version":[{"id":7408,"href":"https:\/\/waldkindergarten-berglen.de\/index.php?rest_route=\/wp\/v2\/posts\/7404\/revisions\/7408"}],"wp:attachment":[{"href":"https:\/\/waldkindergarten-berglen.de\/index.php?rest_route=%2Fwp%2Fv2%2Fmedia&parent=7404"}],"wp:term":[{"taxonomy":"category","embeddable":true,"href":"https:\/\/waldkindergarten-berglen.de\/index.php?rest_route=%2Fwp%2Fv2%2Fcategories&post=7404"},{"taxonomy":"post_tag","embeddable":true,"href":"https:\/\/waldkindergarten-berglen.de\/index.php?rest_route=%2Fwp%2Fv2%2Ftags&post=7404"}],"curies":[{"name":"wp","href":"https:\/\/api.w.org\/{rel}","templated":true}]}}