{"id":7410,"date":"2021-12-13T08:00:00","date_gmt":"2021-12-13T07:00:00","guid":{"rendered":"https:\/\/waldkindergarten-berglen.de\/?p=7410"},"modified":"2021-12-12T12:15:54","modified_gmt":"2021-12-12T11:15:54","slug":"jetzt-fuer-morgen-eine-nachhaltige-adventszeit","status":"publish","type":"post","link":"https:\/\/waldkindergarten-berglen.de\/?p=7410","title":{"rendered":"Jetzt f\u00fcr morgen \u2013 eine nachhaltige Adventszeit"},"content":{"rendered":"\n<p>Die Woche konnte ja nur toll werden, denn sie begann mit dem Nikolaustag. Hatten unsere Wichtel und Zwerge in der letzten Woche ihre Stiefelchen blankgeputzt und in einem Sack im Wald versteckt, war dieser dann auch bald verschwunden. Am Montag sollte er wieder auftauchen. Nach dem Morgenkreis entdeckten die Kinder eine Spur aus Erdnussschalen, die tief in den Kottweiler Wald Richtung Weihnachtsplatz f\u00fchrte. Auch wei\u00dfe Barthaare hatten sich in den Zweigen verfangen und leiteten den Kindern den Weg. Wer ganz leise war, konnte auch bald das Klingeln einer Glocke vernehmen, erst leise, dann immer lauter. Und dann war er da, der Nikolaus h\u00f6chstpers\u00f6nlich. <\/p>\n\n\n\n<figure class=\"wp-block-image size-large\"><img loading=\"lazy\" decoding=\"async\" width=\"576\" height=\"1024\" src=\"https:\/\/waldkindergarten-berglen.de\/wp-content\/uploads\/2021\/12\/Nikolaus-1-576x1024.jpg\" alt=\"\" class=\"wp-image-7412\" srcset=\"https:\/\/waldkindergarten-berglen.de\/wp-content\/uploads\/2021\/12\/Nikolaus-1-576x1024.jpg 576w, https:\/\/waldkindergarten-berglen.de\/wp-content\/uploads\/2021\/12\/Nikolaus-1-169x300.jpg 169w, https:\/\/waldkindergarten-berglen.de\/wp-content\/uploads\/2021\/12\/Nikolaus-1-768x1365.jpg 768w, https:\/\/waldkindergarten-berglen.de\/wp-content\/uploads\/2021\/12\/Nikolaus-1-864x1536.jpg 864w, https:\/\/waldkindergarten-berglen.de\/wp-content\/uploads\/2021\/12\/Nikolaus-1-225x400.jpg 225w, https:\/\/waldkindergarten-berglen.de\/wp-content\/uploads\/2021\/12\/Nikolaus-1.jpg 900w\" sizes=\"auto, (max-width: 576px) 100vw, 576px\" \/><\/figure>\n\n\n\n<p>Leider musste er schnell weiterziehen, denn er hat ja viel zu tun, aber einen Sack voller Stiefel lie\u00df er den Kindern da. Das war eine Freude! An jedem Stiefel hing ein k\u00f6stlich duftendes und verhei\u00dfungsvoll raschelndes Jutes\u00e4ckchen. Dies durfte dann zuhause ausgepackt werden und so war einer dieser seltenen Tage, an denen die Kinder freiwillig schnell mit nach Hause kommen. Zuhause staunten die Kinder, denn auch unser Nikolaus macht sich Gedanken um unsere Umwelt, und so fanden sich neben N\u00fcssen und Mandarinen in Papier verpackte Apfelringe und Schokocrossies in den S\u00e4ckchen. Danke, lieber Nikolaus!<\/p>\n\n\n\n<figure class=\"wp-block-image size-large\"><img loading=\"lazy\" decoding=\"async\" width=\"768\" height=\"1024\" src=\"https:\/\/waldkindergarten-berglen.de\/wp-content\/uploads\/2021\/12\/IMG_3024-768x1024.jpg\" alt=\"\" class=\"wp-image-7413\" srcset=\"https:\/\/waldkindergarten-berglen.de\/wp-content\/uploads\/2021\/12\/IMG_3024-768x1024.jpg 768w, https:\/\/waldkindergarten-berglen.de\/wp-content\/uploads\/2021\/12\/IMG_3024-225x300.jpg 225w, https:\/\/waldkindergarten-berglen.de\/wp-content\/uploads\/2021\/12\/IMG_3024-1152x1536.jpg 1152w, https:\/\/waldkindergarten-berglen.de\/wp-content\/uploads\/2021\/12\/IMG_3024-1536x2048.jpg 1536w, https:\/\/waldkindergarten-berglen.de\/wp-content\/uploads\/2021\/12\/IMG_3024-982x1309.jpg 982w, https:\/\/waldkindergarten-berglen.de\/wp-content\/uploads\/2021\/12\/IMG_3024-300x400.jpg 300w, https:\/\/waldkindergarten-berglen.de\/wp-content\/uploads\/2021\/12\/IMG_3024-scaled.jpg 1920w\" sizes=\"auto, (max-width: 768px) 100vw, 768px\" \/><\/figure>\n\n\n\n<p>Einmal in der Woche werkeln viele flei\u00dfige Kinderh\u00e4nde in unserer Weihnachtswerkstatt. Die F\u00fcchse, unsere Vorsch\u00fcler bemalten und \u00f6lten Aquarellpapiere und falteten daraus Achtsternleuchten f\u00fcr Teelichter. Da staunten wir Eltern aber, zu welch komplexen und filigranen Faltarbeiten unsere Kinder bereits in der Lage sind.<\/p>\n\n\n\n<p>Auch die Kleinen schufen Kunstwerke, die nun die Fenster schm\u00fccken und dies besonders nachhaltig, erwachen so alte Kerzenreste zum Leben: Durch Tropfen von alten Kerzen, zuerst wei\u00df, dann farbig, entstanden Wachsfl\u00e4chen auf Backpapier. Solange dieses noch warm ist, lassen sich mit Pl\u00e4tzchenformen Sterne ausstechen. Kombiniert mit Waldsch\u00e4tzen entstanden so tanzende Mobiles, die wirkten, als w\u00e4ren sie gefroren &#8211; zauberhaft.<\/p>\n\n\n\n<figure class=\"wp-block-image size-large\"><img loading=\"lazy\" decoding=\"async\" width=\"576\" height=\"1024\" src=\"https:\/\/waldkindergarten-berglen.de\/wp-content\/uploads\/2021\/12\/Weihnachtswerkstatt-576x1024.jpg\" alt=\"\" class=\"wp-image-7414\" srcset=\"https:\/\/waldkindergarten-berglen.de\/wp-content\/uploads\/2021\/12\/Weihnachtswerkstatt-576x1024.jpg 576w, https:\/\/waldkindergarten-berglen.de\/wp-content\/uploads\/2021\/12\/Weihnachtswerkstatt-169x300.jpg 169w, https:\/\/waldkindergarten-berglen.de\/wp-content\/uploads\/2021\/12\/Weihnachtswerkstatt-768x1365.jpg 768w, https:\/\/waldkindergarten-berglen.de\/wp-content\/uploads\/2021\/12\/Weihnachtswerkstatt-864x1536.jpg 864w, https:\/\/waldkindergarten-berglen.de\/wp-content\/uploads\/2021\/12\/Weihnachtswerkstatt-982x1746.jpg 982w, https:\/\/waldkindergarten-berglen.de\/wp-content\/uploads\/2021\/12\/Weihnachtswerkstatt-225x400.jpg 225w, https:\/\/waldkindergarten-berglen.de\/wp-content\/uploads\/2021\/12\/Weihnachtswerkstatt.jpg 1134w\" sizes=\"auto, (max-width: 576px) 100vw, 576px\" \/><\/figure>\n\n\n\n<figure class=\"wp-block-image size-large\"><img loading=\"lazy\" decoding=\"async\" width=\"768\" height=\"1024\" src=\"https:\/\/waldkindergarten-berglen.de\/wp-content\/uploads\/2021\/12\/Mobiles-768x1024.jpg\" alt=\"\" class=\"wp-image-7415\" srcset=\"https:\/\/waldkindergarten-berglen.de\/wp-content\/uploads\/2021\/12\/Mobiles-768x1024.jpg 768w, https:\/\/waldkindergarten-berglen.de\/wp-content\/uploads\/2021\/12\/Mobiles-225x300.jpg 225w, https:\/\/waldkindergarten-berglen.de\/wp-content\/uploads\/2021\/12\/Mobiles-1152x1536.jpg 1152w, https:\/\/waldkindergarten-berglen.de\/wp-content\/uploads\/2021\/12\/Mobiles-982x1309.jpg 982w, https:\/\/waldkindergarten-berglen.de\/wp-content\/uploads\/2021\/12\/Mobiles-300x400.jpg 300w, https:\/\/waldkindergarten-berglen.de\/wp-content\/uploads\/2021\/12\/Mobiles.jpg 1200w\" sizes=\"auto, (max-width: 768px) 100vw, 768px\" \/><\/figure>\n\n\n\n<p>Und auch bei unseren beiden Umweltwichteln Paula und Pelle ist die Weihnacht eingezogen. An ihrem im Wald versteckten H\u00e4uschen haben beide flei\u00dfig geschm\u00fcckt und dekoriert. Da staunten unsere Kinder \u2013 die sich nun \u201eBesch\u00fctzer des Waldes\u201c nennen. Denn auch an den Wochenenden und den Ferien sind die Waldpl\u00e4tze ein Anziehungspunkt und es gibt immer etwas zu tun: V\u00f6gel und Eichh\u00f6rnchen f\u00fcttern, M\u00fcll aufr\u00e4umen und Paula und Pelle eine Nuss vorbeibringen. So mit dem Wald und den Tieren darin verbunden, w\u00e4chst mit unseren Kindern ein \u00f6kologisches Verantwortungsgef\u00fchl.<\/p>\n\n\n\n<figure class=\"wp-block-image size-large\"><img loading=\"lazy\" decoding=\"async\" width=\"1024\" height=\"576\" src=\"https:\/\/waldkindergarten-berglen.de\/wp-content\/uploads\/2021\/12\/Paula-und-Pelle-1024x576.jpg\" alt=\"\" class=\"wp-image-7416\" srcset=\"https:\/\/waldkindergarten-berglen.de\/wp-content\/uploads\/2021\/12\/Paula-und-Pelle-1024x576.jpg 1024w, https:\/\/waldkindergarten-berglen.de\/wp-content\/uploads\/2021\/12\/Paula-und-Pelle-300x169.jpg 300w, https:\/\/waldkindergarten-berglen.de\/wp-content\/uploads\/2021\/12\/Paula-und-Pelle-768x432.jpg 768w, https:\/\/waldkindergarten-berglen.de\/wp-content\/uploads\/2021\/12\/Paula-und-Pelle-1536x864.jpg 1536w, https:\/\/waldkindergarten-berglen.de\/wp-content\/uploads\/2021\/12\/Paula-und-Pelle-982x552.jpg 982w, https:\/\/waldkindergarten-berglen.de\/wp-content\/uploads\/2021\/12\/Paula-und-Pelle-400x225.jpg 400w, https:\/\/waldkindergarten-berglen.de\/wp-content\/uploads\/2021\/12\/Paula-und-Pelle.jpg 1599w\" sizes=\"auto, (max-width: 1024px) 100vw, 1024px\" \/><\/figure>\n\n\n\n<p><strong>Wussten Sie schon?<\/strong><\/p>\n\n\n\n<p>Es ist toll und h\u00e4ufig auch gar nicht so schwer, wie man zun\u00e4chst denkt, die Kinder an einen bewussten und ressourcenschonenden Konsum zu gew\u00f6hnen. Gerade in der Weihnachtszeit schwelgen wir in der F\u00fclle. Doch oftmals sind es die kleinen Dinge, die Kinderherzen h\u00f6her schlagen lassen. F\u00fcr die Geschenke unterm Baum kann auch das Christkind nachhaltige Verpackungen finden. Diese einfache Alternativen haben wir ausprobiert: Mit Kartoffelstempeln l\u00e4sst sich Verpackungspapier sch\u00f6n bedrucken, Versandkartons mit alten Kalenderbl\u00e4ttern beklebt erhalten ein neues Leben und dienen zugleich als Schatzkisten, T\u00fccher und gen\u00e4hte S\u00e4ckchen lassen sich wiederverwenden oder \u2013 wir verschenken Zeit statt Zeug und \u00fcberlegen uns eine gemeinsame Aktion.<\/p>\n\n\n\n<figure class=\"wp-block-image size-large\"><img loading=\"lazy\" decoding=\"async\" width=\"819\" height=\"1024\" src=\"https:\/\/waldkindergarten-berglen.de\/wp-content\/uploads\/2021\/12\/FEBBFD21-BA07-4FB9-B5C9-408389713BA2-819x1024.jpg\" alt=\"\" class=\"wp-image-7417\" srcset=\"https:\/\/waldkindergarten-berglen.de\/wp-content\/uploads\/2021\/12\/FEBBFD21-BA07-4FB9-B5C9-408389713BA2-819x1024.jpg 819w, https:\/\/waldkindergarten-berglen.de\/wp-content\/uploads\/2021\/12\/FEBBFD21-BA07-4FB9-B5C9-408389713BA2-240x300.jpg 240w, https:\/\/waldkindergarten-berglen.de\/wp-content\/uploads\/2021\/12\/FEBBFD21-BA07-4FB9-B5C9-408389713BA2-768x960.jpg 768w, https:\/\/waldkindergarten-berglen.de\/wp-content\/uploads\/2021\/12\/FEBBFD21-BA07-4FB9-B5C9-408389713BA2-1229x1536.jpg 1229w, https:\/\/waldkindergarten-berglen.de\/wp-content\/uploads\/2021\/12\/FEBBFD21-BA07-4FB9-B5C9-408389713BA2-982x1228.jpg 982w, https:\/\/waldkindergarten-berglen.de\/wp-content\/uploads\/2021\/12\/FEBBFD21-BA07-4FB9-B5C9-408389713BA2-320x400.jpg 320w, https:\/\/waldkindergarten-berglen.de\/wp-content\/uploads\/2021\/12\/FEBBFD21-BA07-4FB9-B5C9-408389713BA2.jpg 1440w\" sizes=\"auto, (max-width: 819px) 100vw, 819px\" \/><figcaption>Verpackungsideen von unserem Herbstfest an einem der Nachhaltigkeitsst\u00e4nde<\/figcaption><\/figure>\n\n\n\n<p><\/p>\n","protected":false},"excerpt":{"rendered":"<p>Die Woche konnte ja nur toll werden, denn sie begann mit dem Nikolaustag. Hatten unsere Wichtel und Zwerge in der letzten Woche ihre Stiefelchen blankgeputzt und in einem Sack im Wald versteckt, war dieser dann auch bald verschwunden. Am Montag sollte er wieder auftauchen. Nach dem Morgenkreis entdeckten die Kinder eine Spur aus Erdnussschalen, die&hellip; <a href=\"https:\/\/waldkindergarten-berglen.de\/?p=7410\" class=\"more-link\">Weiterlesen <span class=\"screen-reader-text\">Jetzt f\u00fcr morgen \u2013 eine nachhaltige Adventszeit<\/span><\/a><\/p>\n","protected":false},"author":6,"featured_media":0,"comment_status":"closed","ping_status":"closed","sticky":false,"template":"","format":"standard","meta":{"ngg_post_thumbnail":0,"_jetpack_memberships_contains_paid_content":false,"footnotes":""},"categories":[3],"tags":[],"class_list":["post-7410","post","type-post","status-publish","format-standard","hentry","category-berichte"],"jetpack_featured_media_url":"","jetpack_sharing_enabled":true,"_links":{"self":[{"href":"https:\/\/waldkindergarten-berglen.de\/index.php?rest_route=\/wp\/v2\/posts\/7410","targetHints":{"allow":["GET"]}}],"collection":[{"href":"https:\/\/waldkindergarten-berglen.de\/index.php?rest_route=\/wp\/v2\/posts"}],"about":[{"href":"https:\/\/waldkindergarten-berglen.de\/index.php?rest_route=\/wp\/v2\/types\/post"}],"author":[{"embeddable":true,"href":"https:\/\/waldkindergarten-berglen.de\/index.php?rest_route=\/wp\/v2\/users\/6"}],"replies":[{"embeddable":true,"href":"https:\/\/waldkindergarten-berglen.de\/index.php?rest_route=%2Fwp%2Fv2%2Fcomments&post=7410"}],"version-history":[{"count":1,"href":"https:\/\/waldkindergarten-berglen.de\/index.php?rest_route=\/wp\/v2\/posts\/7410\/revisions"}],"predecessor-version":[{"id":7418,"href":"https:\/\/waldkindergarten-berglen.de\/index.php?rest_route=\/wp\/v2\/posts\/7410\/revisions\/7418"}],"wp:attachment":[{"href":"https:\/\/waldkindergarten-berglen.de\/index.php?rest_route=%2Fwp%2Fv2%2Fmedia&parent=7410"}],"wp:term":[{"taxonomy":"category","embeddable":true,"href":"https:\/\/waldkindergarten-berglen.de\/index.php?rest_route=%2Fwp%2Fv2%2Fcategories&post=7410"},{"taxonomy":"post_tag","embeddable":true,"href":"https:\/\/waldkindergarten-berglen.de\/index.php?rest_route=%2Fwp%2Fv2%2Ftags&post=7410"}],"curies":[{"name":"wp","href":"https:\/\/api.w.org\/{rel}","templated":true}]}}