{"id":7430,"date":"2021-12-27T08:00:00","date_gmt":"2021-12-27T07:00:00","guid":{"rendered":"https:\/\/waldkindergarten-berglen.de\/?p=7430"},"modified":"2021-12-26T16:20:41","modified_gmt":"2021-12-26T15:20:41","slug":"marias-kleiner-esel","status":"publish","type":"post","link":"https:\/\/waldkindergarten-berglen.de\/?p=7430","title":{"rendered":"Marias kleiner Esel"},"content":{"rendered":"\n<p>In den letzten Tagen vor Weihnachten durften unsere Wichtel und Zwerge die Waldweihnacht erleben. Am Tag der gruppeninternen Weihnachtsfeiern, liefen die Kinder zum Weihnachtsplatz. Am Eingang zum Vesperkreis stand f\u00fcr jedes Kind ein Teelicht bereit. Zum Klang des Liedes \u201eKleines Licht leuchte hell und strahle weit\u201c brachten die Kinder einzeln ihre Lichter in die Strahlen eines Mandalasterns, welcher dann die gemeinsame Mahlzeit erleuchtete. Einige Eltern hatten Br\u00f6tchen, W\u00fcrstchen und Pl\u00e4tzchen besorgt, welche sich die Kinder nun schmecken lie\u00dfen. Denn im Wald mit netter Gesellschaft schmeckt es nun mal besonders gut.<\/p>\n\n\n\n<figure class=\"wp-block-image size-large\"><img loading=\"lazy\" decoding=\"async\" width=\"768\" height=\"1024\" src=\"https:\/\/waldkindergarten-berglen.de\/wp-content\/uploads\/2021\/12\/Mandala-768x1024.jpg\" alt=\"\" class=\"wp-image-7433\" srcset=\"https:\/\/waldkindergarten-berglen.de\/wp-content\/uploads\/2021\/12\/Mandala-768x1024.jpg 768w, https:\/\/waldkindergarten-berglen.de\/wp-content\/uploads\/2021\/12\/Mandala-225x300.jpg 225w, https:\/\/waldkindergarten-berglen.de\/wp-content\/uploads\/2021\/12\/Mandala-1152x1536.jpg 1152w, https:\/\/waldkindergarten-berglen.de\/wp-content\/uploads\/2021\/12\/Mandala-982x1309.jpg 982w, https:\/\/waldkindergarten-berglen.de\/wp-content\/uploads\/2021\/12\/Mandala-300x400.jpg 300w, https:\/\/waldkindergarten-berglen.de\/wp-content\/uploads\/2021\/12\/Mandala.jpg 1200w\" sizes=\"auto, (max-width: 768px) 100vw, 768px\" \/><\/figure>\n\n\n\n<p>Frisch gest\u00e4rkt zogen unsere Wichtel nun zum Weihnachtsplatz und lauschten dem letzten Teil des Weihnachtsspiels. Maria und Josef kamen mit ihrem Eselchen immer n\u00e4her Richtung Betlehem, wo schlie\u00dflich das Jesuskindlein in der Krippe zur Welt kam. Ersch\u00f6pft, aber auch froh, dass sie es gemeinsam geschafft hatten, fand auch Marias kleiner Esel seinen Platz im Stroh und durfte sich ausruhen. Durch die Filzfig\u00fcrchen und die liebevoll gestaltete Landschaft am Weihnachtsplatz erwecken unsere Erzieherinnen die Geschichte zum Leben. Das Ende \u2013 oder sagen wir besser der Anfang \u2013 dieser Geschichte ist uns Erwachsenen hinl\u00e4nglich bekannt, doch die Kinder fiebern mit und staunen \u00fcber das Wunder, das in dieser Nacht im Stall geschieht.<\/p>\n\n\n\n<figure class=\"wp-block-image size-large\"><img loading=\"lazy\" decoding=\"async\" width=\"768\" height=\"1024\" src=\"https:\/\/waldkindergarten-berglen.de\/wp-content\/uploads\/2021\/12\/Krippe-1-768x1024.jpg\" alt=\"\" class=\"wp-image-7432\" srcset=\"https:\/\/waldkindergarten-berglen.de\/wp-content\/uploads\/2021\/12\/Krippe-1-768x1024.jpg 768w, https:\/\/waldkindergarten-berglen.de\/wp-content\/uploads\/2021\/12\/Krippe-1-225x300.jpg 225w, https:\/\/waldkindergarten-berglen.de\/wp-content\/uploads\/2021\/12\/Krippe-1-1152x1536.jpg 1152w, https:\/\/waldkindergarten-berglen.de\/wp-content\/uploads\/2021\/12\/Krippe-1-982x1309.jpg 982w, https:\/\/waldkindergarten-berglen.de\/wp-content\/uploads\/2021\/12\/Krippe-1-300x400.jpg 300w, https:\/\/waldkindergarten-berglen.de\/wp-content\/uploads\/2021\/12\/Krippe-1.jpg 1200w\" sizes=\"auto, (max-width: 768px) 100vw, 768px\" \/><\/figure>\n\n\n\n<p>Auf die Kinder wartete auch ein kleines Wunder \u2013 sie durften ihre Weihnachtsgeschenke an einer glitzernden moosgeschm\u00fcckten Wurzel am Ende des Adventsweges abholen. Kleine Walnussh\u00e4lften gef\u00fcllt mit Goldtr\u00f6pfchen in einem winzigen Gl\u00e4schen. Diese durften verrieben auf frisch gewaschenen Kinderh\u00e4nden wunderbar nach Weihnachten.<\/p>\n\n\n\n<figure class=\"wp-block-image size-large\"><img loading=\"lazy\" decoding=\"async\" width=\"768\" height=\"1024\" src=\"https:\/\/waldkindergarten-berglen.de\/wp-content\/uploads\/2021\/12\/2a65cb09-8de1-4be3-912d-31a83cc13e61-768x1024.jpg\" alt=\"\" class=\"wp-image-7434\" srcset=\"https:\/\/waldkindergarten-berglen.de\/wp-content\/uploads\/2021\/12\/2a65cb09-8de1-4be3-912d-31a83cc13e61-768x1024.jpg 768w, https:\/\/waldkindergarten-berglen.de\/wp-content\/uploads\/2021\/12\/2a65cb09-8de1-4be3-912d-31a83cc13e61-225x300.jpg 225w, https:\/\/waldkindergarten-berglen.de\/wp-content\/uploads\/2021\/12\/2a65cb09-8de1-4be3-912d-31a83cc13e61-1152x1536.jpg 1152w, https:\/\/waldkindergarten-berglen.de\/wp-content\/uploads\/2021\/12\/2a65cb09-8de1-4be3-912d-31a83cc13e61-982x1309.jpg 982w, https:\/\/waldkindergarten-berglen.de\/wp-content\/uploads\/2021\/12\/2a65cb09-8de1-4be3-912d-31a83cc13e61-300x400.jpg 300w, https:\/\/waldkindergarten-berglen.de\/wp-content\/uploads\/2021\/12\/2a65cb09-8de1-4be3-912d-31a83cc13e61.jpg 1200w\" sizes=\"auto, (max-width: 768px) 100vw, 768px\" \/><\/figure>\n\n\n\n<p>Nun ging es zur\u00fcck Richtung Waldspielplatz denn auch auf die Eltern wartete noch eine \u00dcberraschung. Am Ende eines geschm\u00fcckten Pfades warteten die in der Weihnachtswerkstatt gestalteten Krippen der Kinder.<\/p>\n\n\n\n<figure class=\"wp-block-image size-large\"><img loading=\"lazy\" decoding=\"async\" width=\"768\" height=\"1024\" src=\"https:\/\/waldkindergarten-berglen.de\/wp-content\/uploads\/2021\/12\/98af0687-ab9c-41fb-b05a-446ed4595fc0-768x1024.jpg\" alt=\"\" class=\"wp-image-7435\" srcset=\"https:\/\/waldkindergarten-berglen.de\/wp-content\/uploads\/2021\/12\/98af0687-ab9c-41fb-b05a-446ed4595fc0-768x1024.jpg 768w, https:\/\/waldkindergarten-berglen.de\/wp-content\/uploads\/2021\/12\/98af0687-ab9c-41fb-b05a-446ed4595fc0-225x300.jpg 225w, https:\/\/waldkindergarten-berglen.de\/wp-content\/uploads\/2021\/12\/98af0687-ab9c-41fb-b05a-446ed4595fc0-1152x1536.jpg 1152w, https:\/\/waldkindergarten-berglen.de\/wp-content\/uploads\/2021\/12\/98af0687-ab9c-41fb-b05a-446ed4595fc0-982x1309.jpg 982w, https:\/\/waldkindergarten-berglen.de\/wp-content\/uploads\/2021\/12\/98af0687-ab9c-41fb-b05a-446ed4595fc0-300x400.jpg 300w, https:\/\/waldkindergarten-berglen.de\/wp-content\/uploads\/2021\/12\/98af0687-ab9c-41fb-b05a-446ed4595fc0.jpg 1500w\" sizes=\"auto, (max-width: 768px) 100vw, 768px\" \/><\/figure>\n\n\n\n<p>Wen nun denkt, es w\u00e4ren jetzt alle beschert, der irrt. Denn es ist Tradition im Waldkindergarten, dass auch die Tiere ihren Baum bekommen. Und so zogen am n\u00e4chsten Tag die Kinder nochmals aus, um an ihre Freunde zu denken, verteilten Futter an die Eichh\u00f6rnchen, V\u00f6gel und anderen Waldtiere. Vielleicht auch an Paula und Pelle, unsere Wichtelchen. Zum Dank f\u00fcr den mit Futter geschm\u00fcckten Baum fanden die Kinder Lebkuchen daran, die sie eintauschen konnten. Jetzt konnte es Weihnacht werden.<\/p>\n\n\n\n<figure class=\"wp-block-image size-large\"><img loading=\"lazy\" decoding=\"async\" width=\"576\" height=\"1024\" src=\"https:\/\/waldkindergarten-berglen.de\/wp-content\/uploads\/2021\/12\/Tierbaum-576x1024.jpg\" alt=\"\" class=\"wp-image-7436\" srcset=\"https:\/\/waldkindergarten-berglen.de\/wp-content\/uploads\/2021\/12\/Tierbaum-576x1024.jpg 576w, https:\/\/waldkindergarten-berglen.de\/wp-content\/uploads\/2021\/12\/Tierbaum-169x300.jpg 169w, https:\/\/waldkindergarten-berglen.de\/wp-content\/uploads\/2021\/12\/Tierbaum-768x1365.jpg 768w, https:\/\/waldkindergarten-berglen.de\/wp-content\/uploads\/2021\/12\/Tierbaum-864x1536.jpg 864w, https:\/\/waldkindergarten-berglen.de\/wp-content\/uploads\/2021\/12\/Tierbaum-982x1746.jpg 982w, https:\/\/waldkindergarten-berglen.de\/wp-content\/uploads\/2021\/12\/Tierbaum-225x400.jpg 225w, https:\/\/waldkindergarten-berglen.de\/wp-content\/uploads\/2021\/12\/Tierbaum.jpg 1134w\" sizes=\"auto, (max-width: 576px) 100vw, 576px\" \/><\/figure>\n\n\n\n<p>Wir bedanken uns ganz herzlich an dieser Stelle bei allen Leser*innen, der Gemeinde Berglen f\u00fcr die vielf\u00e4ltige Unterst\u00fctzung, unseren Vorstand, der in diesen Zeiten unglaubliches im Ehrenamt leistet, und nat\u00fcrlich bei unserem Waldteam, welches unseren Kindern diese wunderbare Zeit im Wald erm\u00f6glicht. Wir w\u00fcnschen allen einen guten und vor allem gesunden Start ins neue Jahr und freuen uns auf viele Abenteuer im Wald,<\/p>\n\n\n\n<p><strong><em>Wussten Sie schon?<\/em><\/strong><\/p>\n\n\n\n<p><em>Da der Waldkindergarten als Verein organisiert ist, leisten wir fast alle anfallenden T\u00e4tigkeiten im Ehrenamt \u2013 bei den einigen Aufgaben werden wir durch die Gemeinde unterst\u00fctzt. Trotzdem leisten Eltern der Kinder aus dem Waldkindergarten j\u00e4hrlich unz\u00e4hlige Arbeitsstunden \u2013 allen voran unser Vorstand. Aber auch die Berichte, die hier erscheinen, die Pflege unseres St\u00fcckles und der Waldpl\u00e4tze und viele weitere Aufgaben bew\u00e4ltigt die Elternschaft. Leider konnten wir in den letzten Jahren aus bekannten Gr\u00fcnden unsere Feste nur intern im kleinen Kreis feiern und so fehlen uns einige Einnahmequellen. Wir w\u00fcrden uns daher sehr freuen, wenn Sie unsere Arbeit mit einer Spende unterst\u00fctzen w\u00fcrden. Vielen herzlichen Dank!<\/em><\/p>\n\n\n\n<p><em>Spendenkonto: Waldkindergarten Berglen e.V.<\/em><\/p>\n\n\n\n<p><em>IBAN: DE95 6025 0010 0015 0209 34<\/em><\/p>\n","protected":false},"excerpt":{"rendered":"<p>In den letzten Tagen vor Weihnachten durften unsere Wichtel und Zwerge die Waldweihnacht erleben. Am Tag der gruppeninternen Weihnachtsfeiern, liefen die Kinder zum Weihnachtsplatz. Am Eingang zum Vesperkreis stand f\u00fcr jedes Kind ein Teelicht bereit. Zum Klang des Liedes \u201eKleines Licht leuchte hell und strahle weit\u201c brachten die Kinder einzeln ihre Lichter in die Strahlen&hellip; <a href=\"https:\/\/waldkindergarten-berglen.de\/?p=7430\" class=\"more-link\">Weiterlesen <span class=\"screen-reader-text\">Marias kleiner Esel<\/span><\/a><\/p>\n","protected":false},"author":6,"featured_media":0,"comment_status":"closed","ping_status":"closed","sticky":false,"template":"","format":"standard","meta":{"ngg_post_thumbnail":0,"_jetpack_memberships_contains_paid_content":false,"footnotes":""},"categories":[3],"tags":[],"class_list":["post-7430","post","type-post","status-publish","format-standard","hentry","category-berichte"],"jetpack_featured_media_url":"","jetpack_sharing_enabled":true,"_links":{"self":[{"href":"https:\/\/waldkindergarten-berglen.de\/index.php?rest_route=\/wp\/v2\/posts\/7430","targetHints":{"allow":["GET"]}}],"collection":[{"href":"https:\/\/waldkindergarten-berglen.de\/index.php?rest_route=\/wp\/v2\/posts"}],"about":[{"href":"https:\/\/waldkindergarten-berglen.de\/index.php?rest_route=\/wp\/v2\/types\/post"}],"author":[{"embeddable":true,"href":"https:\/\/waldkindergarten-berglen.de\/index.php?rest_route=\/wp\/v2\/users\/6"}],"replies":[{"embeddable":true,"href":"https:\/\/waldkindergarten-berglen.de\/index.php?rest_route=%2Fwp%2Fv2%2Fcomments&post=7430"}],"version-history":[{"count":1,"href":"https:\/\/waldkindergarten-berglen.de\/index.php?rest_route=\/wp\/v2\/posts\/7430\/revisions"}],"predecessor-version":[{"id":7437,"href":"https:\/\/waldkindergarten-berglen.de\/index.php?rest_route=\/wp\/v2\/posts\/7430\/revisions\/7437"}],"wp:attachment":[{"href":"https:\/\/waldkindergarten-berglen.de\/index.php?rest_route=%2Fwp%2Fv2%2Fmedia&parent=7430"}],"wp:term":[{"taxonomy":"category","embeddable":true,"href":"https:\/\/waldkindergarten-berglen.de\/index.php?rest_route=%2Fwp%2Fv2%2Fcategories&post=7430"},{"taxonomy":"post_tag","embeddable":true,"href":"https:\/\/waldkindergarten-berglen.de\/index.php?rest_route=%2Fwp%2Fv2%2Ftags&post=7430"}],"curies":[{"name":"wp","href":"https:\/\/api.w.org\/{rel}","templated":true}]}}