{"id":7468,"date":"2022-02-14T08:00:00","date_gmt":"2022-02-14T07:00:00","guid":{"rendered":"https:\/\/waldkindergarten-berglen.de\/?p=7468"},"modified":"2022-02-13T11:57:33","modified_gmt":"2022-02-13T10:57:33","slug":"aus-einem-einfachen-jutesack-entstehen-wurzelkinderkostueme","status":"publish","type":"post","link":"https:\/\/waldkindergarten-berglen.de\/?p=7468","title":{"rendered":"Aus einem einfachen Jutesack entstehen Wurzelkinderkost\u00fcme"},"content":{"rendered":"\n<p>Unsere Waldkinder haben nun erfahren, dass auch ihr Faschingsfest zum Buch \u201eDie Wurzelkinder\u201c, welches sie seit einiger Zeit durch den Wald begleitet, gefeiert werden wird und auch ihre Kost\u00fcme passend zum Buch gestaltet werden. Die Kinder durften ausw\u00e4hlen, ob sie ein wei\u00dfes Schneegl\u00f6ckchen, eine blaue Glockenblume, eine gelbe Osterglocke oder gar ein K\u00e4fer werden m\u00f6chten. Gemeinsam wurde \u00fcberlegt, welche K\u00e4fer es denn \u00fcberhaupt gibt. Neben dem bekannten Marienk\u00e4fer war auch der kr\u00e4ftige und starke Hirschk\u00e4fer f\u00fcr die Kinder interessant. Besonders f\u00fcr Kinder, die gerade Kr\u00e4fte messen und gro\u00df sein wollen, ist dieser imposante K\u00e4fer eine sch\u00f6ne Identifikationsfigur. Aber auch ein Mistk\u00e4fer und ein Feuerk\u00e4fer werden an Fasching durch den Wald ziehen.<\/p>\n\n\n\n<figure class=\"wp-block-image size-large\"><img loading=\"lazy\" decoding=\"async\" width=\"768\" height=\"1024\" src=\"https:\/\/waldkindergarten-berglen.de\/wp-content\/uploads\/2022\/02\/naehen-768x1024.jpg\" alt=\"\" class=\"wp-image-7469\" srcset=\"https:\/\/waldkindergarten-berglen.de\/wp-content\/uploads\/2022\/02\/naehen-768x1024.jpg 768w, https:\/\/waldkindergarten-berglen.de\/wp-content\/uploads\/2022\/02\/naehen-225x300.jpg 225w, https:\/\/waldkindergarten-berglen.de\/wp-content\/uploads\/2022\/02\/naehen-1152x1536.jpg 1152w, https:\/\/waldkindergarten-berglen.de\/wp-content\/uploads\/2022\/02\/naehen-982x1309.jpg 982w, https:\/\/waldkindergarten-berglen.de\/wp-content\/uploads\/2022\/02\/naehen-300x400.jpg 300w, https:\/\/waldkindergarten-berglen.de\/wp-content\/uploads\/2022\/02\/naehen.jpg 1200w\" sizes=\"auto, (max-width: 768px) 100vw, 768px\" \/><figcaption>Mit gro\u00dfer Konzentration entsteht ein Hut einer blauen Glockenblume &#8211; gar nicht so einfach.<\/figcaption><\/figure>\n\n\n\n<p>Bei uns im Waldkindergarten werden die Kost\u00fcme traditionell selbst gestaltet. Hierf\u00fcr bringen die Eltern vorab einen umn\u00e4hten Jutesack mit. Dieser wird \u00fcber der Matschkleidung getragen und jedes Jahr anders gestaltet. So tr\u00e4gt auch das Faschingskost\u00fcm zum Thema Nachhaltigkeit bei, denn die S\u00e4cke k\u00f6nnen jedes Jahr wiederverwendet werden. Denn Jutes\u00e4cke sind im Wollwaschgang sogar waschbar, sie schrumpfen lediglich ein wenig. Au\u00dfer dem Sack tragen die Accessoires dazu bei, dass ein richtiges Kost\u00fcm entsteht. Hierf\u00fcr sind die Kinder selbst am Werk. So begannen die Blumenkinder diese Woche damit, ihre H\u00fcte zu n\u00e4hen. Dies ist besonders f\u00fcr die kleineren Kinder eine Herausforderung, der sie sich aber mit Unterst\u00fctzung gerne stellen, entstehen doch richtige Kunstwerke. Ein Foto zeigen wir an dieser Stelle noch nicht, doch so viel sei verraten, die Kost\u00fcme werden ganz bezaubernd.<\/p>\n\n\n\n<figure class=\"wp-block-image size-large\"><img loading=\"lazy\" decoding=\"async\" width=\"1024\" height=\"576\" src=\"https:\/\/waldkindergarten-berglen.de\/wp-content\/uploads\/2022\/02\/faerben-1024x576.jpg\" alt=\"\" class=\"wp-image-7470\" srcset=\"https:\/\/waldkindergarten-berglen.de\/wp-content\/uploads\/2022\/02\/faerben-1024x576.jpg 1024w, https:\/\/waldkindergarten-berglen.de\/wp-content\/uploads\/2022\/02\/faerben-300x169.jpg 300w, https:\/\/waldkindergarten-berglen.de\/wp-content\/uploads\/2022\/02\/faerben-768x432.jpg 768w, https:\/\/waldkindergarten-berglen.de\/wp-content\/uploads\/2022\/02\/faerben-1536x864.jpg 1536w, https:\/\/waldkindergarten-berglen.de\/wp-content\/uploads\/2022\/02\/faerben-982x552.jpg 982w, https:\/\/waldkindergarten-berglen.de\/wp-content\/uploads\/2022\/02\/faerben-400x225.jpg 400w, https:\/\/waldkindergarten-berglen.de\/wp-content\/uploads\/2022\/02\/faerben.jpg 2016w\" sizes=\"auto, (max-width: 1024px) 100vw, 1024px\" \/><figcaption>Hier kochen die Fl\u00fcgel der K\u00e4fer. Gef\u00e4rbt wird \u00fcber dem Feuer mit Naturfarben.<\/figcaption><\/figure>\n\n\n\n<p>Die K\u00e4ferkinder bekommen \u2013 eben wie die Vorbilder aus der Natur \u2013 Fl\u00fcgel. Diese werden sp\u00e4ter am Sack befestigt, doch so weit ist es noch nicht. Wei\u00dfe Leint\u00fccher wurden in Fl\u00fcgelform geschnitten und \u00fcber dem Feuer mit Pflanzenfarben gekocht. Rote Beete verleihen den Fl\u00fcgeln des Marienk\u00e4fers den typischen Farbton, Heidelbeeren sorgten f\u00fcr ein kr\u00e4ftiges Violett f\u00fcr die weiteren K\u00e4fertypen. Dieses gestalten die Kinder mit Kohlestiften in den n\u00e4chsten Tagen noch aus.<\/p>\n\n\n\n<p>In die Wurzellandschaft von letzter Woche zogen noch kleine Wurzelkinder aus St\u00f6cken und M\u00e4rchenwolle ein, welche den Kindern nun im Freispiel zur Verf\u00fcgung stehen. Besonders unsere F\u00fcchse spielen nun ausdauernd unterschiedliche Szenen an den Wurzeln.<\/p>\n\n\n\n<figure class=\"wp-block-image size-large\"><img loading=\"lazy\" decoding=\"async\" width=\"1024\" height=\"576\" src=\"https:\/\/waldkindergarten-berglen.de\/wp-content\/uploads\/2022\/02\/Wurzellandschaft-1024x576.jpg\" alt=\"\" class=\"wp-image-7471\" srcset=\"https:\/\/waldkindergarten-berglen.de\/wp-content\/uploads\/2022\/02\/Wurzellandschaft-1024x576.jpg 1024w, https:\/\/waldkindergarten-berglen.de\/wp-content\/uploads\/2022\/02\/Wurzellandschaft-300x169.jpg 300w, https:\/\/waldkindergarten-berglen.de\/wp-content\/uploads\/2022\/02\/Wurzellandschaft-768x432.jpg 768w, https:\/\/waldkindergarten-berglen.de\/wp-content\/uploads\/2022\/02\/Wurzellandschaft-1536x864.jpg 1536w, https:\/\/waldkindergarten-berglen.de\/wp-content\/uploads\/2022\/02\/Wurzellandschaft-982x552.jpg 982w, https:\/\/waldkindergarten-berglen.de\/wp-content\/uploads\/2022\/02\/Wurzellandschaft-400x225.jpg 400w, https:\/\/waldkindergarten-berglen.de\/wp-content\/uploads\/2022\/02\/Wurzellandschaft.jpg 2016w\" sizes=\"auto, (max-width: 1024px) 100vw, 1024px\" \/><figcaption>Die Wurzellandschaft &#8211; nun erg\u00e4nzt mit einigen bezaubernden Wurzelkindern f\u00fcr das Freispiel der Kinder.<\/figcaption><\/figure>\n\n\n\n<p><strong><em>Wussten Sie schon?<\/em><\/strong><\/p>\n\n\n\n<p><em>Jute ist wieder modern \u2013 und das nicht ohne Grund. Jute ist ein Produkt einer indischen Strauchpflanze und daher nachhaltig, da sie nachw\u00e4chst, aber auch wieder verrottet. Die Fasern der Jute sind sehr rei\u00dffest und belastbar, dennoch kann durch die feinen \u00d6ffnungen Luft durchdringen. Besonders bei Produkten, die atmen sollten, ist das ein entscheidender Vorteil.<\/em> <em>Viele von uns verbinden Kindheitserinnerungen mit der beliebten Naturtasche, denn der Nikolaus bringt auch heute noch den Kindern seine Gaben im Jutesack. Die rauen Fasern der Jute sind aber auch im Garten ein wirksamer Schutz gegen Schnecken. Aufgrund ihrer engen, aber luftdurchl\u00e4ssigen Faserstruktur sind die S\u00e4cke genau der kuschlige Ersatz, den ein versto\u00dfenes K\u00e4nguru Baby braucht. Auch im Katastrophenfall finden die braunen S\u00e4cke Verwendung: Durch die Widerstandsf\u00e4higkeit des Materials, eigenen sie sich zum Bef\u00fcllen mit Sand. In gef\u00e4hrdeten Gebieten sorgen die Wunders\u00e4cke daf\u00fcr, dass Erde nicht verweht werden kann, Dazu wird unterhalb der Fasern Humos Erde abgelegt. Diese Fasern helfen dabei Wasser zu speichern und die Sonne kann den Boden nun nicht mehr so stark ausd\u00fcrren, Pflanzentriebe schaffen es trotzdem an die Oberfl\u00e4che. Auf diese Weise schafft es diese vielseitige Wunderfaser ein weiteres Mal, die Welt ein ganz kleines St\u00fcck besser zu machen.<\/em><\/p>\n","protected":false},"excerpt":{"rendered":"<p>Unsere Waldkinder haben nun erfahren, dass auch ihr Faschingsfest zum Buch \u201eDie Wurzelkinder\u201c, welches sie seit einiger Zeit durch den Wald begleitet, gefeiert werden wird und auch ihre Kost\u00fcme passend zum Buch gestaltet werden. Die Kinder durften ausw\u00e4hlen, ob sie ein wei\u00dfes Schneegl\u00f6ckchen, eine blaue Glockenblume, eine gelbe Osterglocke oder gar ein K\u00e4fer werden m\u00f6chten.&hellip; <a href=\"https:\/\/waldkindergarten-berglen.de\/?p=7468\" class=\"more-link\">Weiterlesen <span class=\"screen-reader-text\">Aus einem einfachen Jutesack entstehen Wurzelkinderkost\u00fcme<\/span><\/a><\/p>\n","protected":false},"author":6,"featured_media":0,"comment_status":"closed","ping_status":"closed","sticky":false,"template":"","format":"standard","meta":{"ngg_post_thumbnail":0,"_jetpack_memberships_contains_paid_content":false,"footnotes":""},"categories":[3],"tags":[],"class_list":["post-7468","post","type-post","status-publish","format-standard","hentry","category-berichte"],"jetpack_featured_media_url":"","jetpack_sharing_enabled":true,"_links":{"self":[{"href":"https:\/\/waldkindergarten-berglen.de\/index.php?rest_route=\/wp\/v2\/posts\/7468","targetHints":{"allow":["GET"]}}],"collection":[{"href":"https:\/\/waldkindergarten-berglen.de\/index.php?rest_route=\/wp\/v2\/posts"}],"about":[{"href":"https:\/\/waldkindergarten-berglen.de\/index.php?rest_route=\/wp\/v2\/types\/post"}],"author":[{"embeddable":true,"href":"https:\/\/waldkindergarten-berglen.de\/index.php?rest_route=\/wp\/v2\/users\/6"}],"replies":[{"embeddable":true,"href":"https:\/\/waldkindergarten-berglen.de\/index.php?rest_route=%2Fwp%2Fv2%2Fcomments&post=7468"}],"version-history":[{"count":2,"href":"https:\/\/waldkindergarten-berglen.de\/index.php?rest_route=\/wp\/v2\/posts\/7468\/revisions"}],"predecessor-version":[{"id":7473,"href":"https:\/\/waldkindergarten-berglen.de\/index.php?rest_route=\/wp\/v2\/posts\/7468\/revisions\/7473"}],"wp:attachment":[{"href":"https:\/\/waldkindergarten-berglen.de\/index.php?rest_route=%2Fwp%2Fv2%2Fmedia&parent=7468"}],"wp:term":[{"taxonomy":"category","embeddable":true,"href":"https:\/\/waldkindergarten-berglen.de\/index.php?rest_route=%2Fwp%2Fv2%2Fcategories&post=7468"},{"taxonomy":"post_tag","embeddable":true,"href":"https:\/\/waldkindergarten-berglen.de\/index.php?rest_route=%2Fwp%2Fv2%2Ftags&post=7468"}],"curies":[{"name":"wp","href":"https:\/\/api.w.org\/{rel}","templated":true}]}}