{"id":7483,"date":"2022-02-21T08:05:00","date_gmt":"2022-02-21T07:05:00","guid":{"rendered":"https:\/\/waldkindergarten-berglen.de\/?p=7483"},"modified":"2022-02-20T12:23:37","modified_gmt":"2022-02-20T11:23:37","slug":"vorbereitungen-fuer-den-fasching-und-mal-wieder-ein-kraeftiger-sturm","status":"publish","type":"post","link":"https:\/\/waldkindergarten-berglen.de\/?p=7483","title":{"rendered":"Vorbereitungen f\u00fcr den Fasching und mal wieder ein kr\u00e4ftiger Sturm"},"content":{"rendered":"\n<p>Das Faschingsfest r\u00fcckt n\u00e4her und so sind unsere Waldkinder weiter flei\u00dfig dabei, ihre Kost\u00fcme zu basteln. Das Buch &#8222;Die Wurzelkinder&#8220; von Sibylle von Olfers, in dem es um das Erwachen der Natur im Fr\u00fchling geht, begleitet die Kinder schon eine Weile im Wald. Und passend dazu werden die Kinder auch ihre Kost\u00fcme gestalten. Jedes Kind durfte ausw\u00e4hlen, was es sein m\u00f6chte- eine Blume oder ein K\u00e4fer. So werden nun bald viele wei\u00dfe Schneegl\u00f6ckchen, blaue Glockenblumen und gelbe Osterglocken bunt im Wald leuchten und Marienk\u00e4fer, Hirschk\u00e4fer, Maik\u00e4fer und Feuerk\u00e4fer durch den Wald fliegen und krabbeln. Wie in jedem Jahr wird daf\u00fcr ein umgen\u00e4hter Jutesack als Grundlage genommen, der \u00fcber die dicke warme Matschkleidung gezogen wird und immer wieder passend zum Thema gestaltet werden kann. Das \u00fcbernehmen nat\u00fcrlich die Waldkinder selbst. Und so n\u00e4hen sich die Blumenkinder eine Kopfbedeckung aus Wollfilz und f\u00e4deln Filzbl\u00e4tter auf eine Kordel auf, die dann der G\u00fcrtel sein wird. Die K\u00e4ferkinder gestalten sich Fl\u00fcgel. Daf\u00fcr werden Leint\u00fccher zurechtgeschnitten, mit Naturfarben bunt eingef\u00e4rbt und dann an die Jutes\u00e4cke angen\u00e4ht. Jede K\u00e4ferart erh\u00e4lt dann noch mit Kohlestiften sein nat\u00fcrliches Aussehen (Punkte, Streifen). Alle sind schon ganz gespannt auf die Kunstwerke.<\/p>\n\n\n\n<figure class=\"wp-block-image size-large\"><img loading=\"lazy\" decoding=\"async\" width=\"1024\" height=\"768\" src=\"https:\/\/waldkindergarten-berglen.de\/wp-content\/uploads\/2022\/02\/Ein-Bluetenhut-entsteht-1024x768.jpeg\" alt=\"\" class=\"wp-image-7487\" srcset=\"https:\/\/waldkindergarten-berglen.de\/wp-content\/uploads\/2022\/02\/Ein-Bluetenhut-entsteht-1024x768.jpeg 1024w, https:\/\/waldkindergarten-berglen.de\/wp-content\/uploads\/2022\/02\/Ein-Bluetenhut-entsteht-300x225.jpeg 300w, https:\/\/waldkindergarten-berglen.de\/wp-content\/uploads\/2022\/02\/Ein-Bluetenhut-entsteht-768x576.jpeg 768w, https:\/\/waldkindergarten-berglen.de\/wp-content\/uploads\/2022\/02\/Ein-Bluetenhut-entsteht-1536x1152.jpeg 1536w, https:\/\/waldkindergarten-berglen.de\/wp-content\/uploads\/2022\/02\/Ein-Bluetenhut-entsteht-982x737.jpeg 982w, https:\/\/waldkindergarten-berglen.de\/wp-content\/uploads\/2022\/02\/Ein-Bluetenhut-entsteht-400x300.jpeg 400w, https:\/\/waldkindergarten-berglen.de\/wp-content\/uploads\/2022\/02\/Ein-Bluetenhut-entsteht.jpeg 2048w\" sizes=\"auto, (max-width: 1024px) 100vw, 1024px\" \/><figcaption>Ein Bl\u00fctenhut entsteht<\/figcaption><\/figure>\n\n\n\n<p>Das Wetter ist gerade auch immer wieder eine Herausforderung und so mancher Plan muss witterungsbedingt spontan umgestellt werden. Aber damit haben die Erzieherinnen unseres Waldteams ja schon viel Erfahrung und sind bestens auf solche F\u00e4lle vorbereitet. Bei Regen zum Beispiel kann auf dem St\u00fcckle in der &#8222;Sturmh\u00f6hle&#8220;, einem Blockhaus gebastelt werden oder auch im Waldschl\u00f6sschen, sodass die Bastelarbeiten nicht nass werden. Auch zum Vespern geht es oft an ein trockenes Pl\u00e4tzchen.<\/p>\n\n\n\n<p><\/p>\n\n\n\n<figure class=\"wp-block-image size-large\"><img loading=\"lazy\" decoding=\"async\" width=\"1024\" height=\"768\" src=\"https:\/\/waldkindergarten-berglen.de\/wp-content\/uploads\/2022\/02\/Vespern-1024x768.jpeg\" alt=\"\" class=\"wp-image-7485\" srcset=\"https:\/\/waldkindergarten-berglen.de\/wp-content\/uploads\/2022\/02\/Vespern-1024x768.jpeg 1024w, https:\/\/waldkindergarten-berglen.de\/wp-content\/uploads\/2022\/02\/Vespern-300x225.jpeg 300w, https:\/\/waldkindergarten-berglen.de\/wp-content\/uploads\/2022\/02\/Vespern-768x576.jpeg 768w, https:\/\/waldkindergarten-berglen.de\/wp-content\/uploads\/2022\/02\/Vespern-1536x1152.jpeg 1536w, https:\/\/waldkindergarten-berglen.de\/wp-content\/uploads\/2022\/02\/Vespern-982x737.jpeg 982w, https:\/\/waldkindergarten-berglen.de\/wp-content\/uploads\/2022\/02\/Vespern-400x300.jpeg 400w, https:\/\/waldkindergarten-berglen.de\/wp-content\/uploads\/2022\/02\/Vespern.jpeg 2048w\" sizes=\"auto, (max-width: 1024px) 100vw, 1024px\" \/><figcaption>Drei, die sich m\u00f6gen<\/figcaption><\/figure>\n\n\n\n<p>Beim Spielen im Wald hingegen st\u00f6rt der Regen die Kinder oft gar nicht, sie sind ja wetterfest angezogen. Im Gegenteil, gerade auf nassem Waldboden kann man besonders gut an den glatten H\u00e4ngen rutschen oder ausgiebig mit Walderde und Ton matschen. Wenn es eine Sturmwarnung gibt, geht es aus Sicherheitsgr\u00fcnden nat\u00fcrlich nicht in den Wald- eine Notgruppe trifft sich dann im &#8222;Spatzennest&#8220; in der Kottweiler Ortsmitte. Da wird es auch nicht langweilig beim Geschichten h\u00f6ren, malen oder Spiele spielen. Und Drau\u00dfensein kann man ja auch gut im Dorf (die H\u00fchner nebenan werden gerne bestaunt) oder auf den Wiesen. Auch nach einem st\u00fcrmischen Tag geht es nicht gleich zur\u00fcck in den Wald, k\u00f6nnten doch lose \u00c4ste immer noch herabfallen. Erst wenn alle Pl\u00e4tze und Wege wieder begutachtet wurden von den Erzieherinnen oder dem F\u00f6rster d\u00fcrfen die Kinder wieder auf ihre Waldpl\u00e4tze. Zum Gl\u00fcck gibt es ja auch noch den Kullerberg oder die Wiesen, wohin dann gut ausgewichen werden kann. Diesmal hatte eine Erzieherin ihre Gitarre mitgebracht. F\u00fcr die Waldkinder ist das schon etwas besonderes- so eine Gitarre ist ja aus Holz und sehr witterungsempfindlich, deshalb wird im Wald meist &#8222;a capella&#8220; gesungen, also ohne Begleitung. Die Kinder hatten viel Spa\u00df bei den Bewegungsliedern. Wer wollte, konnte mit einer Eierrassel &nbsp;kr\u00e4ftig mitmachen. Und auch das Wurzelkinderlied wurde gesungen und ge\u00fcbt, denn das Faschingsfest mit diesem Thema steht vor der T\u00fcr.<\/p>\n\n\n\n<figure class=\"wp-block-image size-large\"><img loading=\"lazy\" decoding=\"async\" width=\"1024\" height=\"768\" src=\"https:\/\/waldkindergarten-berglen.de\/wp-content\/uploads\/2022\/02\/Singen-1024x768.jpeg\" alt=\"\" class=\"wp-image-7486\" srcset=\"https:\/\/waldkindergarten-berglen.de\/wp-content\/uploads\/2022\/02\/Singen-1024x768.jpeg 1024w, https:\/\/waldkindergarten-berglen.de\/wp-content\/uploads\/2022\/02\/Singen-300x225.jpeg 300w, https:\/\/waldkindergarten-berglen.de\/wp-content\/uploads\/2022\/02\/Singen-768x576.jpeg 768w, https:\/\/waldkindergarten-berglen.de\/wp-content\/uploads\/2022\/02\/Singen-1536x1152.jpeg 1536w, https:\/\/waldkindergarten-berglen.de\/wp-content\/uploads\/2022\/02\/Singen-982x737.jpeg 982w, https:\/\/waldkindergarten-berglen.de\/wp-content\/uploads\/2022\/02\/Singen-400x300.jpeg 400w, https:\/\/waldkindergarten-berglen.de\/wp-content\/uploads\/2022\/02\/Singen.jpeg 2048w\" sizes=\"auto, (max-width: 1024px) 100vw, 1024px\" \/><figcaption>Singen mit Gitarrenbegleitung und Eierrasseln<\/figcaption><\/figure>\n\n\n\n<p><\/p>\n\n\n\n<p><strong><em>Wussten Sie schon?<\/em><\/strong><\/p>\n\n\n\n<p><em>Als Orkan bezeichnet man St\u00fcrme mit der Windst\u00e4rke 12 auf der Beaufortskala, das bedeutet mehr als 118 km\/h. Orkan &#8222;Zeynep&#8220; in der vergangenen Woche blies sogar in B\u00f6en bis zu 196 km\/h schnell! Die St\u00fcrme in Europa entstehen im Nordatlantik dann, wenn die Temperaturunterschiede zwischen der Polarregion und den Tropen besonders gro\u00df sind und solche Luftmassen aufeinandertreffen. Auf dem Festland sind au\u00dfer auf exponierten Berggipfeln, Inseln oder in K\u00fcstengebieten mittlere Winde mit Orkanst\u00e4rke wegen der erh\u00f6hten Bodenreibung eher selten. In unseren Breitengraden bleibt es gl\u00fccklicherweise meist bei st\u00fcrmischen Winden oder Sturm mit Windgeschwindigkeiten zwischen 60 und 90 km\/h. Aber auch bei diesen Windst\u00e4rken kann es bereits zu gro\u00dfen Sch\u00e4den f\u00fcr Mensch, Natur und Technik kommen. Die Namen f\u00fcr Hoch- und Tiefdruckgebiete vergibt die Freie Universit\u00e4t Berlin seit 1954. Als Besonderheit werden dort seit 2002 Wetterpatenschaften verkauft, immer im September werden die Antr\u00e4ge f\u00fcr das Folgejahr entgegengenommen. Jede Person oder jedes Unternehmen kann Pate oder Patin werden und seinen Namen verleihen. In alphabetischer Reihenfolge werden so ca. 130 Tief- und 50 Hochdruckgebiete\/ Jahr f\u00fcr Europa benannt. Die Kosten f\u00fcr so eine Wetterpatenschaft betragen zwischen 240 und 360 Euro. Der Erl\u00f6s aus dem Verkauf erm\u00f6glicht die Fortsetzung der studentischen Wetterbeobachtung an der Station Berlin-Dahlem, mit 110 Jahren eine der l\u00e4ngsten Klimaaufzeichnungen weltweit.<\/em><\/p>\n","protected":false},"excerpt":{"rendered":"<p>Das Faschingsfest r\u00fcckt n\u00e4her und so sind unsere Waldkinder weiter flei\u00dfig dabei, ihre Kost\u00fcme zu basteln. Das Buch &#8222;Die Wurzelkinder&#8220; von Sibylle von Olfers, in dem es um das Erwachen der Natur im Fr\u00fchling geht, begleitet die Kinder schon eine Weile im Wald. Und passend dazu werden die Kinder auch ihre Kost\u00fcme gestalten. Jedes Kind&hellip; <a href=\"https:\/\/waldkindergarten-berglen.de\/?p=7483\" class=\"more-link\">Weiterlesen <span class=\"screen-reader-text\">Vorbereitungen f\u00fcr den Fasching und mal wieder ein kr\u00e4ftiger Sturm<\/span><\/a><\/p>\n","protected":false},"author":9,"featured_media":0,"comment_status":"closed","ping_status":"closed","sticky":false,"template":"","format":"standard","meta":{"ngg_post_thumbnail":0,"_jetpack_memberships_contains_paid_content":false,"footnotes":""},"categories":[3],"tags":[],"class_list":["post-7483","post","type-post","status-publish","format-standard","hentry","category-berichte"],"jetpack_featured_media_url":"","jetpack_sharing_enabled":true,"_links":{"self":[{"href":"https:\/\/waldkindergarten-berglen.de\/index.php?rest_route=\/wp\/v2\/posts\/7483","targetHints":{"allow":["GET"]}}],"collection":[{"href":"https:\/\/waldkindergarten-berglen.de\/index.php?rest_route=\/wp\/v2\/posts"}],"about":[{"href":"https:\/\/waldkindergarten-berglen.de\/index.php?rest_route=\/wp\/v2\/types\/post"}],"author":[{"embeddable":true,"href":"https:\/\/waldkindergarten-berglen.de\/index.php?rest_route=\/wp\/v2\/users\/9"}],"replies":[{"embeddable":true,"href":"https:\/\/waldkindergarten-berglen.de\/index.php?rest_route=%2Fwp%2Fv2%2Fcomments&post=7483"}],"version-history":[{"count":2,"href":"https:\/\/waldkindergarten-berglen.de\/index.php?rest_route=\/wp\/v2\/posts\/7483\/revisions"}],"predecessor-version":[{"id":7489,"href":"https:\/\/waldkindergarten-berglen.de\/index.php?rest_route=\/wp\/v2\/posts\/7483\/revisions\/7489"}],"wp:attachment":[{"href":"https:\/\/waldkindergarten-berglen.de\/index.php?rest_route=%2Fwp%2Fv2%2Fmedia&parent=7483"}],"wp:term":[{"taxonomy":"category","embeddable":true,"href":"https:\/\/waldkindergarten-berglen.de\/index.php?rest_route=%2Fwp%2Fv2%2Fcategories&post=7483"},{"taxonomy":"post_tag","embeddable":true,"href":"https:\/\/waldkindergarten-berglen.de\/index.php?rest_route=%2Fwp%2Fv2%2Ftags&post=7483"}],"curies":[{"name":"wp","href":"https:\/\/api.w.org\/{rel}","templated":true}]}}