{"id":7513,"date":"2022-03-21T08:05:00","date_gmt":"2022-03-21T07:05:00","guid":{"rendered":"https:\/\/waldkindergarten-berglen.de\/?p=7513"},"modified":"2022-03-20T12:23:11","modified_gmt":"2022-03-20T11:23:11","slug":"wo-bleibt-der-fruehling","status":"publish","type":"post","link":"https:\/\/waldkindergarten-berglen.de\/?p=7513","title":{"rendered":"Wo bleibt der Fr\u00fchling?"},"content":{"rendered":"\n<p>Unsere Zwerge und Wichtel sehnen den Fr\u00fchling herbei- und unsere Erzieherinnen denken sich immer wieder neue sch\u00f6ne Spiele aus, um die &#8222;Wartezeit&#8220; in Vorfreude zu verk\u00fcrzen. So gab es in dieser Woche ein Blumenspiel (in Anlehnung an das Spiel &#8222;Obstsalat&#8220; oder &#8222;Reise nach Jerusalem&#8220;, was sicher alle Erwachsenen aus ihrer Kindheit kennen). Auf Baumscheiben waren Fr\u00fchlingsblumen aufgemalt und jedes Kind durfte sich eine aussuchen und umh\u00e4ngen. Da gab es Schneegl\u00f6ckchen, G\u00e4nsebl\u00fcmchen, Tulpen, Osterglocken und Primeln.<\/p>\n\n\n\n<p>Nun wurden Ansagen gemacht wie &#8222;Alle Tulpen tauschen die Pl\u00e4tze!&#8220; oder &#8222;Alle Osterglocken tauschen mit den Primeln!&#8220;. Da galt es, gut aufzupassen und sich zu merken &#8222;Welche Blume bin ich denn gerade?&#8220;. Au\u00dferdem musste man nat\u00fcrlich schnell sein, um einen freien Platz zu ergattern. Denn wie bei &#8222;Obstsalat&#8220; gab es auch hier einen Platz im Kreis weniger als Kinder da waren. Zum Trost durfte das &#8222;\u00fcbrig gebliebene&#8220; Kind dann die n\u00e4chste Ansage machen und sich das Kommando ausdenken. Am meisten Spa\u00df und Chaos brachte nat\u00fcrlich die Ansage &#8222;Blumenstrau\u00df&#8220;- da durften dann alle Kinder einen neuen Platz suchen und es gab ein munteres Durcheinander. Bei einem anderen Spiel wurde ein Spielfeld abgesteckt, das war dann das Blumenbeet. Wieder durfte jedes Kind eine Blume sein und dann gab es Ansagen wie &#8222;Alle Tulpen stehen auf einem Bein!&#8220; oder &#8222;Alle Schneegl\u00f6ckchen fassen sich an die Nase!&#8220;. Auch hier war wieder gutes Reaktionsverm\u00f6gen gefragt &#8222;Wer bin ich und was muss ich jetzt tun?&#8220;. Zudem war das Blumenbeet recht klein und es galt sorgf\u00e4ltig aufzupassen, dass man den Nachbarn nicht umrempelt. Einfach toll, wie mit Spa\u00df bei solchen Spielen Kopf und K\u00f6rper gleicherma\u00dfen trainiert werden- Aufmerksamkeit, K\u00f6rperwahrnehmung, Gleichgewichtssinn&#8230;<\/p>\n\n\n\n<figure class=\"wp-block-image size-large\"><img loading=\"lazy\" decoding=\"async\" width=\"768\" height=\"1024\" src=\"https:\/\/waldkindergarten-berglen.de\/wp-content\/uploads\/2022\/03\/Baumscheiben-768x1024.jpg\" alt=\"\" class=\"wp-image-7514\" srcset=\"https:\/\/waldkindergarten-berglen.de\/wp-content\/uploads\/2022\/03\/Baumscheiben-768x1024.jpg 768w, https:\/\/waldkindergarten-berglen.de\/wp-content\/uploads\/2022\/03\/Baumscheiben-225x300.jpg 225w, https:\/\/waldkindergarten-berglen.de\/wp-content\/uploads\/2022\/03\/Baumscheiben-1152x1536.jpg 1152w, https:\/\/waldkindergarten-berglen.de\/wp-content\/uploads\/2022\/03\/Baumscheiben-982x1309.jpg 982w, https:\/\/waldkindergarten-berglen.de\/wp-content\/uploads\/2022\/03\/Baumscheiben-300x400.jpg 300w, https:\/\/waldkindergarten-berglen.de\/wp-content\/uploads\/2022\/03\/Baumscheiben.jpg 1500w\" sizes=\"auto, (max-width: 768px) 100vw, 768px\" \/><\/figure>\n\n\n\n<p>In unserer Zwergengruppe sind die Jungs gerade in der \u00dcberzahl und so steht im Freispiel t\u00e4glich das Kr\u00e4ftemessen beim K\u00e4mpfen und Jagen auf dem Programm. Passend dazu liest Erzieherin Hanan beim Vespern jeden Tag ein Kapitel aus Otfried Preu\u00dflers Buch &#8222;Der R\u00e4uber Hotzenplotz&#8220; vor. Am liebsten w\u00fcrden die Kinder das ganze Buch auf einmal h\u00f6ren, so spannend ist das. Und es ist gar nicht so leicht und auch ein wichtiger Lernprozess f\u00fcr die Kinder, die Spannung auszuhalten und erst am n\u00e4chsten Tag zu erfahren, wie es weitergeht. Nebenbei sind das nat\u00fcrlich tolle Anregungen f\u00fcr unsere &#8222;R\u00e4uberjungs&#8220; und ihre Fantasie wird weiter angeregt &#8222;Was erlebt so ein R\u00e4uber?&#8220; und &#8222;Lohnt es sich tats\u00e4chlich immer, ein R\u00e4uber zu sein?&#8220;. Eine solch wilde Truppe hat echt einen gro\u00dfen Bewegungsdrang. Und so gab es manches Mal auf dem Weg in den Wald oder heraus eine Aufgabe von Treffpunkt zu Treffpunkt (die Kinder d\u00fcrfen jedes in seinem eigenen Tempo die Wege zur\u00fccklegen, an fest verabredeten Treffpunkten warten dann die schnelleren auf die langsameren Kinder, das trainiert R\u00fccksicht aufeinander und niemand muss hetzen). &#8222;Alle treffen sich am 5. Baum!&#8220; oder &#8222;Lauft Slalom durch die Baumreihe!&#8220;. Als ein Kind anfing, sich auf dem Boden den Berg herab zu rollen, wurde das gleich begeistert aufgegriffen und alle Kinder kullerten fr\u00f6hlich bis zum n\u00e4chsten Treffpunkt.<\/p>\n\n\n\n<figure class=\"wp-block-image size-large\"><img loading=\"lazy\" decoding=\"async\" width=\"1024\" height=\"768\" src=\"https:\/\/waldkindergarten-berglen.de\/wp-content\/uploads\/2022\/03\/Rollen-1024x768.jpg\" alt=\"\" class=\"wp-image-7515\" srcset=\"https:\/\/waldkindergarten-berglen.de\/wp-content\/uploads\/2022\/03\/Rollen-1024x768.jpg 1024w, https:\/\/waldkindergarten-berglen.de\/wp-content\/uploads\/2022\/03\/Rollen-300x225.jpg 300w, https:\/\/waldkindergarten-berglen.de\/wp-content\/uploads\/2022\/03\/Rollen-768x576.jpg 768w, https:\/\/waldkindergarten-berglen.de\/wp-content\/uploads\/2022\/03\/Rollen-1536x1152.jpg 1536w, https:\/\/waldkindergarten-berglen.de\/wp-content\/uploads\/2022\/03\/Rollen-982x737.jpg 982w, https:\/\/waldkindergarten-berglen.de\/wp-content\/uploads\/2022\/03\/Rollen-400x300.jpg 400w, https:\/\/waldkindergarten-berglen.de\/wp-content\/uploads\/2022\/03\/Rollen.jpg 2048w\" sizes=\"auto, (max-width: 1024px) 100vw, 1024px\" \/><\/figure>\n\n\n\n<p>Wie sch\u00f6n, dass es in dieser Woche endlich mal wieder geregnet hat! Pl\u00f6tzlich waren auch wieder eine Menge Tiere zu entdecken. Viele kleine Schnecken krochen \u00fcberall herum. Und einige mutige Kinder nahmen sie sogar auf die Hand, um sie ganz genau zu beobachten.<\/p>\n\n\n\n<figure class=\"wp-block-image size-large\"><img loading=\"lazy\" decoding=\"async\" width=\"768\" height=\"1024\" src=\"https:\/\/waldkindergarten-berglen.de\/wp-content\/uploads\/2022\/03\/Schnecken-768x1024.jpg\" alt=\"\" class=\"wp-image-7516\" srcset=\"https:\/\/waldkindergarten-berglen.de\/wp-content\/uploads\/2022\/03\/Schnecken-768x1024.jpg 768w, https:\/\/waldkindergarten-berglen.de\/wp-content\/uploads\/2022\/03\/Schnecken-225x300.jpg 225w, https:\/\/waldkindergarten-berglen.de\/wp-content\/uploads\/2022\/03\/Schnecken-1152x1536.jpg 1152w, https:\/\/waldkindergarten-berglen.de\/wp-content\/uploads\/2022\/03\/Schnecken-982x1309.jpg 982w, https:\/\/waldkindergarten-berglen.de\/wp-content\/uploads\/2022\/03\/Schnecken-300x400.jpg 300w, https:\/\/waldkindergarten-berglen.de\/wp-content\/uploads\/2022\/03\/Schnecken.jpg 1536w\" sizes=\"auto, (max-width: 768px) 100vw, 768px\" \/><\/figure>\n\n\n\n<p><strong><em>Wussten Sie schon?<\/em><\/strong><\/p>\n\n\n\n<p><em>Jeder kennt sie und kaum einer mag sie, die dicken orangefarbenen Nacktschnecken, die im Garten ganze Salatbeete vernichten oder die sch\u00f6nsten Blumenbl\u00fcten abknabbern. Dabei spielen Schnecken allgemein eine wichtige Rolle im \u00d6kosystem: offenbar erh\u00f6hen sie die Artenvielfalt ihrer Umgebung. Das haben Wissenschaftler des Helmholtz-Zentrums f\u00fcr Umweltforschung in Halle und Leipzig herausgefunden. Indem die Schnecken (gemeinsam nat\u00fcrlich mit K\u00e4fern und anderen Insekten) den gr\u00f6\u00dferen Pflanzen durch das Anknabbern von Wurzeln, Trieben und Bl\u00e4ttern Stress bereiten, werden diese offenbar so stark geschw\u00e4cht, dass auch andere Pflanzen gr\u00f6\u00dfere Wachstumschancen haben. So sind also in der freien Natur die beim G\u00e4rtner als Sch\u00e4dlinge bekannten Tiere die Freunde von schwachen Gr\u00e4sern und Kr\u00e4utern. Wer verst\u00e4ndlicherweise seinen Salat im Garten sch\u00fctzen m\u00f6chte, kann das nat\u00fcrlich tun- zum Beispiel ganz ohne Gift mit einem Schneckenzaun oder ausgestreuten S\u00e4gesp\u00e4nen am Beetrand. Da kriechen die Schnecken dann auch nicht so gern dr\u00fcber und suchen sich (vielleicht;-)) woanders ihre Mahlzeit.<\/em><\/p>\n","protected":false},"excerpt":{"rendered":"<p>Unsere Zwerge und Wichtel sehnen den Fr\u00fchling herbei- und unsere Erzieherinnen denken sich immer wieder neue sch\u00f6ne Spiele aus, um die &#8222;Wartezeit&#8220; in Vorfreude zu verk\u00fcrzen. So gab es in dieser Woche ein Blumenspiel (in Anlehnung an das Spiel &#8222;Obstsalat&#8220; oder &#8222;Reise nach Jerusalem&#8220;, was sicher alle Erwachsenen aus ihrer Kindheit kennen). Auf Baumscheiben waren&hellip; <a href=\"https:\/\/waldkindergarten-berglen.de\/?p=7513\" class=\"more-link\">Weiterlesen <span class=\"screen-reader-text\">Wo bleibt der Fr\u00fchling?<\/span><\/a><\/p>\n","protected":false},"author":9,"featured_media":0,"comment_status":"closed","ping_status":"closed","sticky":false,"template":"","format":"standard","meta":{"ngg_post_thumbnail":0,"_jetpack_memberships_contains_paid_content":false,"footnotes":""},"categories":[3],"tags":[],"class_list":["post-7513","post","type-post","status-publish","format-standard","hentry","category-berichte"],"jetpack_featured_media_url":"","jetpack_sharing_enabled":true,"_links":{"self":[{"href":"https:\/\/waldkindergarten-berglen.de\/index.php?rest_route=\/wp\/v2\/posts\/7513","targetHints":{"allow":["GET"]}}],"collection":[{"href":"https:\/\/waldkindergarten-berglen.de\/index.php?rest_route=\/wp\/v2\/posts"}],"about":[{"href":"https:\/\/waldkindergarten-berglen.de\/index.php?rest_route=\/wp\/v2\/types\/post"}],"author":[{"embeddable":true,"href":"https:\/\/waldkindergarten-berglen.de\/index.php?rest_route=\/wp\/v2\/users\/9"}],"replies":[{"embeddable":true,"href":"https:\/\/waldkindergarten-berglen.de\/index.php?rest_route=%2Fwp%2Fv2%2Fcomments&post=7513"}],"version-history":[{"count":1,"href":"https:\/\/waldkindergarten-berglen.de\/index.php?rest_route=\/wp\/v2\/posts\/7513\/revisions"}],"predecessor-version":[{"id":7517,"href":"https:\/\/waldkindergarten-berglen.de\/index.php?rest_route=\/wp\/v2\/posts\/7513\/revisions\/7517"}],"wp:attachment":[{"href":"https:\/\/waldkindergarten-berglen.de\/index.php?rest_route=%2Fwp%2Fv2%2Fmedia&parent=7513"}],"wp:term":[{"taxonomy":"category","embeddable":true,"href":"https:\/\/waldkindergarten-berglen.de\/index.php?rest_route=%2Fwp%2Fv2%2Fcategories&post=7513"},{"taxonomy":"post_tag","embeddable":true,"href":"https:\/\/waldkindergarten-berglen.de\/index.php?rest_route=%2Fwp%2Fv2%2Ftags&post=7513"}],"curies":[{"name":"wp","href":"https:\/\/api.w.org\/{rel}","templated":true}]}}