{"id":7527,"date":"2022-04-04T08:05:00","date_gmt":"2022-04-04T06:05:00","guid":{"rendered":"https:\/\/waldkindergarten-berglen.de\/?p=7527"},"modified":"2022-04-02T17:01:56","modified_gmt":"2022-04-02T15:01:56","slug":"endlich-fruehling","status":"publish","type":"post","link":"https:\/\/waldkindergarten-berglen.de\/?p=7527","title":{"rendered":"Endlich Fr\u00fchling&#8230;"},"content":{"rendered":"\n<p>Die Waldkinder sind gl\u00fccklich- endlich ist der da, der Fr\u00fchling! \u00dcberall sprie\u00dft es, die V\u00f6gel zwitschern, immer mehr wird gr\u00fcn- einfach herrlich! Genau beobachten unsere Zwerge, wie Wald und Wiesen sich ver\u00e4ndern und zu neuem Leben erwachen. Ein Kind hatte in seinem Garten eine keimende Kastanie entdeckt und in den Wald mitgebracht.<\/p>\n\n\n\n<div class=\"wp-block-image\"><figure class=\"aligncenter size-large is-resized\"><img loading=\"lazy\" decoding=\"async\" src=\"https:\/\/waldkindergarten-berglen.de\/wp-content\/uploads\/2022\/04\/Keimende-Kastanie-768x1024.jpeg\" alt=\"\" class=\"wp-image-7528\" width=\"384\" height=\"512\" srcset=\"https:\/\/waldkindergarten-berglen.de\/wp-content\/uploads\/2022\/04\/Keimende-Kastanie-768x1024.jpeg 768w, https:\/\/waldkindergarten-berglen.de\/wp-content\/uploads\/2022\/04\/Keimende-Kastanie-225x300.jpeg 225w, https:\/\/waldkindergarten-berglen.de\/wp-content\/uploads\/2022\/04\/Keimende-Kastanie-1152x1536.jpeg 1152w, https:\/\/waldkindergarten-berglen.de\/wp-content\/uploads\/2022\/04\/Keimende-Kastanie-982x1309.jpeg 982w, https:\/\/waldkindergarten-berglen.de\/wp-content\/uploads\/2022\/04\/Keimende-Kastanie-300x400.jpeg 300w, https:\/\/waldkindergarten-berglen.de\/wp-content\/uploads\/2022\/04\/Keimende-Kastanie.jpeg 1536w\" sizes=\"auto, (max-width: 384px) 100vw, 384px\" \/><figcaption>Keimende Kastanie<\/figcaption><\/figure><\/div>\n\n\n\n<p>Aufmerksam bestaunten alle dieses zarte Pfl\u00e4nzchen und gemeinsam wurde \u00fcberlegt, wo denn nun ein guter Platz w\u00e4re, um es einzupflanzen. Kurzerhand schrieben sie &#8222;ihren&#8220; Waldwichteln Paula und Pelle einen Brief, die w\u00fcrden bestimmt einen sch\u00f6nen Platz kennen. Und tats\u00e4chlich, nach einigen Tagen bekamen die Kinder Post und als Antwort, dass sie die kleine Kastanie neben dem H\u00e4uschen der Wichtel einpflanzen d\u00fcrfen. Und so geschah es dann auch. Liebevoll wurde die Kastanie in die Erde gelegt, mit Erde bedeckt und mit einem kleinen Zaun aus St\u00f6ckchen markiert, damit auch niemand aus Versehen dieses zarte Pfl\u00e4nzchen \u00fcbersieht. Es wird ja eine ganze Weile dauern, aber irgendwann wird hoffentlich ein stattlicher Baum aus ihr werden, der die Waldkinder mit sch\u00f6nen Kastanien zum Basteln und die Waldtiere mit leckerem Futter im Winter versorgt.<\/p>\n\n\n\n<p>Auch auf den Wiesen hat sich so manches getan- so sind unz\u00e4hlige G\u00e4nsebl\u00fcmchen als wei\u00dfe Farbtupfer aufgebl\u00fcht. Unsere Zwerge haben flei\u00dfig Bl\u00fctenk\u00f6pfe gesammelt und Bl\u00fcte f\u00fcr Bl\u00fcte nebeneinander auf ein Vlies gelegt. Nach einiger Zeit in der Bl\u00fctenpresse k\u00f6nnen mit diesen Bl\u00fcten dann die herrlichsten Basteleien angefertigt werden.<\/p>\n\n\n\n<p><\/p>\n\n\n\n<figure class=\"wp-block-image size-large\"><img loading=\"lazy\" decoding=\"async\" width=\"1024\" height=\"768\" src=\"https:\/\/waldkindergarten-berglen.de\/wp-content\/uploads\/2022\/04\/Bluetensammeln-1024x768.jpeg\" alt=\"\" class=\"wp-image-7529\" srcset=\"https:\/\/waldkindergarten-berglen.de\/wp-content\/uploads\/2022\/04\/Bluetensammeln-1024x768.jpeg 1024w, https:\/\/waldkindergarten-berglen.de\/wp-content\/uploads\/2022\/04\/Bluetensammeln-300x225.jpeg 300w, https:\/\/waldkindergarten-berglen.de\/wp-content\/uploads\/2022\/04\/Bluetensammeln-768x576.jpeg 768w, https:\/\/waldkindergarten-berglen.de\/wp-content\/uploads\/2022\/04\/Bluetensammeln-1536x1152.jpeg 1536w, https:\/\/waldkindergarten-berglen.de\/wp-content\/uploads\/2022\/04\/Bluetensammeln-982x737.jpeg 982w, https:\/\/waldkindergarten-berglen.de\/wp-content\/uploads\/2022\/04\/Bluetensammeln-400x300.jpeg 400w, https:\/\/waldkindergarten-berglen.de\/wp-content\/uploads\/2022\/04\/Bluetensammeln.jpeg 2048w\" sizes=\"auto, (max-width: 1024px) 100vw, 1024px\" \/><figcaption>Gesammelte G\u00e4nsebl\u00fcmchenk\u00f6pfe werden zum Pressen vorbereitet.<\/figcaption><\/figure>\n\n\n\n<p>Aber auch aus frischen G\u00e4nsebl\u00fcmchen lassen sich sch\u00f6ne Kunstwerke zaubern- und gl\u00fcckliche strahlende Kinder.<\/p>\n\n\n\n<div class=\"wp-block-image\"><figure class=\"aligncenter size-large is-resized\"><img loading=\"lazy\" decoding=\"async\" src=\"https:\/\/waldkindergarten-berglen.de\/wp-content\/uploads\/2022\/04\/Emma-mit-Bluetenkranz-768x1024.jpeg\" alt=\"\" class=\"wp-image-7530\" width=\"384\" height=\"512\" srcset=\"https:\/\/waldkindergarten-berglen.de\/wp-content\/uploads\/2022\/04\/Emma-mit-Bluetenkranz-768x1024.jpeg 768w, https:\/\/waldkindergarten-berglen.de\/wp-content\/uploads\/2022\/04\/Emma-mit-Bluetenkranz-225x300.jpeg 225w, https:\/\/waldkindergarten-berglen.de\/wp-content\/uploads\/2022\/04\/Emma-mit-Bluetenkranz-1152x1536.jpeg 1152w, https:\/\/waldkindergarten-berglen.de\/wp-content\/uploads\/2022\/04\/Emma-mit-Bluetenkranz-982x1309.jpeg 982w, https:\/\/waldkindergarten-berglen.de\/wp-content\/uploads\/2022\/04\/Emma-mit-Bluetenkranz-300x400.jpeg 300w, https:\/\/waldkindergarten-berglen.de\/wp-content\/uploads\/2022\/04\/Emma-mit-Bluetenkranz.jpeg 1536w\" sizes=\"auto, (max-width: 384px) 100vw, 384px\" \/><figcaption>Gl\u00fcckliches Waldkind mit G\u00e4nsebl\u00fcmchenkranz- so sch\u00f6n!<\/figcaption><\/figure><\/div>\n\n\n\n<p>Auf einem Wiesenst\u00fcck fanden die Kinder ganz viel trockenes Heu. Wie passend, f\u00fcr die Osternester wurde noch genau so etwas gesucht, um sie auszukleiden. Also sammelten alle flei\u00dfig Heu und polsterten damit ihre selbstgemachten Osternester ganz weich aus. Lauter wundersch\u00f6ne bunte Nestchen sind so entstanden, aus einer Baumscheibe mit Weidenruten, Bast und bunter Filzwolle. Da wird der Osterhase aber staunen!<\/p>\n\n\n\n<p><strong><em>Wussten Sie schon?<\/em><\/strong><\/p>\n\n\n\n<p><em>G\u00e4nsebl\u00fcmchen, auch Tausendsch\u00f6n genannt, sehen nicht nur h\u00fcbsch aus, sie lassen sich auch in der K\u00fcche vielf\u00e4ltig verwenden. Ob als Limonade, Gelee, Sirup, als wundersch\u00f6n-gesunde Dekoration auf Salat oder Kuchen oder mit anderen gehackten Kr\u00e4utern zusammen als G\u00e4nsebl\u00fcmchenbutter. Als Sinnbild f\u00fcr Hartn\u00e4ckigkeit, Best\u00e4ndigkeit und die bedingungslose Lust am Leben ist es immer wieder beeindruckend, wie schnell neue Bl\u00fcten und Bl\u00e4tter wachsen, wenn es abgem\u00e4ht oder von Tieren gefressen wird. Auch in der Volksmedizin hat es seinen festen Platz. G\u00e4nsebl\u00fcmchen wird eine Heilwirkung bei Asthma, Husten, Magen-Darm-Problemen sowie unreiner Haut zugesprochen.<\/em><\/p>\n","protected":false},"excerpt":{"rendered":"<p>Die Waldkinder sind gl\u00fccklich- endlich ist der da, der Fr\u00fchling! \u00dcberall sprie\u00dft es, die V\u00f6gel zwitschern, immer mehr wird gr\u00fcn- einfach herrlich! Genau beobachten unsere Zwerge, wie Wald und Wiesen sich ver\u00e4ndern und zu neuem Leben erwachen. Ein Kind hatte in seinem Garten eine keimende Kastanie entdeckt und in den Wald mitgebracht. Aufmerksam bestaunten alle&hellip; <a href=\"https:\/\/waldkindergarten-berglen.de\/?p=7527\" class=\"more-link\">Weiterlesen <span class=\"screen-reader-text\">Endlich Fr\u00fchling&#8230;<\/span><\/a><\/p>\n","protected":false},"author":9,"featured_media":0,"comment_status":"closed","ping_status":"closed","sticky":false,"template":"","format":"standard","meta":{"ngg_post_thumbnail":0,"_jetpack_memberships_contains_paid_content":false,"footnotes":""},"categories":[3],"tags":[],"class_list":["post-7527","post","type-post","status-publish","format-standard","hentry","category-berichte"],"jetpack_featured_media_url":"","jetpack_sharing_enabled":true,"_links":{"self":[{"href":"https:\/\/waldkindergarten-berglen.de\/index.php?rest_route=\/wp\/v2\/posts\/7527","targetHints":{"allow":["GET"]}}],"collection":[{"href":"https:\/\/waldkindergarten-berglen.de\/index.php?rest_route=\/wp\/v2\/posts"}],"about":[{"href":"https:\/\/waldkindergarten-berglen.de\/index.php?rest_route=\/wp\/v2\/types\/post"}],"author":[{"embeddable":true,"href":"https:\/\/waldkindergarten-berglen.de\/index.php?rest_route=\/wp\/v2\/users\/9"}],"replies":[{"embeddable":true,"href":"https:\/\/waldkindergarten-berglen.de\/index.php?rest_route=%2Fwp%2Fv2%2Fcomments&post=7527"}],"version-history":[{"count":2,"href":"https:\/\/waldkindergarten-berglen.de\/index.php?rest_route=\/wp\/v2\/posts\/7527\/revisions"}],"predecessor-version":[{"id":7532,"href":"https:\/\/waldkindergarten-berglen.de\/index.php?rest_route=\/wp\/v2\/posts\/7527\/revisions\/7532"}],"wp:attachment":[{"href":"https:\/\/waldkindergarten-berglen.de\/index.php?rest_route=%2Fwp%2Fv2%2Fmedia&parent=7527"}],"wp:term":[{"taxonomy":"category","embeddable":true,"href":"https:\/\/waldkindergarten-berglen.de\/index.php?rest_route=%2Fwp%2Fv2%2Fcategories&post=7527"},{"taxonomy":"post_tag","embeddable":true,"href":"https:\/\/waldkindergarten-berglen.de\/index.php?rest_route=%2Fwp%2Fv2%2Ftags&post=7527"}],"curies":[{"name":"wp","href":"https:\/\/api.w.org\/{rel}","templated":true}]}}