{"id":7549,"date":"2022-04-18T08:05:00","date_gmt":"2022-04-18T06:05:00","guid":{"rendered":"https:\/\/waldkindergarten-berglen.de\/?p=7549"},"modified":"2022-04-13T20:56:01","modified_gmt":"2022-04-13T18:56:01","slug":"osterfeier-im-wald-2","status":"publish","type":"post","link":"https:\/\/waldkindergarten-berglen.de\/?p=7549","title":{"rendered":"Osterfeier im Wald"},"content":{"rendered":"\n<p>Nach dem frostigen und nasskalten Wetter der letzten Tage zeigte der April endlich so richtig, was er kann. Er lie\u00df die Sonne vom blauen Himmel strahlen und schenkte schon fast sommerliche Temperaturen. Im Morgenkreis wurde es nun ganz festlich, denn die Kinder bekamen Teile der Passionsgeschichte erz\u00e4hlt und erfuhren, wie Jesus mit seinen J\u00fcngern das letzte Abendmahl feierte. Auch die Kinder durften heute Abendmahl feiern. Daf\u00fcr hatte jedes Kind seinen Sitzstein sch\u00f6n festlich geschm\u00fcckt und verziert. Die Erzieherinnen hatten ein Fladenbrot als Leib Jesu und roten Saft (statt Wein) als Blut Jesu mitgebracht. Das Brot wurde nun im Kreis herumgereicht, jedes Kind durfte sich ein St\u00fcck abrei\u00dfen und es dann weitergeben. Auch ein kleines Glas roten Saft bekam jeder. Wie die Erwachsenen beim Abendmahl durften so auch die Kinder mit allen Sinnen verkosten, dass Jesus f\u00fcr jeden Einzelnen sein Leben gegeben hat. Am n\u00e4chsten Tag h\u00f6rten die Kinder dann die Ostergeschichte, kindgerecht und sehr einf\u00fchlsam erz\u00e4hlt von einer Erzieherin. Mit Symbolen zeigte sie den Kindern ganz bildlich, wie Jesus gefangen genommen wird im Garten Gethsemane. Jesus als das &#8222;Licht der Welt&#8220; wird hier von einer brennenden Kerze dargestellt. Diese bekommt dann ein Seil umgebunden, das soll die Fesseln sein. Ein kleiner Kranz aus Zweigen ist die Dornenkrone, die Jesus aufgesetzt bekam. Als er stirbt, verlischt die Kerze. Jesus wird in ein H\u00f6hlengrab gelegt (aus Baumrinde). Und dann geschieht das Wunder- das Grab ist leer, Jesus ist auferstanden! Die Kerze wird wieder angez\u00fcndet- Jesus lebt! Das feiern wir an Ostern und die Kinder durften das hier ganz hautnah erfahren.<\/p>\n\n\n\n<div class=\"wp-block-image\"><figure class=\"aligncenter size-large is-resized\"><img loading=\"lazy\" decoding=\"async\" src=\"https:\/\/waldkindergarten-berglen.de\/wp-content\/uploads\/2022\/04\/Kreuz-768x1024.jpeg\" alt=\"\" class=\"wp-image-7550\" width=\"384\" height=\"512\" srcset=\"https:\/\/waldkindergarten-berglen.de\/wp-content\/uploads\/2022\/04\/Kreuz-768x1024.jpeg 768w, https:\/\/waldkindergarten-berglen.de\/wp-content\/uploads\/2022\/04\/Kreuz-225x300.jpeg 225w, https:\/\/waldkindergarten-berglen.de\/wp-content\/uploads\/2022\/04\/Kreuz-1152x1536.jpeg 1152w, https:\/\/waldkindergarten-berglen.de\/wp-content\/uploads\/2022\/04\/Kreuz-982x1309.jpeg 982w, https:\/\/waldkindergarten-berglen.de\/wp-content\/uploads\/2022\/04\/Kreuz-300x400.jpeg 300w, https:\/\/waldkindergarten-berglen.de\/wp-content\/uploads\/2022\/04\/Kreuz.jpeg 1200w\" sizes=\"auto, (max-width: 384px) 100vw, 384px\" \/><\/figure><\/div>\n\n\n\n<p>Aber was w\u00e4re das Osterfest ohne den Osterhasen und die Suche nach dem Osternest! Und so haben sich die Kinder anschlie\u00dfend auf den Weg gemacht. Alle hielten kr\u00e4ftig Ausschau, einige Kinder hatten den Osterhasen tats\u00e4chlich schon gesehen in den letzten Tagen. Unterwegs gab es auf dem St\u00fcckle noch ein Kreisspiel , bevor sich alle an einem reich gedeckten Osterbuffet f\u00fcr die weitere Suche st\u00e4rken konnten. Einige Waldeltern hatten es liebevoll vorbereitet und so konnten sich die Kinder leckeren Hefezopf, belegte Brote, bunte Obst-Gem\u00fcse-Spie\u00dfe und nat\u00fcrlich bunt gef\u00e4rbte gekochte Eier schmecken lassen. Ein herzliches Dankesch\u00f6n an die spendenden Eltern! Dann wurden doch tats\u00e4chlich zwei Hasenohren gesichtet und flugs ging es weiter in diese Richtung. Weit konnte er doch nicht sein! Auf einer Wiese fanden die Kinder einen Hinweis- ein Ei aus St\u00f6ckchen gelegt, drumherum Kisten mit Naturmaterialien. Na, das sah doch so aus, als sollten die Kinder die Felder ausf\u00fcllen. Die fackelten nicht lange und legten immer zu zweit oder zu dritt die Kastanien, Zweige, Bl\u00fcten und Zapfen in die Felder. Sie wollten doch weiter!<\/p>\n\n\n\n<figure class=\"wp-block-image size-large is-resized\"><img loading=\"lazy\" decoding=\"async\" src=\"https:\/\/waldkindergarten-berglen.de\/wp-content\/uploads\/2022\/04\/Osterei-1024x768.jpeg\" alt=\"\" class=\"wp-image-7551\" width=\"768\" height=\"576\" srcset=\"https:\/\/waldkindergarten-berglen.de\/wp-content\/uploads\/2022\/04\/Osterei-1024x768.jpeg 1024w, https:\/\/waldkindergarten-berglen.de\/wp-content\/uploads\/2022\/04\/Osterei-300x225.jpeg 300w, https:\/\/waldkindergarten-berglen.de\/wp-content\/uploads\/2022\/04\/Osterei-768x576.jpeg 768w, https:\/\/waldkindergarten-berglen.de\/wp-content\/uploads\/2022\/04\/Osterei-1536x1152.jpeg 1536w, https:\/\/waldkindergarten-berglen.de\/wp-content\/uploads\/2022\/04\/Osterei-982x737.jpeg 982w, https:\/\/waldkindergarten-berglen.de\/wp-content\/uploads\/2022\/04\/Osterei-400x300.jpeg 400w, https:\/\/waldkindergarten-berglen.de\/wp-content\/uploads\/2022\/04\/Osterei.jpeg 1600w\" sizes=\"auto, (max-width: 768px) 100vw, 768px\" \/><\/figure>\n\n\n\n<p>Und nachdem sie noch eine tiefe Schlucht durchquert hatten, was alle mit Bravour meisterten- sie sind ja Waldkinder ;-)- kamen sie endlich an am Osterplatz! Tags zuvor hatte sich jedes Kind nach einem passenden Pl\u00e4tzchen f\u00fcr sein Osternest umgeschaut und dieses sch\u00f6n eingerichtet. Und tats\u00e4chlich- da standen sie nun, die Nester! Gef\u00fcllt mit den leckersten Sachen- kleine gekochte Wachteleier, ein Kreideei f\u00fcr Stra\u00dfenmalerei, Pl\u00e4tzchen und sogar ein kleiner Brief vom Osterhasen steckte mit drin. War das eine Freude!<\/p>\n\n\n\n<figure class=\"wp-block-image size-large is-resized\"><img loading=\"lazy\" decoding=\"async\" src=\"https:\/\/waldkindergarten-berglen.de\/wp-content\/uploads\/2022\/04\/Gruppenbild-mit-Osternest-1024x768.jpeg\" alt=\"\" class=\"wp-image-7552\" width=\"768\" height=\"576\" srcset=\"https:\/\/waldkindergarten-berglen.de\/wp-content\/uploads\/2022\/04\/Gruppenbild-mit-Osternest-1024x768.jpeg 1024w, https:\/\/waldkindergarten-berglen.de\/wp-content\/uploads\/2022\/04\/Gruppenbild-mit-Osternest-300x225.jpeg 300w, https:\/\/waldkindergarten-berglen.de\/wp-content\/uploads\/2022\/04\/Gruppenbild-mit-Osternest-768x576.jpeg 768w, https:\/\/waldkindergarten-berglen.de\/wp-content\/uploads\/2022\/04\/Gruppenbild-mit-Osternest-1536x1152.jpeg 1536w, https:\/\/waldkindergarten-berglen.de\/wp-content\/uploads\/2022\/04\/Gruppenbild-mit-Osternest-982x737.jpeg 982w, https:\/\/waldkindergarten-berglen.de\/wp-content\/uploads\/2022\/04\/Gruppenbild-mit-Osternest-400x300.jpeg 400w, https:\/\/waldkindergarten-berglen.de\/wp-content\/uploads\/2022\/04\/Gruppenbild-mit-Osternest.jpeg 1600w\" sizes=\"auto, (max-width: 768px) 100vw, 768px\" \/><\/figure>\n\n\n\n<p>So konnten die Eltern am Spielplatz gl\u00fcckliche Kinder in Empfang nehmen, die stolz und mit strahlenden Augen ihre selbstgemachten Osternester zeigten. Dort bekamen auch unsere Erzieherinnen noch einen bl\u00fchenden Ostergru\u00df vom Elternbeirat \u00fcberreicht (Danke, lieber Elternbeirat!). Und so verabschiedeten sich alle fr\u00f6hlich voneinander und starteten in die Osterferien.<\/p>\n\n\n\n<p><em>Wussten Sie schon?<\/em><\/p>\n\n\n\n<p><em>Osterbr\u00e4uche und Symbole gibt es viele. Eines der bekanntesten ist das Osterlamm. In den biblischen Schriften des Neuen Testaments wird Jesus selbst als Lamm Gottes bezeichnet. Im Johannesevangelium steht \u00bbSeht, das Lamm Gottes, das die S\u00fcnde der Welt hinwegnimmt\u00ab. (Joh 1,29). Damit wird also der Tod und die Auferstehung Jesu angesprochen, durch die er die Menschen erl\u00f6st hat. Aus diesem Grund findet das Symbol des Lammes zur Osterzeit die h\u00e4ufigste Verwendung, weil genau diese Erl\u00f6sungstat in jenen Tagen besonders gefeiert wird. Schon seit Jahrtausenden gilt das Schaf als Symbol des Lebens, weil es nicht nur Speise (Fleisch) und Trank (K\u00e4se und Milch) gibt, sondern auch Kleidung (Wolle und Fell).<\/em><\/p>\n","protected":false},"excerpt":{"rendered":"<p>Nach dem frostigen und nasskalten Wetter der letzten Tage zeigte der April endlich so richtig, was er kann. Er lie\u00df die Sonne vom blauen Himmel strahlen und schenkte schon fast sommerliche Temperaturen. Im Morgenkreis wurde es nun ganz festlich, denn die Kinder bekamen Teile der Passionsgeschichte erz\u00e4hlt und erfuhren, wie Jesus mit seinen J\u00fcngern das&hellip; <a href=\"https:\/\/waldkindergarten-berglen.de\/?p=7549\" class=\"more-link\">Weiterlesen <span class=\"screen-reader-text\">Osterfeier im Wald<\/span><\/a><\/p>\n","protected":false},"author":9,"featured_media":0,"comment_status":"closed","ping_status":"closed","sticky":false,"template":"","format":"standard","meta":{"ngg_post_thumbnail":0,"_jetpack_memberships_contains_paid_content":false,"footnotes":""},"categories":[3],"tags":[],"class_list":["post-7549","post","type-post","status-publish","format-standard","hentry","category-berichte"],"jetpack_featured_media_url":"","jetpack_sharing_enabled":true,"_links":{"self":[{"href":"https:\/\/waldkindergarten-berglen.de\/index.php?rest_route=\/wp\/v2\/posts\/7549","targetHints":{"allow":["GET"]}}],"collection":[{"href":"https:\/\/waldkindergarten-berglen.de\/index.php?rest_route=\/wp\/v2\/posts"}],"about":[{"href":"https:\/\/waldkindergarten-berglen.de\/index.php?rest_route=\/wp\/v2\/types\/post"}],"author":[{"embeddable":true,"href":"https:\/\/waldkindergarten-berglen.de\/index.php?rest_route=\/wp\/v2\/users\/9"}],"replies":[{"embeddable":true,"href":"https:\/\/waldkindergarten-berglen.de\/index.php?rest_route=%2Fwp%2Fv2%2Fcomments&post=7549"}],"version-history":[{"count":2,"href":"https:\/\/waldkindergarten-berglen.de\/index.php?rest_route=\/wp\/v2\/posts\/7549\/revisions"}],"predecessor-version":[{"id":7554,"href":"https:\/\/waldkindergarten-berglen.de\/index.php?rest_route=\/wp\/v2\/posts\/7549\/revisions\/7554"}],"wp:attachment":[{"href":"https:\/\/waldkindergarten-berglen.de\/index.php?rest_route=%2Fwp%2Fv2%2Fmedia&parent=7549"}],"wp:term":[{"taxonomy":"category","embeddable":true,"href":"https:\/\/waldkindergarten-berglen.de\/index.php?rest_route=%2Fwp%2Fv2%2Fcategories&post=7549"},{"taxonomy":"post_tag","embeddable":true,"href":"https:\/\/waldkindergarten-berglen.de\/index.php?rest_route=%2Fwp%2Fv2%2Ftags&post=7549"}],"curies":[{"name":"wp","href":"https:\/\/api.w.org\/{rel}","templated":true}]}}