{"id":7557,"date":"2022-04-25T08:05:00","date_gmt":"2022-04-25T06:05:00","guid":{"rendered":"https:\/\/waldkindergarten-berglen.de\/?p=7557"},"modified":"2022-04-24T22:55:27","modified_gmt":"2022-04-24T20:55:27","slug":"wir-waren-dabei-beim-kerzinger-hoffest","status":"publish","type":"post","link":"https:\/\/waldkindergarten-berglen.de\/?p=7557","title":{"rendered":"Wir waren dabei- beim Kerzinger Hoffest!"},"content":{"rendered":"\n<p>Wie bereits seit vielen Jahren durfte unser Waldkindergarten auch diesmal mit von der Partie sein. In bew\u00e4hrter Weise hatte unser Elternbeirat die Organisation des Kaffee- und Kuchenbuffets \u00fcbernommen sowie eine Bastelstation eingerichtet. Jede Waldfamilie hatte flei\u00dfig gebacken und es gab eine riesige Auswahl. Das Buffet konnte echt mit dem einer Konditorei mithalten, von Erdbeertorte \u00fcber Windbeuteltorte bis hin zu einer Schwarzw\u00e4lder Kirschtorte war ein Kuchen leckerer als der andere. F\u00fcr die Kinder gab es Muffins in allen Variationen, sogar Kr\u00fcmelmonster-Muffins waren dabei.<\/p>\n\n\n\n<div class=\"wp-block-image\"><figure class=\"aligncenter size-full is-resized\"><img loading=\"lazy\" decoding=\"async\" src=\"https:\/\/waldkindergarten-berglen.de\/wp-content\/uploads\/2022\/04\/Kuchenbuffet-2.jpg\" alt=\"\" class=\"wp-image-7558\" width=\"384\" height=\"512\" srcset=\"https:\/\/waldkindergarten-berglen.de\/wp-content\/uploads\/2022\/04\/Kuchenbuffet-2.jpg 768w, https:\/\/waldkindergarten-berglen.de\/wp-content\/uploads\/2022\/04\/Kuchenbuffet-2-225x300.jpg 225w, https:\/\/waldkindergarten-berglen.de\/wp-content\/uploads\/2022\/04\/Kuchenbuffet-2-300x400.jpg 300w\" sizes=\"auto, (max-width: 384px) 100vw, 384px\" \/><figcaption>Reichhaltiges Kuchenbuffet- da fiel die Auswahl schwer;-).<\/figcaption><\/figure><\/div>\n\n\n\n<p>Leider meinte es das Wetter diesmal nicht so gut mit uns, es regnete in Str\u00f6men die ganze Zeit und kalt war es auch. Doch wie hei\u00dft es so sch\u00f6n &#8222;Es gibt kein schlechtes Wetter, sondern nur schlechte Kleidung.&#8220;. Und so lie\u00dfen sich die Kinder nicht davon abhalten, kr\u00e4ftig auf der Strohballenh\u00fcpfburg herumzutoben.<\/p>\n\n\n\n<figure class=\"wp-block-image size-large is-resized\"><img loading=\"lazy\" decoding=\"async\" src=\"https:\/\/waldkindergarten-berglen.de\/wp-content\/uploads\/2022\/04\/Huepfburg-1024x768.jpg\" alt=\"\" class=\"wp-image-7559\" width=\"768\" height=\"576\" srcset=\"https:\/\/waldkindergarten-berglen.de\/wp-content\/uploads\/2022\/04\/Huepfburg-1024x768.jpg 1024w, https:\/\/waldkindergarten-berglen.de\/wp-content\/uploads\/2022\/04\/Huepfburg-300x225.jpg 300w, https:\/\/waldkindergarten-berglen.de\/wp-content\/uploads\/2022\/04\/Huepfburg-768x576.jpg 768w, https:\/\/waldkindergarten-berglen.de\/wp-content\/uploads\/2022\/04\/Huepfburg-1536x1152.jpg 1536w, https:\/\/waldkindergarten-berglen.de\/wp-content\/uploads\/2022\/04\/Huepfburg-2048x1536.jpg 2048w, https:\/\/waldkindergarten-berglen.de\/wp-content\/uploads\/2022\/04\/Huepfburg-982x737.jpg 982w, https:\/\/waldkindergarten-berglen.de\/wp-content\/uploads\/2022\/04\/Huepfburg-400x300.jpg 400w\" sizes=\"auto, (max-width: 768px) 100vw, 768px\" \/><figcaption>Spa\u00df auf der Strohballenh\u00fcpfburg<\/figcaption><\/figure>\n\n\n\n<p>Wer dann mal eine Pause zum Ausruhen brauchte, konnte sich eine kleine Stofftasche mit Kartoffeldruck stempeln. Auch diese Station wurde von einigen Waldeltern betreut. Die bunten Motive aus selbstgemachten Kartoffelstempeln bildeten einen sch\u00f6nen farbenfrohen Kontrast zum grauen wolkenverhangenen Himmel. Viele sch\u00f6ne Unikate sind so entstanden, die sicher so manches Oma-Herz h\u00f6herschlagen lassen werden- und nachhaltig sind diese Stofftaschen noch dazu!<\/p>\n\n\n\n<div class=\"wp-block-image\"><figure class=\"aligncenter size-large is-resized\"><img loading=\"lazy\" decoding=\"async\" src=\"https:\/\/waldkindergarten-berglen.de\/wp-content\/uploads\/2022\/04\/Kartoffeldruck-768x1024.jpg\" alt=\"\" class=\"wp-image-7560\" width=\"384\" height=\"512\" srcset=\"https:\/\/waldkindergarten-berglen.de\/wp-content\/uploads\/2022\/04\/Kartoffeldruck-768x1024.jpg 768w, https:\/\/waldkindergarten-berglen.de\/wp-content\/uploads\/2022\/04\/Kartoffeldruck-225x300.jpg 225w, https:\/\/waldkindergarten-berglen.de\/wp-content\/uploads\/2022\/04\/Kartoffeldruck-1152x1536.jpg 1152w, https:\/\/waldkindergarten-berglen.de\/wp-content\/uploads\/2022\/04\/Kartoffeldruck-1536x2048.jpg 1536w, https:\/\/waldkindergarten-berglen.de\/wp-content\/uploads\/2022\/04\/Kartoffeldruck-982x1309.jpg 982w, https:\/\/waldkindergarten-berglen.de\/wp-content\/uploads\/2022\/04\/Kartoffeldruck-300x400.jpg 300w, https:\/\/waldkindergarten-berglen.de\/wp-content\/uploads\/2022\/04\/Kartoffeldruck-scaled.jpg 1920w\" sizes=\"auto, (max-width: 384px) 100vw, 384px\" \/><figcaption>H\u00f6chste Konzentration beim Kartoffeldruck<\/figcaption><\/figure><\/div>\n\n\n\n<p>Auch das sch\u00f6nste Fest geht einmal zu Ende und so hie\u00df es irgendwann &#8222;Aufr\u00e4umen und Abbauen&#8220;. Frei nach dem Motto &#8222;Viele H\u00e4nde machen der Arbeit ein schnelles Ende&#8220; halfen viele Eltern tatkr\u00e4ftig mit, das Geschirr zu sp\u00fclen oder Tische und B\u00e4nke abzubauen. Unser Waldkindergarten als Verein lebt von der Mithilfe der Eltern, ja unter Anderem das macht ihn auch so besonders- dass sich bei solchen Festen oder anderen Arbeitseins\u00e4tzen viele einbringen. Es sind tolle Gelegenheiten, sich gegenseitig besser kennenzulernen und so sind schon viele langj\u00e4hrige Familienfreundschaften entstanden. Ein herzliches Dankesch\u00f6n an dieser Stelle an alle Helfer- und ganz besonders an unseren Elternbeirat. Ihr habt das echt super organisiert, Anke, Juliane, Sabrina und Vera!<\/p>\n\n\n\n<p>Besonders herzlich bedanken wollen wir uns hier auch wieder bei Familie Kerzinger, die uns Jahr f\u00fcr Jahr diese wunderbare M\u00f6glichkeit bietet. Unser Verein profitiert sehr davon!<\/p>\n\n\n\n<p><strong><em>Wussten Sie schon?<\/em><\/strong><\/p>\n\n\n\n<p><em>Waldtraut- der h\u00f6chste Baum Deutschlands ist 110 Jahre alt und steht im Freiburger Stadtwald. Mit \u00fcber 67 m H\u00f6he ist die Douglasie gigantisch gro\u00df und w\u00e4chst jedes Jahr etwa 30 cm. Douglasien sind relativ trockenheitsresistent und k\u00f6nnten vor dem Hintergrund des sich abzeichnenden Klimawandels mit abnehmenden Niederschl\u00e4gen f\u00fcr die Forstwirtschaft an Bedeutung gewinnen.<\/em><\/p>\n","protected":false},"excerpt":{"rendered":"<p>Wie bereits seit vielen Jahren durfte unser Waldkindergarten auch diesmal mit von der Partie sein. In bew\u00e4hrter Weise hatte unser Elternbeirat die Organisation des Kaffee- und Kuchenbuffets \u00fcbernommen sowie eine Bastelstation eingerichtet. Jede Waldfamilie hatte flei\u00dfig gebacken und es gab eine riesige Auswahl. Das Buffet konnte echt mit dem einer Konditorei mithalten, von Erdbeertorte \u00fcber&hellip; <a href=\"https:\/\/waldkindergarten-berglen.de\/?p=7557\" class=\"more-link\">Weiterlesen <span class=\"screen-reader-text\">Wir waren dabei- beim Kerzinger Hoffest!<\/span><\/a><\/p>\n","protected":false},"author":9,"featured_media":0,"comment_status":"closed","ping_status":"closed","sticky":false,"template":"","format":"standard","meta":{"ngg_post_thumbnail":0,"_jetpack_memberships_contains_paid_content":false,"footnotes":""},"categories":[3],"tags":[],"class_list":["post-7557","post","type-post","status-publish","format-standard","hentry","category-berichte"],"jetpack_featured_media_url":"","jetpack_sharing_enabled":true,"_links":{"self":[{"href":"https:\/\/waldkindergarten-berglen.de\/index.php?rest_route=\/wp\/v2\/posts\/7557","targetHints":{"allow":["GET"]}}],"collection":[{"href":"https:\/\/waldkindergarten-berglen.de\/index.php?rest_route=\/wp\/v2\/posts"}],"about":[{"href":"https:\/\/waldkindergarten-berglen.de\/index.php?rest_route=\/wp\/v2\/types\/post"}],"author":[{"embeddable":true,"href":"https:\/\/waldkindergarten-berglen.de\/index.php?rest_route=\/wp\/v2\/users\/9"}],"replies":[{"embeddable":true,"href":"https:\/\/waldkindergarten-berglen.de\/index.php?rest_route=%2Fwp%2Fv2%2Fcomments&post=7557"}],"version-history":[{"count":2,"href":"https:\/\/waldkindergarten-berglen.de\/index.php?rest_route=\/wp\/v2\/posts\/7557\/revisions"}],"predecessor-version":[{"id":7562,"href":"https:\/\/waldkindergarten-berglen.de\/index.php?rest_route=\/wp\/v2\/posts\/7557\/revisions\/7562"}],"wp:attachment":[{"href":"https:\/\/waldkindergarten-berglen.de\/index.php?rest_route=%2Fwp%2Fv2%2Fmedia&parent=7557"}],"wp:term":[{"taxonomy":"category","embeddable":true,"href":"https:\/\/waldkindergarten-berglen.de\/index.php?rest_route=%2Fwp%2Fv2%2Fcategories&post=7557"},{"taxonomy":"post_tag","embeddable":true,"href":"https:\/\/waldkindergarten-berglen.de\/index.php?rest_route=%2Fwp%2Fv2%2Ftags&post=7557"}],"curies":[{"name":"wp","href":"https:\/\/api.w.org\/{rel}","templated":true}]}}