{"id":7568,"date":"2022-05-02T08:00:00","date_gmt":"2022-05-02T06:00:00","guid":{"rendered":"https:\/\/waldkindergarten-berglen.de\/?p=7568"},"modified":"2022-05-01T16:27:15","modified_gmt":"2022-05-01T14:27:15","slug":"ein-neues-weidentipi-fuer-unsere-waldkinder","status":"publish","type":"post","link":"https:\/\/waldkindergarten-berglen.de\/?p=7568","title":{"rendered":"Ein neues Weidentipi f\u00fcr unsere Waldkinder"},"content":{"rendered":"\n<p>Aufmerksamen Spazierg\u00e4ngern rund um das St\u00fcckle des Waldkindergartens ist es gewiss nicht entgangen: Es tat sich etwas in den letzten Wochen. Zun\u00e4chst verschwand der alte Weidenpavillon, dann wurden Weiden angeliefert und schlie\u00dflich entstand innerhalb weniger Tage ein neues Weidentipi. Dies kam so: Bernhard Schieber, ein ehemaliger Waldkindvater zu Gr\u00fcndungszeiten und zugleich Lehrer f\u00fcr Arbeitserzieher*innen und Fertigungstechnik an der Johannes-Landenberger-Schule, ging ebenfalls spazieren und ihm fiel der mittlerweile doch sehr in die Jahre gekommene Weidenpavillon auf. Da er diesen vor ca. 15 Jahren mit seinen Sch\u00fcler*innen auch gebaut hatte, fragte er an, ob der Kindi an einem Neubau Interesse h\u00e4tte. Dieses Angebot nahmen wir gerne an.<\/p>\n\n\n\n<p>Zun\u00e4chst entfernten also einige Eltern des Kindergartens bei einem Arbeitseinsatz die alten Weiden.<\/p>\n\n\n\n<figure class=\"wp-block-image size-large\"><img loading=\"lazy\" decoding=\"async\" width=\"576\" height=\"1024\" src=\"https:\/\/waldkindergarten-berglen.de\/wp-content\/uploads\/2022\/05\/335b30ca-6e93-432f-854e-63ee773fc22d-576x1024.jpg\" alt=\"\" class=\"wp-image-7570\" srcset=\"https:\/\/waldkindergarten-berglen.de\/wp-content\/uploads\/2022\/05\/335b30ca-6e93-432f-854e-63ee773fc22d-576x1024.jpg 576w, https:\/\/waldkindergarten-berglen.de\/wp-content\/uploads\/2022\/05\/335b30ca-6e93-432f-854e-63ee773fc22d-169x300.jpg 169w, https:\/\/waldkindergarten-berglen.de\/wp-content\/uploads\/2022\/05\/335b30ca-6e93-432f-854e-63ee773fc22d-768x1365.jpg 768w, https:\/\/waldkindergarten-berglen.de\/wp-content\/uploads\/2022\/05\/335b30ca-6e93-432f-854e-63ee773fc22d-864x1536.jpg 864w, https:\/\/waldkindergarten-berglen.de\/wp-content\/uploads\/2022\/05\/335b30ca-6e93-432f-854e-63ee773fc22d-982x1746.jpg 982w, https:\/\/waldkindergarten-berglen.de\/wp-content\/uploads\/2022\/05\/335b30ca-6e93-432f-854e-63ee773fc22d-225x400.jpg 225w, https:\/\/waldkindergarten-berglen.de\/wp-content\/uploads\/2022\/05\/335b30ca-6e93-432f-854e-63ee773fc22d.jpg 1134w\" sizes=\"auto, (max-width: 576px) 100vw, 576px\" \/><figcaption>Ganz sch\u00f6n tief und breit so ein Loch &#8211; da passen vier unserer F\u00fcchse rein!<\/figcaption><\/figure>\n\n\n\n<p>Nach getaner Vorarbeit r\u00fcckten montags die Profis an: Mit Anleitung von Herrn Schieber und dessen Modell arbeiteten alle 13 Sch\u00fcler*innen flei\u00dfig. Zun\u00e4chst mussten gro\u00dfe L\u00f6cher ausgehoben werden, was schon unter normalen Bedingungen Schwerstarbeit bedeutet, aber der Boden war matschig und die Erde schwer. Unsere Waldkinder waren sehr beeindruckt, denn sie besuchten regelm\u00e4\u00dfig die Baustelle. Wie viele Kinder passen in ein Loch und wie tief ist es? Das musste nat\u00fcrlich ausprobiert werden.<\/p>\n\n\n\n<p>Leider kannte das Wetter keine Gnade und es sch\u00fcttete aus K\u00fcbeln und ein Sturm k\u00fcndigte sich an. Und trotzdem, innerhalb von nur drei Tagen stand das neue Tipi!<\/p>\n\n\n\n<figure class=\"wp-block-image size-large\"><img loading=\"lazy\" decoding=\"async\" width=\"1024\" height=\"576\" src=\"https:\/\/waldkindergarten-berglen.de\/wp-content\/uploads\/2022\/05\/fe6c4f72-11f5-4a27-8bc2-efa07b5f313b-1024x576.jpg\" alt=\"\" class=\"wp-image-7571\" srcset=\"https:\/\/waldkindergarten-berglen.de\/wp-content\/uploads\/2022\/05\/fe6c4f72-11f5-4a27-8bc2-efa07b5f313b-1024x576.jpg 1024w, https:\/\/waldkindergarten-berglen.de\/wp-content\/uploads\/2022\/05\/fe6c4f72-11f5-4a27-8bc2-efa07b5f313b-300x169.jpg 300w, https:\/\/waldkindergarten-berglen.de\/wp-content\/uploads\/2022\/05\/fe6c4f72-11f5-4a27-8bc2-efa07b5f313b-768x432.jpg 768w, https:\/\/waldkindergarten-berglen.de\/wp-content\/uploads\/2022\/05\/fe6c4f72-11f5-4a27-8bc2-efa07b5f313b-1536x864.jpg 1536w, https:\/\/waldkindergarten-berglen.de\/wp-content\/uploads\/2022\/05\/fe6c4f72-11f5-4a27-8bc2-efa07b5f313b-982x552.jpg 982w, https:\/\/waldkindergarten-berglen.de\/wp-content\/uploads\/2022\/05\/fe6c4f72-11f5-4a27-8bc2-efa07b5f313b-400x225.jpg 400w, https:\/\/waldkindergarten-berglen.de\/wp-content\/uploads\/2022\/05\/fe6c4f72-11f5-4a27-8bc2-efa07b5f313b.jpg 2016w\" sizes=\"auto, (max-width: 1024px) 100vw, 1024px\" \/><figcaption>Der Meister Herr Schieber am Werk. <\/figcaption><\/figure>\n\n\n\n<p>Nach der getanen Arbeit war es am ersten Tag nach den Osterferien nun soweit und es wurde ein dem Werk w\u00fcrdiges Richtfest gefeiert. Das Tipi wurde geschm\u00fcckt und ein kleines waldiges Buffet mit B\u00e4rlauchbutterbroten und Apfelsaft-Gundermann-Bowle f\u00fcr die Helfer aufgebaut. Ein von den Kindern vorgetragenes Lied, welches den Bau des Tipis trotz aller Widrigkeiten beschrieb, brachte schnell die Gesichter aller Erbauer zum Schmunzeln. F\u00fcr alle Helfer gab es ein Fl\u00e4schchen Gundermannbowle mit einer passenden Geschichte daran, als Dankesch\u00f6n.<\/p>\n\n\n\n<p>Nun freuen wir uns auf viele sch\u00f6ne Stunden in unserem neuen Tipi, das hoffentlich bald anw\u00e4chst und gr\u00fcnt. Und nutzen die Gelegenheit, um noch einmal ein Danke auszusprechen:<\/p>\n\n\n\n<figure class=\"wp-block-image size-large\"><img loading=\"lazy\" decoding=\"async\" width=\"1024\" height=\"498\" src=\"https:\/\/waldkindergarten-berglen.de\/wp-content\/uploads\/2022\/05\/93b86a37-5e8e-4c9c-b0df-8f454480eca4-1024x498.jpg\" alt=\"\" class=\"wp-image-7569\" srcset=\"https:\/\/waldkindergarten-berglen.de\/wp-content\/uploads\/2022\/05\/93b86a37-5e8e-4c9c-b0df-8f454480eca4-1024x498.jpg 1024w, https:\/\/waldkindergarten-berglen.de\/wp-content\/uploads\/2022\/05\/93b86a37-5e8e-4c9c-b0df-8f454480eca4-300x146.jpg 300w, https:\/\/waldkindergarten-berglen.de\/wp-content\/uploads\/2022\/05\/93b86a37-5e8e-4c9c-b0df-8f454480eca4-768x373.jpg 768w, https:\/\/waldkindergarten-berglen.de\/wp-content\/uploads\/2022\/05\/93b86a37-5e8e-4c9c-b0df-8f454480eca4-1536x747.jpg 1536w, https:\/\/waldkindergarten-berglen.de\/wp-content\/uploads\/2022\/05\/93b86a37-5e8e-4c9c-b0df-8f454480eca4-982x477.jpg 982w, https:\/\/waldkindergarten-berglen.de\/wp-content\/uploads\/2022\/05\/93b86a37-5e8e-4c9c-b0df-8f454480eca4-400x194.jpg 400w, https:\/\/waldkindergarten-berglen.de\/wp-content\/uploads\/2022\/05\/93b86a37-5e8e-4c9c-b0df-8f454480eca4.jpg 2016w\" sizes=\"auto, (max-width: 1024px) 100vw, 1024px\" \/><figcaption>Gleich geht es los mit dem Einweihungslied der Kinder<\/figcaption><\/figure>\n\n\n\n<p class=\"has-text-align-left has-vivid-green-cyan-color has-text-color\"><em>Ein gro\u00dfes Dankesch\u00f6n<\/em><\/p>\n\n\n\n<p class=\"has-text-align-left has-vivid-green-cyan-color has-text-color\"><em>&#8211; an Herrn Schieber und seine Sch\u00fcler*innen, die bei widrigsten Bedingungen unser neues Tipi errichtet haben und sogar einen Tag fr\u00fcher als gedacht fertig wurden. Wir freuen uns sehr, wenn uns ehemalige Waldfamilien so verbunden bleiben.<\/em><\/p>\n\n\n\n<p class=\"has-text-align-left has-vivid-green-cyan-color has-text-color\"><em>&#8211; an Familie Joachim M\u00fcller vom Hofladen in Kottweil, die uns so schnell aushelfen konnte und die ben\u00f6tigten ca. 2000L Wasser zum Einschw\u00e4mmen aufs St\u00fcckle brachte.<\/em><\/p>\n\n\n\n<p class=\"has-text-align-left has-vivid-green-cyan-color has-text-color\"><em>&#8211; an den Bauhof, wie so oft unser Retter in der Not, f\u00fcr die spontane Aushilfe mit Erde.<\/em><\/p>\n\n\n\n<p class=\"has-text-align-left has-vivid-green-cyan-color has-text-color\"><em>&#8211; an unseren Vorstand und unser Waldteam, die durch die Wetterbedingungen und daraus resultierenden Umst\u00e4nde sehr spontan reagieren und Hilfe organisieren mussten. Au\u00dferdem wurde der Bautrupp verk\u00f6stigt und das Richtfest vorbereitet.<\/em><\/p>\n\n\n\n<p class=\"has-text-align-left has-vivid-green-cyan-color has-text-color\"><em>&#8211; an alle Helfer, die dies m\u00f6glich gemacht haben. Wie immer sp\u00fcren wir einen gro\u00dfen Zusammenhalt, besonders wenn es schwierig wird.<\/em><\/p>\n\n\n\n<figure class=\"wp-block-image size-large\"><img loading=\"lazy\" decoding=\"async\" width=\"1024\" height=\"498\" src=\"https:\/\/waldkindergarten-berglen.de\/wp-content\/uploads\/2022\/05\/dc047279-187a-42ad-b40c-cbfeca16c37f-1024x498.jpg\" alt=\"\" class=\"wp-image-7572\" srcset=\"https:\/\/waldkindergarten-berglen.de\/wp-content\/uploads\/2022\/05\/dc047279-187a-42ad-b40c-cbfeca16c37f-1024x498.jpg 1024w, https:\/\/waldkindergarten-berglen.de\/wp-content\/uploads\/2022\/05\/dc047279-187a-42ad-b40c-cbfeca16c37f-300x146.jpg 300w, https:\/\/waldkindergarten-berglen.de\/wp-content\/uploads\/2022\/05\/dc047279-187a-42ad-b40c-cbfeca16c37f-768x373.jpg 768w, https:\/\/waldkindergarten-berglen.de\/wp-content\/uploads\/2022\/05\/dc047279-187a-42ad-b40c-cbfeca16c37f-1536x747.jpg 1536w, https:\/\/waldkindergarten-berglen.de\/wp-content\/uploads\/2022\/05\/dc047279-187a-42ad-b40c-cbfeca16c37f-982x477.jpg 982w, https:\/\/waldkindergarten-berglen.de\/wp-content\/uploads\/2022\/05\/dc047279-187a-42ad-b40c-cbfeca16c37f-400x194.jpg 400w, https:\/\/waldkindergarten-berglen.de\/wp-content\/uploads\/2022\/05\/dc047279-187a-42ad-b40c-cbfeca16c37f.jpg 2016w\" sizes=\"auto, (max-width: 1024px) 100vw, 1024px\" \/><figcaption>Jetzt wird gefeiert. Wir freuen uns auf viele sch\u00f6ne Stunden im neuen, wundersch\u00f6nen Tipi.<\/figcaption><\/figure>\n\n\n\n<p><strong><em>Wussten Sie schon?<\/em><\/strong><\/p>\n\n\n\n<p><em>Dass unser neues Tipi aus Weide besteht, ist kein Zufall. Die Weide gilt als schnellwachsender Baum. In Europa gibt es ca. 300 verschiedene Weidenarten, da sich verschiedene Weidenarten untereinander kreuzen k\u00f6nnen. Diese Hybriden erzeugen ebenfalls fortpflanzungsf\u00e4hige Nachkommen. Weiden vertragen mehrmals im Jahr \u00dcberschwemmungen und wurzeln schnell, weshalb sie h\u00e4ufig Pioniersb\u00e4ume in Uferzonen sind. Die Menschen erkannten schnell den Nutzen der Weide beim Hausbau. Auch Z\u00e4une, K\u00f6rbe und sogar die Schn\u00fcrsenkel der armen Bev\u00f6lkerung wurden aus ihr gefertigt. Im Mittelalter hatte die Weide trotz zahlreicher Nutzung zuvor einen schweren Stand. Die Menschen glaubten, dass in ihren wirren \u00c4sten der Teufel hause. Auch sprachlich manifestierte sich dies im angels\u00e4chsischen Raum durch die Wortverwandtschaft Weide (willow), Hexe (witch) und b\u00f6se (wicked). Trotz dieser Zuschreibungen erkannten die Menschen die medizinische Wirkung der Weide: In Rinde und Bl\u00e4ttern befinden sich Wirkstoffe, welche gegen Fieber, Magen-Darm- Erkrankungen oder Kopfschmerzen helfen. In der Rinde der Silberweide kommt der Hauptwirkstoff von Aspirin vor.<\/em><\/p>\n","protected":false},"excerpt":{"rendered":"<p>Aufmerksamen Spazierg\u00e4ngern rund um das St\u00fcckle des Waldkindergartens ist es gewiss nicht entgangen: Es tat sich etwas in den letzten Wochen. Zun\u00e4chst verschwand der alte Weidenpavillon, dann wurden Weiden angeliefert und schlie\u00dflich entstand innerhalb weniger Tage ein neues Weidentipi. Dies kam so: Bernhard Schieber, ein ehemaliger Waldkindvater zu Gr\u00fcndungszeiten und zugleich Lehrer f\u00fcr Arbeitserzieher*innen und&hellip; <a href=\"https:\/\/waldkindergarten-berglen.de\/?p=7568\" class=\"more-link\">Weiterlesen <span class=\"screen-reader-text\">Ein neues Weidentipi f\u00fcr unsere Waldkinder<\/span><\/a><\/p>\n","protected":false},"author":6,"featured_media":0,"comment_status":"closed","ping_status":"closed","sticky":false,"template":"","format":"standard","meta":{"ngg_post_thumbnail":0,"_jetpack_memberships_contains_paid_content":false,"footnotes":""},"categories":[3],"tags":[],"class_list":["post-7568","post","type-post","status-publish","format-standard","hentry","category-berichte"],"jetpack_featured_media_url":"","jetpack_sharing_enabled":true,"_links":{"self":[{"href":"https:\/\/waldkindergarten-berglen.de\/index.php?rest_route=\/wp\/v2\/posts\/7568","targetHints":{"allow":["GET"]}}],"collection":[{"href":"https:\/\/waldkindergarten-berglen.de\/index.php?rest_route=\/wp\/v2\/posts"}],"about":[{"href":"https:\/\/waldkindergarten-berglen.de\/index.php?rest_route=\/wp\/v2\/types\/post"}],"author":[{"embeddable":true,"href":"https:\/\/waldkindergarten-berglen.de\/index.php?rest_route=\/wp\/v2\/users\/6"}],"replies":[{"embeddable":true,"href":"https:\/\/waldkindergarten-berglen.de\/index.php?rest_route=%2Fwp%2Fv2%2Fcomments&post=7568"}],"version-history":[{"count":3,"href":"https:\/\/waldkindergarten-berglen.de\/index.php?rest_route=\/wp\/v2\/posts\/7568\/revisions"}],"predecessor-version":[{"id":7576,"href":"https:\/\/waldkindergarten-berglen.de\/index.php?rest_route=\/wp\/v2\/posts\/7568\/revisions\/7576"}],"wp:attachment":[{"href":"https:\/\/waldkindergarten-berglen.de\/index.php?rest_route=%2Fwp%2Fv2%2Fmedia&parent=7568"}],"wp:term":[{"taxonomy":"category","embeddable":true,"href":"https:\/\/waldkindergarten-berglen.de\/index.php?rest_route=%2Fwp%2Fv2%2Fcategories&post=7568"},{"taxonomy":"post_tag","embeddable":true,"href":"https:\/\/waldkindergarten-berglen.de\/index.php?rest_route=%2Fwp%2Fv2%2Ftags&post=7568"}],"curies":[{"name":"wp","href":"https:\/\/api.w.org\/{rel}","templated":true}]}}