{"id":7579,"date":"2022-05-09T08:00:00","date_gmt":"2022-05-09T06:00:00","guid":{"rendered":"https:\/\/waldkindergarten-berglen.de\/?p=7579"},"modified":"2022-05-08T10:33:09","modified_gmt":"2022-05-08T08:33:09","slug":"ein-bluetenmenue-zum-muttertag","status":"publish","type":"post","link":"https:\/\/waldkindergarten-berglen.de\/?p=7579","title":{"rendered":"Ein Bl\u00fctenmen\u00fc zum Muttertag"},"content":{"rendered":"\n<p>Schon seit einer Woche h\u00f6rt man ein Fl\u00fcstern und ein Kichern im Wald, denn unsere Waldkinder bewahren ein Geheimnis: Sie sind bei den Vorbereitungen f\u00fcr den Muttertag und nat\u00fcrlich sollen unsere Waldmamis noch nichts von den Vorbereitungen erfahren. Das ist besonders f\u00fcr unsere M\u00e4uschen ein schwieriges Unterfangen, sich da bei aller Vorfreude nicht aus Versehen zu verplappern. Dieses Jahr sollte der Muttertag auch endlich einmal wieder in Pr\u00e4senz stattfinden k\u00f6nnen und so erdachte sich unser Waldteam eine ganz besondere \u00dcberraschung: Die Kinder bereiteten f\u00fcr ihre M\u00fctter ein Bl\u00fctenmen\u00fc vor.<\/p>\n\n\n\n<figure class=\"wp-block-image size-large\"><img loading=\"lazy\" decoding=\"async\" width=\"576\" height=\"1024\" src=\"https:\/\/waldkindergarten-berglen.de\/wp-content\/uploads\/2022\/05\/038d723d-8185-4938-9fa5-259236791eb4-576x1024.jpg\" alt=\"\" class=\"wp-image-7580\" srcset=\"https:\/\/waldkindergarten-berglen.de\/wp-content\/uploads\/2022\/05\/038d723d-8185-4938-9fa5-259236791eb4-576x1024.jpg 576w, https:\/\/waldkindergarten-berglen.de\/wp-content\/uploads\/2022\/05\/038d723d-8185-4938-9fa5-259236791eb4-169x300.jpg 169w, https:\/\/waldkindergarten-berglen.de\/wp-content\/uploads\/2022\/05\/038d723d-8185-4938-9fa5-259236791eb4-768x1365.jpg 768w, https:\/\/waldkindergarten-berglen.de\/wp-content\/uploads\/2022\/05\/038d723d-8185-4938-9fa5-259236791eb4-864x1536.jpg 864w, https:\/\/waldkindergarten-berglen.de\/wp-content\/uploads\/2022\/05\/038d723d-8185-4938-9fa5-259236791eb4-982x1746.jpg 982w, https:\/\/waldkindergarten-berglen.de\/wp-content\/uploads\/2022\/05\/038d723d-8185-4938-9fa5-259236791eb4-225x400.jpg 225w, https:\/\/waldkindergarten-berglen.de\/wp-content\/uploads\/2022\/05\/038d723d-8185-4938-9fa5-259236791eb4.jpg 1134w\" sizes=\"auto, (max-width: 576px) 100vw, 576px\" \/><\/figure>\n\n\n\n<p>Zun\u00e4chst musste das Vorwissen erarbeitet werden, denn selbstverst\u00e4ndlich sind nicht alle Bl\u00fcten aus der Natur essbar und bei einigen Pflanzen kann eine Verwechslung sogar mit einem Krankenhausaufenthalt enden. Unsere Waldkinder betrachteten zun\u00e4chst die Pflanzen B\u00e4rlauch, G\u00e4nsebl\u00fcmchen und L\u00f6wenzahn genau, rochen, tasteten, und beschrieben schlie\u00dflich die unterschiedlichen Teile. Die F\u00fcchse erhielten die Aufgabe, eine Pflanze genau zu beschreiben, ohne deren Namen zu verraten. Hier wurden verschiedene W\u00f6rter gesucht, um die Bl\u00e4tter genau zu beschreiben: gezackt, gezahnt, glatt, samtig, uvm. Die anderen Kinder durften dann erraten, welche Pflanze gesucht war. Am n\u00e4chsten Tag ging es dann als Experte los zur Ernte, um die Bl\u00fcten f\u00fcr die Brotaufstriche zu pfl\u00fccken. Danach wurden die Bl\u00fctenbl\u00e4tter in akribischer Feinarbeit von den St\u00e4ngeln gezupft, denn die gr\u00fcnen Kelchbl\u00e4tter sind h\u00e4ufig bitter. Ein Sirup wurde angesetzt und Aufstriche ger\u00fchrt, der Kuchen dekoriert.<\/p>\n\n\n\n<figure class=\"wp-block-image size-large\"><img loading=\"lazy\" decoding=\"async\" width=\"819\" height=\"1024\" src=\"https:\/\/waldkindergarten-berglen.de\/wp-content\/uploads\/2022\/05\/98781038-48C9-44A1-BAAF-3C4A45C4FA39-819x1024.jpg\" alt=\"\" class=\"wp-image-7581\" srcset=\"https:\/\/waldkindergarten-berglen.de\/wp-content\/uploads\/2022\/05\/98781038-48C9-44A1-BAAF-3C4A45C4FA39-819x1024.jpg 819w, https:\/\/waldkindergarten-berglen.de\/wp-content\/uploads\/2022\/05\/98781038-48C9-44A1-BAAF-3C4A45C4FA39-240x300.jpg 240w, https:\/\/waldkindergarten-berglen.de\/wp-content\/uploads\/2022\/05\/98781038-48C9-44A1-BAAF-3C4A45C4FA39-768x960.jpg 768w, https:\/\/waldkindergarten-berglen.de\/wp-content\/uploads\/2022\/05\/98781038-48C9-44A1-BAAF-3C4A45C4FA39-1229x1536.jpg 1229w, https:\/\/waldkindergarten-berglen.de\/wp-content\/uploads\/2022\/05\/98781038-48C9-44A1-BAAF-3C4A45C4FA39-982x1228.jpg 982w, https:\/\/waldkindergarten-berglen.de\/wp-content\/uploads\/2022\/05\/98781038-48C9-44A1-BAAF-3C4A45C4FA39-320x400.jpg 320w, https:\/\/waldkindergarten-berglen.de\/wp-content\/uploads\/2022\/05\/98781038-48C9-44A1-BAAF-3C4A45C4FA39.jpg 1440w\" sizes=\"auto, (max-width: 819px) 100vw, 819px\" \/><\/figure>\n\n\n\n<p>Und dann endlich war es so weit: Die Mamas trafen am St\u00fcckle ein und wurden von aufgeregten Kindern in Empfang genommen. Ein herrliches Bild, denn eine wundersch\u00f6ne Tafel stand bereit und die Kinder, mit einem kleinen Geschirrtuch ausstaffiert, geleiteten ihre Mamas zum Platz. Dort k\u00fcndigte eine liebevoll gestaltete Baumscheibe das folgende Men\u00fc. <\/p>\n\n\n\n<figure class=\"wp-block-image size-large\"><img loading=\"lazy\" decoding=\"async\" width=\"1024\" height=\"768\" src=\"https:\/\/waldkindergarten-berglen.de\/wp-content\/uploads\/2022\/05\/IMG_5203-1024x768.jpg\" alt=\"\" class=\"wp-image-7582\" srcset=\"https:\/\/waldkindergarten-berglen.de\/wp-content\/uploads\/2022\/05\/IMG_5203-1024x768.jpg 1024w, https:\/\/waldkindergarten-berglen.de\/wp-content\/uploads\/2022\/05\/IMG_5203-300x225.jpg 300w, https:\/\/waldkindergarten-berglen.de\/wp-content\/uploads\/2022\/05\/IMG_5203-768x576.jpg 768w, https:\/\/waldkindergarten-berglen.de\/wp-content\/uploads\/2022\/05\/IMG_5203-1536x1152.jpg 1536w, https:\/\/waldkindergarten-berglen.de\/wp-content\/uploads\/2022\/05\/IMG_5203-2048x1536.jpg 2048w, https:\/\/waldkindergarten-berglen.de\/wp-content\/uploads\/2022\/05\/IMG_5203-982x737.jpg 982w, https:\/\/waldkindergarten-berglen.de\/wp-content\/uploads\/2022\/05\/IMG_5203-400x300.jpg 400w\" sizes=\"auto, (max-width: 1024px) 100vw, 1024px\" \/><\/figure>\n\n\n\n<p>Nun wurde ein Fliederbl\u00fctensirup serviert und die Kinder sangen ein Muttertagsst\u00e4ndchen. Hier war es gut, dass erfahrene Waldmamis Taschent\u00fccher bereithielten. <\/p>\n\n\n\n<figure class=\"wp-block-image size-large\"><img loading=\"lazy\" decoding=\"async\" width=\"1024\" height=\"768\" src=\"https:\/\/waldkindergarten-berglen.de\/wp-content\/uploads\/2022\/05\/8e17d8b7-a6fe-47ce-a7af-e5ac60e94285-1-1024x768.jpg\" alt=\"\" class=\"wp-image-7585\" srcset=\"https:\/\/waldkindergarten-berglen.de\/wp-content\/uploads\/2022\/05\/8e17d8b7-a6fe-47ce-a7af-e5ac60e94285-1-1024x768.jpg 1024w, https:\/\/waldkindergarten-berglen.de\/wp-content\/uploads\/2022\/05\/8e17d8b7-a6fe-47ce-a7af-e5ac60e94285-1-300x225.jpg 300w, https:\/\/waldkindergarten-berglen.de\/wp-content\/uploads\/2022\/05\/8e17d8b7-a6fe-47ce-a7af-e5ac60e94285-1-768x576.jpg 768w, https:\/\/waldkindergarten-berglen.de\/wp-content\/uploads\/2022\/05\/8e17d8b7-a6fe-47ce-a7af-e5ac60e94285-1-1536x1152.jpg 1536w, https:\/\/waldkindergarten-berglen.de\/wp-content\/uploads\/2022\/05\/8e17d8b7-a6fe-47ce-a7af-e5ac60e94285-1-982x737.jpg 982w, https:\/\/waldkindergarten-berglen.de\/wp-content\/uploads\/2022\/05\/8e17d8b7-a6fe-47ce-a7af-e5ac60e94285-1-400x300.jpg 400w, https:\/\/waldkindergarten-berglen.de\/wp-content\/uploads\/2022\/05\/8e17d8b7-a6fe-47ce-a7af-e5ac60e94285-1.jpg 2048w\" sizes=\"auto, (max-width: 1024px) 100vw, 1024px\" \/><\/figure>\n\n\n\n<p>Von unseren flei\u00dfigen Kellner*innen wurden sodann Bl\u00fctenbrote serviert: Leckeres Bauernbrot mit L\u00f6wenzahnaufstrich, B\u00e4rlauchbl\u00fctenbutter und G\u00e4nsebl\u00fcmchen Frischk\u00e4se. Zum Nachtisch wurde ein Kuchen aus Fliederbl\u00fctensirup auf einem Teller aus Frauenmantelblatt gereicht. <\/p>\n\n\n\n<figure class=\"wp-block-image size-large\"><img loading=\"lazy\" decoding=\"async\" width=\"819\" height=\"1024\" src=\"https:\/\/waldkindergarten-berglen.de\/wp-content\/uploads\/2022\/05\/D3A3E165-3DBB-4C92-8A20-23ECA44EFA27-819x1024.jpg\" alt=\"\" class=\"wp-image-7583\" srcset=\"https:\/\/waldkindergarten-berglen.de\/wp-content\/uploads\/2022\/05\/D3A3E165-3DBB-4C92-8A20-23ECA44EFA27-819x1024.jpg 819w, https:\/\/waldkindergarten-berglen.de\/wp-content\/uploads\/2022\/05\/D3A3E165-3DBB-4C92-8A20-23ECA44EFA27-240x300.jpg 240w, https:\/\/waldkindergarten-berglen.de\/wp-content\/uploads\/2022\/05\/D3A3E165-3DBB-4C92-8A20-23ECA44EFA27-768x960.jpg 768w, https:\/\/waldkindergarten-berglen.de\/wp-content\/uploads\/2022\/05\/D3A3E165-3DBB-4C92-8A20-23ECA44EFA27-1229x1536.jpg 1229w, https:\/\/waldkindergarten-berglen.de\/wp-content\/uploads\/2022\/05\/D3A3E165-3DBB-4C92-8A20-23ECA44EFA27-982x1228.jpg 982w, https:\/\/waldkindergarten-berglen.de\/wp-content\/uploads\/2022\/05\/D3A3E165-3DBB-4C92-8A20-23ECA44EFA27-320x400.jpg 320w, https:\/\/waldkindergarten-berglen.de\/wp-content\/uploads\/2022\/05\/D3A3E165-3DBB-4C92-8A20-23ECA44EFA27.jpg 1440w\" sizes=\"auto, (max-width: 819px) 100vw, 819px\" \/><\/figure>\n\n\n\n<p>Als kr\u00f6nender Abschluss brachte sangen die Kinder ein Abschlusslied vom dicken Kuss und \u00fcberbrachten diesen ihrer Mama mitsamt einem selbst gepfl\u00fcckten Wiesenstrau\u00df.<\/p>\n\n\n\n<p><em>Liebes Waldteam, es war wie immer wundersch\u00f6n. Wir Mamas danken euch von ganzem Herzen f\u00fcr dieses Erlebnis, das sicher ganz lange in unseren Herzen weilen wird.<\/em><\/p>\n\n\n\n<figure class=\"wp-block-image size-large\"><img loading=\"lazy\" decoding=\"async\" width=\"768\" height=\"1024\" src=\"https:\/\/waldkindergarten-berglen.de\/wp-content\/uploads\/2022\/05\/IMG_5217-768x1024.jpg\" alt=\"\" class=\"wp-image-7586\" srcset=\"https:\/\/waldkindergarten-berglen.de\/wp-content\/uploads\/2022\/05\/IMG_5217-768x1024.jpg 768w, https:\/\/waldkindergarten-berglen.de\/wp-content\/uploads\/2022\/05\/IMG_5217-225x300.jpg 225w, https:\/\/waldkindergarten-berglen.de\/wp-content\/uploads\/2022\/05\/IMG_5217-1152x1536.jpg 1152w, https:\/\/waldkindergarten-berglen.de\/wp-content\/uploads\/2022\/05\/IMG_5217-1536x2048.jpg 1536w, https:\/\/waldkindergarten-berglen.de\/wp-content\/uploads\/2022\/05\/IMG_5217-982x1309.jpg 982w, https:\/\/waldkindergarten-berglen.de\/wp-content\/uploads\/2022\/05\/IMG_5217-300x400.jpg 300w, https:\/\/waldkindergarten-berglen.de\/wp-content\/uploads\/2022\/05\/IMG_5217-scaled.jpg 1920w\" sizes=\"auto, (max-width: 768px) 100vw, 768px\" \/><\/figure>\n\n\n\n<p><strong><em>Wussten Sie schon?<\/em><\/strong><\/p>\n\n\n\n<p><em>Flieder ist aufgrund seiner auff\u00e4lligen Bl\u00fctenrispen und seines besonderen Duftes eine beliebte Pflanze in unseren G\u00e4rten. Da er jedoch einige Bitterstoffe enth\u00e4lt, wird er eher selten in der K\u00fcche eingesetzt. Jedoch sind gerade diese Bitterstoffe sehr gesund. Sie wirken fiebersenkend und verdauungsanregend. <\/em><em><\/em><\/p>\n\n\n\n<p><em>Um Fliedersirup herzustellen, braucht man etwas Geduld. F\u00fcr 1L Wasser ben\u00f6tigt man ca. 10-15 frische Rispen, je nach Farbe der Bl\u00fcten variiert die Farbe des Sirups. Au\u00dferdem 600g Zucker und 1 Biozitrone. <\/em><em><\/em><\/p>\n\n\n\n<p><em>Das Wasser wird mit dem Zucker aufgekocht, bis dieser sich gel\u00f6st hat. Kurz abk\u00fchlen lassen. Nun gibt man die in Scheiben geschnittene Zitrone und die Bl\u00fcten der Rispen dazu, diese sch\u00fcttelt man nur ab, ohne sie zu waschen, sonst gehen Aromen verloren. Ca. 2 Tage an einem k\u00fchlen, dunklen Ort ziehen lassen. Nun durch ein Tuch oder ein feines Sieb passieren und erneut 5 Minuten aufkochen. Noch hei\u00df in sterile Gef\u00e4\u00dfe f\u00fcllen und verschlie\u00dfen. Durch das hei\u00dfe Verschlie\u00dfen entsteht ein Vakuum und so ist der Sirup bei sauberer Arbeitsweise einige Monate ungek\u00fchlt haltbar. <\/em><em><\/em><\/p>\n","protected":false},"excerpt":{"rendered":"<p>Schon seit einer Woche h\u00f6rt man ein Fl\u00fcstern und ein Kichern im Wald, denn unsere Waldkinder bewahren ein Geheimnis: Sie sind bei den Vorbereitungen f\u00fcr den Muttertag und nat\u00fcrlich sollen unsere Waldmamis noch nichts von den Vorbereitungen erfahren. Das ist besonders f\u00fcr unsere M\u00e4uschen ein schwieriges Unterfangen, sich da bei aller Vorfreude nicht aus Versehen&hellip; <a href=\"https:\/\/waldkindergarten-berglen.de\/?p=7579\" class=\"more-link\">Weiterlesen <span class=\"screen-reader-text\">Ein Bl\u00fctenmen\u00fc zum Muttertag<\/span><\/a><\/p>\n","protected":false},"author":6,"featured_media":0,"comment_status":"closed","ping_status":"closed","sticky":false,"template":"","format":"standard","meta":{"ngg_post_thumbnail":0,"_jetpack_memberships_contains_paid_content":false,"footnotes":""},"categories":[3],"tags":[],"class_list":["post-7579","post","type-post","status-publish","format-standard","hentry","category-berichte"],"jetpack_featured_media_url":"","jetpack_sharing_enabled":true,"_links":{"self":[{"href":"https:\/\/waldkindergarten-berglen.de\/index.php?rest_route=\/wp\/v2\/posts\/7579","targetHints":{"allow":["GET"]}}],"collection":[{"href":"https:\/\/waldkindergarten-berglen.de\/index.php?rest_route=\/wp\/v2\/posts"}],"about":[{"href":"https:\/\/waldkindergarten-berglen.de\/index.php?rest_route=\/wp\/v2\/types\/post"}],"author":[{"embeddable":true,"href":"https:\/\/waldkindergarten-berglen.de\/index.php?rest_route=\/wp\/v2\/users\/6"}],"replies":[{"embeddable":true,"href":"https:\/\/waldkindergarten-berglen.de\/index.php?rest_route=%2Fwp%2Fv2%2Fcomments&post=7579"}],"version-history":[{"count":1,"href":"https:\/\/waldkindergarten-berglen.de\/index.php?rest_route=\/wp\/v2\/posts\/7579\/revisions"}],"predecessor-version":[{"id":7587,"href":"https:\/\/waldkindergarten-berglen.de\/index.php?rest_route=\/wp\/v2\/posts\/7579\/revisions\/7587"}],"wp:attachment":[{"href":"https:\/\/waldkindergarten-berglen.de\/index.php?rest_route=%2Fwp%2Fv2%2Fmedia&parent=7579"}],"wp:term":[{"taxonomy":"category","embeddable":true,"href":"https:\/\/waldkindergarten-berglen.de\/index.php?rest_route=%2Fwp%2Fv2%2Fcategories&post=7579"},{"taxonomy":"post_tag","embeddable":true,"href":"https:\/\/waldkindergarten-berglen.de\/index.php?rest_route=%2Fwp%2Fv2%2Ftags&post=7579"}],"curies":[{"name":"wp","href":"https:\/\/api.w.org\/{rel}","templated":true}]}}