{"id":7600,"date":"2022-05-23T08:00:00","date_gmt":"2022-05-23T06:00:00","guid":{"rendered":"https:\/\/waldkindergarten-berglen.de\/?p=7600"},"modified":"2022-05-23T15:39:27","modified_gmt":"2022-05-23T13:39:27","slug":"eine-aufregende-woche-im-wald","status":"publish","type":"post","link":"https:\/\/waldkindergarten-berglen.de\/?p=7600","title":{"rendered":"Eine aufregende Woche im Wald"},"content":{"rendered":"\n<p>Die Woche begann mit einer sch\u00f6nen \u00dcberraschung f\u00fcr unseren Verein. Wir hatten uns im letzten Jahr f\u00fcr den vom Landratsamt Rems-Murr ausgerufenen Ideenwettbewerb \u201eKlimaschutz zum Mitmachen\u201c beworben und eine Einladung zur Preisverleihung erhalten. Eingereicht haben wir den neuen Teil unserer Konzeption \u201eWir machen uns auf den Weg zum plastikfreien Kindergarten\u201c, wie in unseren vergangenen Berichten ausf\u00fchrlich dargestellt, und wof\u00fcr wir auch das Zertifikat vom Landesverband der Waldkinderg\u00e4rten erhielten. Noch wussten wir nicht, welchen Platz wir belegt hatten und so war die Spannung gro\u00df. Unsere Freude war riesig, als wir den zweiten Platz erreichten und der Kindergarten einen Scheck erhielt. Es ist uns ein Anliegen, unsere Natur f\u00fcr die kommenden Generationen zu bewahren.<\/p>\n\n\n\n<figure class=\"wp-block-image size-large\"><img loading=\"lazy\" decoding=\"async\" width=\"1024\" height=\"846\" src=\"https:\/\/waldkindergarten-berglen.de\/wp-content\/uploads\/2022\/05\/2022-05-16_UVA_Klimaschutz-Ideenwettbewerb_alle_Sieger_Foto_LRA-1024x846.jpg\" alt=\"\" class=\"wp-image-7601\" srcset=\"https:\/\/waldkindergarten-berglen.de\/wp-content\/uploads\/2022\/05\/2022-05-16_UVA_Klimaschutz-Ideenwettbewerb_alle_Sieger_Foto_LRA-1024x846.jpg 1024w, https:\/\/waldkindergarten-berglen.de\/wp-content\/uploads\/2022\/05\/2022-05-16_UVA_Klimaschutz-Ideenwettbewerb_alle_Sieger_Foto_LRA-300x248.jpg 300w, https:\/\/waldkindergarten-berglen.de\/wp-content\/uploads\/2022\/05\/2022-05-16_UVA_Klimaschutz-Ideenwettbewerb_alle_Sieger_Foto_LRA-768x635.jpg 768w, https:\/\/waldkindergarten-berglen.de\/wp-content\/uploads\/2022\/05\/2022-05-16_UVA_Klimaschutz-Ideenwettbewerb_alle_Sieger_Foto_LRA-1536x1269.jpg 1536w, https:\/\/waldkindergarten-berglen.de\/wp-content\/uploads\/2022\/05\/2022-05-16_UVA_Klimaschutz-Ideenwettbewerb_alle_Sieger_Foto_LRA-982x811.jpg 982w, https:\/\/waldkindergarten-berglen.de\/wp-content\/uploads\/2022\/05\/2022-05-16_UVA_Klimaschutz-Ideenwettbewerb_alle_Sieger_Foto_LRA-400x330.jpg 400w, https:\/\/waldkindergarten-berglen.de\/wp-content\/uploads\/2022\/05\/2022-05-16_UVA_Klimaschutz-Ideenwettbewerb_alle_Sieger_Foto_LRA.jpg 1686w\" sizes=\"auto, (max-width: 1024px) 100vw, 1024px\" \/><figcaption>Wir freuen uns \u00fcber den zweiten Platz beim Klimaschutz Ideenwettbewerb (Bildquelle: Landratsamt Rems-Murr-Kreis)<\/figcaption><\/figure>\n\n\n\n<p>Am Donnerstag k\u00fcndigte sich ein besonderer Besuch im Kindergarten an: B\u00fcrgermeister Niederberger und Frau Sigloch, die eine unserer lieben Ansprechpartnerinnen im Rathaus ist, nahmen sich viel Zeit, um den Waldkindergarten zu erkunden. Und zwar nicht nur in Form eines Gespr\u00e4ches mit dem Vorstand, sondern unterwegs zu unseren Pl\u00e4tzen, durchs Gel\u00e4nde und mit den Kindern. Das war ein Fest! Alle waren schon aufgeregt, schlie\u00dflich kommt so ein wichtiger Mann wie ein B\u00fcrgermeister nicht alle Tage zu Besuch. Deshalb hatten unser Vorstand und unser Team mit den Kindern eine F\u00fchrung vorbereitet: Los ging die Tour \u00fcber den Morgenkreis unserer Wichtel am Kottweiler Waldspielplatz, \u00fcber das St\u00fcckle zum Waldschl\u00f6sschen tief in den Wald hinein. Auf der Strecke war Zeit zum gemeinsamen Austausch. Am Platz waren die Kinder im Freispiel zu bestaunen. Bald sammelten sich alle am Waldsofa, denn es gab einen kleinen waldigen Snack, den sich die Kinder erneut gew\u00fcnscht hatten.<\/p>\n\n\n\n<figure class=\"wp-block-image size-large\"><img loading=\"lazy\" decoding=\"async\" width=\"1024\" height=\"576\" src=\"https:\/\/waldkindergarten-berglen.de\/wp-content\/uploads\/2022\/05\/Brennnesselernte-1024x576.jpg\" alt=\"\" class=\"wp-image-7602\" srcset=\"https:\/\/waldkindergarten-berglen.de\/wp-content\/uploads\/2022\/05\/Brennnesselernte-1024x576.jpg 1024w, https:\/\/waldkindergarten-berglen.de\/wp-content\/uploads\/2022\/05\/Brennnesselernte-300x169.jpg 300w, https:\/\/waldkindergarten-berglen.de\/wp-content\/uploads\/2022\/05\/Brennnesselernte-768x432.jpg 768w, https:\/\/waldkindergarten-berglen.de\/wp-content\/uploads\/2022\/05\/Brennnesselernte-1536x864.jpg 1536w, https:\/\/waldkindergarten-berglen.de\/wp-content\/uploads\/2022\/05\/Brennnesselernte-982x552.jpg 982w, https:\/\/waldkindergarten-berglen.de\/wp-content\/uploads\/2022\/05\/Brennnesselernte-400x225.jpg 400w, https:\/\/waldkindergarten-berglen.de\/wp-content\/uploads\/2022\/05\/Brennnesselernte.jpg 2016w\" sizes=\"auto, (max-width: 1024px) 100vw, 1024px\" \/><figcaption>Mutprobe Brennnesselernte<\/figcaption><\/figure>\n\n\n\n<p>Da gerade Raupen des \u201eKleinen Fuchs\u201c in den Gruppen eingezogen sind und diese sehr gierig Brennnesselbl\u00e4tter fressen, wollten die Kinder diese auch probieren. Als Mutprobe durften die Kinder die Bl\u00e4tter ernten, denn es gibt hier einen Trick, wie diese nicht brennen. Und falls es doch nicht gelingt, kann mithilfe des Waldpflasters Spitzwegerich schnell gelindert werden. Aus den geernteten Bl\u00e4ttern wurden k\u00f6stliche Brennnesselchips zubereitet, die sich auch unsere G\u00e4ste mutig schmecken lie\u00dfen. <\/p>\n\n\n\n<figure class=\"wp-block-image size-full\"><img loading=\"lazy\" decoding=\"async\" width=\"800\" height=\"389\" src=\"https:\/\/waldkindergarten-berglen.de\/wp-content\/uploads\/2022\/05\/20220519_111055_resized.jpg\" alt=\"\" class=\"wp-image-7604\" srcset=\"https:\/\/waldkindergarten-berglen.de\/wp-content\/uploads\/2022\/05\/20220519_111055_resized.jpg 800w, https:\/\/waldkindergarten-berglen.de\/wp-content\/uploads\/2022\/05\/20220519_111055_resized-300x146.jpg 300w, https:\/\/waldkindergarten-berglen.de\/wp-content\/uploads\/2022\/05\/20220519_111055_resized-768x373.jpg 768w, https:\/\/waldkindergarten-berglen.de\/wp-content\/uploads\/2022\/05\/20220519_111055_resized-400x195.jpg 400w\" sizes=\"auto, (max-width: 800px) 100vw, 800px\" \/><figcaption>Bei den Wichteln am Waldschl\u00f6ssle gab es Brennnesselchips. <\/figcaption><\/figure>\n\n\n\n<p>Querfeldein ging es weiter zum Sonnenplatz, wo unsere Zwerge warteten. Sie hatten viele Fragen an unseren B\u00fcrgermeister, welche er geduldig beantwortete. Als Dankesch\u00f6n f\u00fcr den sch\u00f6nen Vormittag \u00fcberreichten die Zwerge ein von unseren F\u00fcchsen geerntetes und zubereitetes Fichtenwipferlgelee an unsere beiden G\u00e4ste. Die Wipfel wurden achtsam gepfl\u00fcckt, denn sie sind wertvoll und dienen den B\u00e4umen zum Wachstum, weshalb man auch nicht zu viele an einer Stelle ernten sollte. Noch nicht genug mit Geschenken: auch unsere lieben G\u00e4ste \u00fcberreichten einen riesigen Obstkorb, der f\u00fcr gro\u00dfe Freude bei allen Anwesenden sorgte. &nbsp;<\/p>\n\n\n\n<figure class=\"wp-block-image size-large\"><img loading=\"lazy\" decoding=\"async\" width=\"1024\" height=\"498\" src=\"https:\/\/waldkindergarten-berglen.de\/wp-content\/uploads\/2022\/05\/BM-2-1024x498.jpg\" alt=\"\" class=\"wp-image-7603\" srcset=\"https:\/\/waldkindergarten-berglen.de\/wp-content\/uploads\/2022\/05\/BM-2-1024x498.jpg 1024w, https:\/\/waldkindergarten-berglen.de\/wp-content\/uploads\/2022\/05\/BM-2-300x146.jpg 300w, https:\/\/waldkindergarten-berglen.de\/wp-content\/uploads\/2022\/05\/BM-2-768x373.jpg 768w, https:\/\/waldkindergarten-berglen.de\/wp-content\/uploads\/2022\/05\/BM-2-1536x747.jpg 1536w, https:\/\/waldkindergarten-berglen.de\/wp-content\/uploads\/2022\/05\/BM-2-982x477.jpg 982w, https:\/\/waldkindergarten-berglen.de\/wp-content\/uploads\/2022\/05\/BM-2-400x194.jpg 400w, https:\/\/waldkindergarten-berglen.de\/wp-content\/uploads\/2022\/05\/BM-2.jpg 2016w\" sizes=\"auto, (max-width: 1024px) 100vw, 1024px\" \/><figcaption>\u00dcbergabe des Fichtenwipferlgelees der Zwerge an B\u00fcrgermeister Niederberger.<\/figcaption><\/figure>\n\n\n\n<p><em>Sehr geehrter Herr B\u00fcrgermeister Niederberger, liebe Frau Sigloch, ihr Besuch hat uns begeistert und wir bedanken uns herzlich. Wir freuen uns auf weiterhin gute Zusammenarbeit.<\/em><\/p>\n\n\n\n<p><strong><em>Wussten Sie schon?<\/em><\/strong><\/p>\n\n\n\n<p><em>Die Brennnessel ist die Heilpflanze des Jahres 2022. Jeder kennt sie, mancher f\u00fcrchtet sie, tr\u00e4gt sie ihren Namen nicht ohne Grund. Die Pflanze ist \u00fcbers\u00e4t von unz\u00e4hligen Brennhaaren &#8211; kleinen, zerbrechliche R\u00f6hren, gef\u00fcllt mit einem Sekret, das Schwellungen und Jucken ausl\u00f6st. Doch gewusst wie, l\u00e4sst sich die Brennnessel auch ohne Handschuhe ernten \u2013 fragen sie unsere Waldkinder. Sie l\u00e4sst sich f\u00fcr viele Zwecke in der K\u00fcche nutzen: Tee, Br\u00f6tchen, Spinat, Chips uvm. Sie schmeckt nicht nur, sondern ist \u00e4u\u00dferst gesund. Au\u00dferdem lassen sich aus der gro\u00dfen Brennnessel Fasern gewinnen. Als wichtige Futterpflanze f\u00fcr viele heimische Tiere, unter anderem viele Schmetterlingsraupen, w\u00e4re es sch\u00f6n, in jedem Garten eine \u201ewilde Ecke\u201c zu erlauben.<\/em><em><\/em><\/p>\n\n\n\n<p><em>Wer tiefer in das Thema eintauchen mag, dem sei \u201eDas Brennnesselbuch\u201c von Mechthilde Frintrup empfohlen. Die Autorin stammt hier aus der Region (Burgstall) und gewann mit ihrem Buch den deutschen Gartenbuchpreis 2021. <\/em><em><\/em><\/p>\n","protected":false},"excerpt":{"rendered":"<p>Die Woche begann mit einer sch\u00f6nen \u00dcberraschung f\u00fcr unseren Verein. Wir hatten uns im letzten Jahr f\u00fcr den vom Landratsamt Rems-Murr ausgerufenen Ideenwettbewerb \u201eKlimaschutz zum Mitmachen\u201c beworben und eine Einladung zur Preisverleihung erhalten. Eingereicht haben wir den neuen Teil unserer Konzeption \u201eWir machen uns auf den Weg zum plastikfreien Kindergarten\u201c, wie in unseren vergangenen Berichten&hellip; <a href=\"https:\/\/waldkindergarten-berglen.de\/?p=7600\" class=\"more-link\">Weiterlesen <span class=\"screen-reader-text\">Eine aufregende Woche im Wald<\/span><\/a><\/p>\n","protected":false},"author":6,"featured_media":0,"comment_status":"closed","ping_status":"closed","sticky":false,"template":"","format":"standard","meta":{"ngg_post_thumbnail":0,"_jetpack_memberships_contains_paid_content":false,"footnotes":""},"categories":[3],"tags":[],"class_list":["post-7600","post","type-post","status-publish","format-standard","hentry","category-berichte"],"jetpack_featured_media_url":"","jetpack_sharing_enabled":true,"_links":{"self":[{"href":"https:\/\/waldkindergarten-berglen.de\/index.php?rest_route=\/wp\/v2\/posts\/7600","targetHints":{"allow":["GET"]}}],"collection":[{"href":"https:\/\/waldkindergarten-berglen.de\/index.php?rest_route=\/wp\/v2\/posts"}],"about":[{"href":"https:\/\/waldkindergarten-berglen.de\/index.php?rest_route=\/wp\/v2\/types\/post"}],"author":[{"embeddable":true,"href":"https:\/\/waldkindergarten-berglen.de\/index.php?rest_route=\/wp\/v2\/users\/6"}],"replies":[{"embeddable":true,"href":"https:\/\/waldkindergarten-berglen.de\/index.php?rest_route=%2Fwp%2Fv2%2Fcomments&post=7600"}],"version-history":[{"count":3,"href":"https:\/\/waldkindergarten-berglen.de\/index.php?rest_route=\/wp\/v2\/posts\/7600\/revisions"}],"predecessor-version":[{"id":7607,"href":"https:\/\/waldkindergarten-berglen.de\/index.php?rest_route=\/wp\/v2\/posts\/7600\/revisions\/7607"}],"wp:attachment":[{"href":"https:\/\/waldkindergarten-berglen.de\/index.php?rest_route=%2Fwp%2Fv2%2Fmedia&parent=7600"}],"wp:term":[{"taxonomy":"category","embeddable":true,"href":"https:\/\/waldkindergarten-berglen.de\/index.php?rest_route=%2Fwp%2Fv2%2Fcategories&post=7600"},{"taxonomy":"post_tag","embeddable":true,"href":"https:\/\/waldkindergarten-berglen.de\/index.php?rest_route=%2Fwp%2Fv2%2Ftags&post=7600"}],"curies":[{"name":"wp","href":"https:\/\/api.w.org\/{rel}","templated":true}]}}