{"id":7628,"date":"2022-06-12T14:38:00","date_gmt":"2022-06-12T12:38:00","guid":{"rendered":"https:\/\/waldkindergarten-berglen.de\/?p=7628"},"modified":"2022-06-19T22:36:15","modified_gmt":"2022-06-19T20:36:15","slug":"neues-aus-der-waldspielgruppe-kw-20","status":"publish","type":"post","link":"https:\/\/waldkindergarten-berglen.de\/?p=7628","title":{"rendered":"Neues aus der Waldspielgruppe KW 20"},"content":{"rendered":"\n<p>Bei strahlendem Sonnenschein trafen wir uns dies Woche direkt bei der Dicken Berta zum Morgenkreis. Nach der Begr\u00fc\u00dfung durch den Igel Benjamin h\u00f6rten wir eine kurze Klanggeschichte von einem kleinen Marienk\u00e4fer, der von einer Honigbiene und einem gro\u00dfen Maik\u00e4fer beim Mittagsschlaf gest\u00f6rt wurde.<\/p>\n\n\n\n<p>Im k\u00fchlen Schatten der B\u00e4ume marschierten wir anschlie\u00dfend los zu unserem Vesperplatz. Das war diesmal der Wurzelplatz. Nach dem steilen Aufstieg hinauf tat die St\u00e4rkung mit dem mitgebrachten Vesper so richtig gut. Anschlie\u00dfend durfte jedes Kind mit Wasserfarben einen Stein als Marienk\u00e4fer, Honigbiene oder Maik\u00e4fer bemalen. <\/p>\n\n\n<div class=\"wp-block-image\">\n<figure class=\"aligncenter size-large is-resized\"><img loading=\"lazy\" decoding=\"async\" src=\"https:\/\/waldkindergarten-berglen.de\/wp-content\/uploads\/2022\/06\/Malen-1024x768.jpeg\" alt=\"\" class=\"wp-image-7629\" width=\"512\" height=\"384\" srcset=\"https:\/\/waldkindergarten-berglen.de\/wp-content\/uploads\/2022\/06\/Malen-1024x768.jpeg 1024w, https:\/\/waldkindergarten-berglen.de\/wp-content\/uploads\/2022\/06\/Malen-300x225.jpeg 300w, https:\/\/waldkindergarten-berglen.de\/wp-content\/uploads\/2022\/06\/Malen-768x576.jpeg 768w, https:\/\/waldkindergarten-berglen.de\/wp-content\/uploads\/2022\/06\/Malen-1536x1152.jpeg 1536w, https:\/\/waldkindergarten-berglen.de\/wp-content\/uploads\/2022\/06\/Malen-982x737.jpeg 982w, https:\/\/waldkindergarten-berglen.de\/wp-content\/uploads\/2022\/06\/Malen-400x300.jpeg 400w, https:\/\/waldkindergarten-berglen.de\/wp-content\/uploads\/2022\/06\/Malen.jpeg 2048w\" sizes=\"auto, (max-width: 512px) 100vw, 512px\" \/><figcaption>Beim Malen<\/figcaption><\/figure>\n<\/div>\n\n\n<p>Der Kreativit\u00e4t waren hierbei keine Grenzen gesetzt und schnell fanden die Kinder heraus, dass man auch andere Dinge aus dem Wald bunt bemalen kann. <\/p>\n\n\n<div class=\"wp-block-image\">\n<figure class=\"aligncenter size-large is-resized\"><img loading=\"lazy\" decoding=\"async\" src=\"https:\/\/waldkindergarten-berglen.de\/wp-content\/uploads\/2022\/06\/Bemalte-Kunstwerke-768x1024.jpeg\" alt=\"\" class=\"wp-image-7630\" width=\"384\" height=\"512\" srcset=\"https:\/\/waldkindergarten-berglen.de\/wp-content\/uploads\/2022\/06\/Bemalte-Kunstwerke-768x1024.jpeg 768w, https:\/\/waldkindergarten-berglen.de\/wp-content\/uploads\/2022\/06\/Bemalte-Kunstwerke-225x300.jpeg 225w, https:\/\/waldkindergarten-berglen.de\/wp-content\/uploads\/2022\/06\/Bemalte-Kunstwerke-1152x1536.jpeg 1152w, https:\/\/waldkindergarten-berglen.de\/wp-content\/uploads\/2022\/06\/Bemalte-Kunstwerke-1536x2048.jpeg 1536w, https:\/\/waldkindergarten-berglen.de\/wp-content\/uploads\/2022\/06\/Bemalte-Kunstwerke-982x1309.jpeg 982w, https:\/\/waldkindergarten-berglen.de\/wp-content\/uploads\/2022\/06\/Bemalte-Kunstwerke-300x400.jpeg 300w, https:\/\/waldkindergarten-berglen.de\/wp-content\/uploads\/2022\/06\/Bemalte-Kunstwerke-scaled.jpeg 1920w\" sizes=\"auto, (max-width: 384px) 100vw, 384px\" \/><figcaption>Bemalte Kunstwerke<\/figcaption><\/figure>\n<\/div>\n\n\n<p>Am Ende hatten wir eine gro\u00dfe Sammlung an bunt bemalten Steinen, St\u00f6cken und Rinde in unserer Mitte liegen und so manches St\u00fcck wurde stolz mit nach Hause getragen. Bis zum n\u00e4chsten Mal&#8230;!<\/p>\n","protected":false},"excerpt":{"rendered":"<p>Bei strahlendem Sonnenschein trafen wir uns dies Woche direkt bei der Dicken Berta zum Morgenkreis. Nach der Begr\u00fc\u00dfung durch den Igel Benjamin h\u00f6rten wir eine kurze Klanggeschichte von einem kleinen Marienk\u00e4fer, der von einer Honigbiene und einem gro\u00dfen Maik\u00e4fer beim Mittagsschlaf gest\u00f6rt wurde. Im k\u00fchlen Schatten der B\u00e4ume marschierten wir anschlie\u00dfend los zu unserem Vesperplatz.&hellip; <a href=\"https:\/\/waldkindergarten-berglen.de\/?p=7628\" class=\"more-link\">Weiterlesen <span class=\"screen-reader-text\">Neues aus der Waldspielgruppe KW 20<\/span><\/a><\/p>\n","protected":false},"author":9,"featured_media":0,"comment_status":"closed","ping_status":"closed","sticky":false,"template":"","format":"standard","meta":{"ngg_post_thumbnail":0,"_jetpack_memberships_contains_paid_content":false,"footnotes":""},"categories":[10,8],"tags":[],"class_list":["post-7628","post","type-post","status-publish","format-standard","hentry","category-waldspielgruppenberichte-aktuell","category-waldspielgruppe"],"jetpack_featured_media_url":"","jetpack_sharing_enabled":true,"_links":{"self":[{"href":"https:\/\/waldkindergarten-berglen.de\/index.php?rest_route=\/wp\/v2\/posts\/7628","targetHints":{"allow":["GET"]}}],"collection":[{"href":"https:\/\/waldkindergarten-berglen.de\/index.php?rest_route=\/wp\/v2\/posts"}],"about":[{"href":"https:\/\/waldkindergarten-berglen.de\/index.php?rest_route=\/wp\/v2\/types\/post"}],"author":[{"embeddable":true,"href":"https:\/\/waldkindergarten-berglen.de\/index.php?rest_route=\/wp\/v2\/users\/9"}],"replies":[{"embeddable":true,"href":"https:\/\/waldkindergarten-berglen.de\/index.php?rest_route=%2Fwp%2Fv2%2Fcomments&post=7628"}],"version-history":[{"count":1,"href":"https:\/\/waldkindergarten-berglen.de\/index.php?rest_route=\/wp\/v2\/posts\/7628\/revisions"}],"predecessor-version":[{"id":7631,"href":"https:\/\/waldkindergarten-berglen.de\/index.php?rest_route=\/wp\/v2\/posts\/7628\/revisions\/7631"}],"wp:attachment":[{"href":"https:\/\/waldkindergarten-berglen.de\/index.php?rest_route=%2Fwp%2Fv2%2Fmedia&parent=7628"}],"wp:term":[{"taxonomy":"category","embeddable":true,"href":"https:\/\/waldkindergarten-berglen.de\/index.php?rest_route=%2Fwp%2Fv2%2Fcategories&post=7628"},{"taxonomy":"post_tag","embeddable":true,"href":"https:\/\/waldkindergarten-berglen.de\/index.php?rest_route=%2Fwp%2Fv2%2Ftags&post=7628"}],"curies":[{"name":"wp","href":"https:\/\/api.w.org\/{rel}","templated":true}]}}