{"id":7635,"date":"2022-06-12T14:47:00","date_gmt":"2022-06-12T12:47:00","guid":{"rendered":"https:\/\/waldkindergarten-berglen.de\/?p=7635"},"modified":"2022-06-19T22:35:57","modified_gmt":"2022-06-19T20:35:57","slug":"neues-aus-der-waldspielgruppe-kw-22","status":"publish","type":"post","link":"https:\/\/waldkindergarten-berglen.de\/?p=7635","title":{"rendered":"Neues aus der Waldspielgruppe KW 22"},"content":{"rendered":"\n<p>\u201eDer Regen f\u00e4llt in Laub und Gras, da werden heut auch die Kinder nass\u2026\u201c<\/p>\n\n\n\n<p>Ganz passend zu unserem heutigen Lied wurden wir gleich zu Beginn von Regen und Wind \u00fcberrascht und sind deswegen in die Sturmh\u00f6hle des Waldkindergartens gefl\u00fcchtet.<\/p>\n\n\n\n<p>Dort angekommen begr\u00fc\u00dfte uns der kleine Igel Benjamin und anschlie\u00dfend h\u00f6rten wir eine kurze Fingergeschichte vom kleinen Regenwurm Karl Theodor.<\/p>\n\n\n\n<p>Da hat es auch schon wieder aufgeh\u00f6rt zu regnen und wir konnten wieder nach drau\u00dfen.<\/p>\n\n\n\n<p>Auf gings Richtung Kletterberg, der durch den Regen besonders matschig war und anschlie\u00dfend Richtung Morgenkreis-Platz der Wichtel Gruppe. Auf dem Weg hielten wir unsere Augen offen und schauten nach gro\u00dfen Regenw\u00fcrmern, doch au\u00dfer zwei kleinen Schnecken konnten wir leider keine Tierchen finden. <\/p>\n\n\n<div class=\"wp-block-image\">\n<figure class=\"aligncenter size-large is-resized\"><img loading=\"lazy\" decoding=\"async\" src=\"https:\/\/waldkindergarten-berglen.de\/wp-content\/uploads\/2022\/06\/Basteln-in-der-Sturmhoehle-768x1024.jpeg\" alt=\"\" class=\"wp-image-7637\" width=\"576\" height=\"768\" srcset=\"https:\/\/waldkindergarten-berglen.de\/wp-content\/uploads\/2022\/06\/Basteln-in-der-Sturmhoehle-768x1024.jpeg 768w, https:\/\/waldkindergarten-berglen.de\/wp-content\/uploads\/2022\/06\/Basteln-in-der-Sturmhoehle-225x300.jpeg 225w, https:\/\/waldkindergarten-berglen.de\/wp-content\/uploads\/2022\/06\/Basteln-in-der-Sturmhoehle-1152x1536.jpeg 1152w, https:\/\/waldkindergarten-berglen.de\/wp-content\/uploads\/2022\/06\/Basteln-in-der-Sturmhoehle-1536x2048.jpeg 1536w, https:\/\/waldkindergarten-berglen.de\/wp-content\/uploads\/2022\/06\/Basteln-in-der-Sturmhoehle-982x1309.jpeg 982w, https:\/\/waldkindergarten-berglen.de\/wp-content\/uploads\/2022\/06\/Basteln-in-der-Sturmhoehle-300x400.jpeg 300w, https:\/\/waldkindergarten-berglen.de\/wp-content\/uploads\/2022\/06\/Basteln-in-der-Sturmhoehle-scaled.jpeg 1920w\" sizes=\"auto, (max-width: 576px) 100vw, 576px\" \/><figcaption>Basteln in der Sturmh\u00f6hle<\/figcaption><\/figure>\n<\/div>\n\n\n<p>Zur\u00fcck in der Sturmh\u00f6hle gab`s erstmal Vesper und danach durfte jeder einen \u201eRegenmacher\u201c basteln. <\/p>\n\n\n\n<figure class=\"wp-block-image size-large\"><img loading=\"lazy\" decoding=\"async\" width=\"1024\" height=\"768\" src=\"https:\/\/waldkindergarten-berglen.de\/wp-content\/uploads\/2022\/06\/Gruppenbild-mit-Regenmachern-1024x768.jpeg\" alt=\"\" class=\"wp-image-7636\" srcset=\"https:\/\/waldkindergarten-berglen.de\/wp-content\/uploads\/2022\/06\/Gruppenbild-mit-Regenmachern-1024x768.jpeg 1024w, https:\/\/waldkindergarten-berglen.de\/wp-content\/uploads\/2022\/06\/Gruppenbild-mit-Regenmachern-300x225.jpeg 300w, https:\/\/waldkindergarten-berglen.de\/wp-content\/uploads\/2022\/06\/Gruppenbild-mit-Regenmachern-768x576.jpeg 768w, https:\/\/waldkindergarten-berglen.de\/wp-content\/uploads\/2022\/06\/Gruppenbild-mit-Regenmachern-1536x1152.jpeg 1536w, https:\/\/waldkindergarten-berglen.de\/wp-content\/uploads\/2022\/06\/Gruppenbild-mit-Regenmachern-2048x1536.jpeg 2048w, https:\/\/waldkindergarten-berglen.de\/wp-content\/uploads\/2022\/06\/Gruppenbild-mit-Regenmachern-982x737.jpeg 982w, https:\/\/waldkindergarten-berglen.de\/wp-content\/uploads\/2022\/06\/Gruppenbild-mit-Regenmachern-400x300.jpeg 400w\" sizes=\"auto, (max-width: 1024px) 100vw, 1024px\" \/><figcaption>Stolz pr\u00e4sentieren alle ihre Regenmacher.<\/figcaption><\/figure>\n\n\n\n<p>Schnell waren die zwei Stunden wieder vorbei und wir verabschiedeten uns bis zum n\u00e4chsten Mal.<\/p>\n","protected":false},"excerpt":{"rendered":"<p>\u201eDer Regen f\u00e4llt in Laub und Gras, da werden heut auch die Kinder nass\u2026\u201c Ganz passend zu unserem heutigen Lied wurden wir gleich zu Beginn von Regen und Wind \u00fcberrascht und sind deswegen in die Sturmh\u00f6hle des Waldkindergartens gefl\u00fcchtet. Dort angekommen begr\u00fc\u00dfte uns der kleine Igel Benjamin und anschlie\u00dfend h\u00f6rten wir eine kurze Fingergeschichte vom&hellip; <a href=\"https:\/\/waldkindergarten-berglen.de\/?p=7635\" class=\"more-link\">Weiterlesen <span class=\"screen-reader-text\">Neues aus der Waldspielgruppe KW 22<\/span><\/a><\/p>\n","protected":false},"author":9,"featured_media":0,"comment_status":"closed","ping_status":"closed","sticky":false,"template":"","format":"standard","meta":{"ngg_post_thumbnail":0,"_jetpack_memberships_contains_paid_content":false,"footnotes":""},"categories":[10,8],"tags":[],"class_list":["post-7635","post","type-post","status-publish","format-standard","hentry","category-waldspielgruppenberichte-aktuell","category-waldspielgruppe"],"jetpack_featured_media_url":"","jetpack_sharing_enabled":true,"_links":{"self":[{"href":"https:\/\/waldkindergarten-berglen.de\/index.php?rest_route=\/wp\/v2\/posts\/7635","targetHints":{"allow":["GET"]}}],"collection":[{"href":"https:\/\/waldkindergarten-berglen.de\/index.php?rest_route=\/wp\/v2\/posts"}],"about":[{"href":"https:\/\/waldkindergarten-berglen.de\/index.php?rest_route=\/wp\/v2\/types\/post"}],"author":[{"embeddable":true,"href":"https:\/\/waldkindergarten-berglen.de\/index.php?rest_route=\/wp\/v2\/users\/9"}],"replies":[{"embeddable":true,"href":"https:\/\/waldkindergarten-berglen.de\/index.php?rest_route=%2Fwp%2Fv2%2Fcomments&post=7635"}],"version-history":[{"count":1,"href":"https:\/\/waldkindergarten-berglen.de\/index.php?rest_route=\/wp\/v2\/posts\/7635\/revisions"}],"predecessor-version":[{"id":7638,"href":"https:\/\/waldkindergarten-berglen.de\/index.php?rest_route=\/wp\/v2\/posts\/7635\/revisions\/7638"}],"wp:attachment":[{"href":"https:\/\/waldkindergarten-berglen.de\/index.php?rest_route=%2Fwp%2Fv2%2Fmedia&parent=7635"}],"wp:term":[{"taxonomy":"category","embeddable":true,"href":"https:\/\/waldkindergarten-berglen.de\/index.php?rest_route=%2Fwp%2Fv2%2Fcategories&post=7635"},{"taxonomy":"post_tag","embeddable":true,"href":"https:\/\/waldkindergarten-berglen.de\/index.php?rest_route=%2Fwp%2Fv2%2Ftags&post=7635"}],"curies":[{"name":"wp","href":"https:\/\/api.w.org\/{rel}","templated":true}]}}