{"id":7675,"date":"2022-07-04T08:05:00","date_gmt":"2022-07-04T06:05:00","guid":{"rendered":"https:\/\/waldkindergarten-berglen.de\/?p=7675"},"modified":"2022-07-03T07:12:23","modified_gmt":"2022-07-03T05:12:23","slug":"neues-aus-der-waldspielgruppe-kw-27-3","status":"publish","type":"post","link":"https:\/\/waldkindergarten-berglen.de\/?p=7675","title":{"rendered":"Neues aus der Waldspielgruppe KW 27"},"content":{"rendered":"\n<p>Heute h\u00f6rten wir die bekannte Kindergeschichte der kleinen Raupe Nimmersatt. Uns allen war die Geschichte nicht neu und trotzdem lauschten wir gespannt bis zu dem Teil an dem die Raupe sich im Kokon verpuppt.<\/p>\n\n\n\n<p><\/p>\n\n\n\n<figure class=\"wp-block-image size-large is-resized\"><img loading=\"lazy\" decoding=\"async\" src=\"https:\/\/waldkindergarten-berglen.de\/wp-content\/uploads\/2022\/07\/Die-Geschichte-von-der-Raupe-Nimmersatt-768x1024.jpeg\" alt=\"\" class=\"wp-image-7676\" width=\"384\" height=\"512\" srcset=\"https:\/\/waldkindergarten-berglen.de\/wp-content\/uploads\/2022\/07\/Die-Geschichte-von-der-Raupe-Nimmersatt-768x1024.jpeg 768w, https:\/\/waldkindergarten-berglen.de\/wp-content\/uploads\/2022\/07\/Die-Geschichte-von-der-Raupe-Nimmersatt-225x300.jpeg 225w, https:\/\/waldkindergarten-berglen.de\/wp-content\/uploads\/2022\/07\/Die-Geschichte-von-der-Raupe-Nimmersatt-1152x1536.jpeg 1152w, https:\/\/waldkindergarten-berglen.de\/wp-content\/uploads\/2022\/07\/Die-Geschichte-von-der-Raupe-Nimmersatt-982x1309.jpeg 982w, https:\/\/waldkindergarten-berglen.de\/wp-content\/uploads\/2022\/07\/Die-Geschichte-von-der-Raupe-Nimmersatt-300x400.jpeg 300w, https:\/\/waldkindergarten-berglen.de\/wp-content\/uploads\/2022\/07\/Die-Geschichte-von-der-Raupe-Nimmersatt.jpeg 1536w\" sizes=\"auto, (max-width: 384px) 100vw, 384px\" \/><\/figure>\n\n\n\n<p>Jeder durfte anschlie\u00dfend eine eigene kleine Raupe basteln und sie mit einem sch\u00f6nen saftigen Blatt f\u00fcttern.<\/p>\n\n\n\n<figure class=\"wp-block-image size-large is-resized\"><img loading=\"lazy\" decoding=\"async\" src=\"https:\/\/waldkindergarten-berglen.de\/wp-content\/uploads\/2022\/07\/Raupen-711x1024.jpeg\" alt=\"\" class=\"wp-image-7677\" width=\"356\" height=\"512\" srcset=\"https:\/\/waldkindergarten-berglen.de\/wp-content\/uploads\/2022\/07\/Raupen-711x1024.jpeg 711w, https:\/\/waldkindergarten-berglen.de\/wp-content\/uploads\/2022\/07\/Raupen-208x300.jpeg 208w, https:\/\/waldkindergarten-berglen.de\/wp-content\/uploads\/2022\/07\/Raupen-768x1106.jpeg 768w, https:\/\/waldkindergarten-berglen.de\/wp-content\/uploads\/2022\/07\/Raupen-982x1414.jpeg 982w, https:\/\/waldkindergarten-berglen.de\/wp-content\/uploads\/2022\/07\/Raupen-278x400.jpeg 278w, https:\/\/waldkindergarten-berglen.de\/wp-content\/uploads\/2022\/07\/Raupen.jpeg 1067w\" sizes=\"auto, (max-width: 356px) 100vw, 356px\" \/><\/figure>\n\n\n\n<p>\u201eDie Raupe, Raupe Nimmersatt<\/p>\n\n\n\n<p>die immer, immer Hunger hat<\/p>\n\n\n\n<p>und wenn sie was zu Essen sieht<\/p>\n\n\n\n<p>dann sagt sie guten Appetit.\u201c<\/p>\n\n\n\n<p>Das w\u00fcnschten uns die vielen kleinen Raupen und wir genossen gemeinsam unser Vesper. Danach ging es auf einem kleinen Umweg zur Sturmh\u00f6hle des Waldkindergartens.<\/p>\n\n\n\n<p>Dort angekommen h\u00f6rten wir das Ende der Geschichte, wie sich die Raupe Nimmersatt zu einem Schmetterling verwandelte. Damit auch unsere selbst gebastelten Raupen zu wundersch\u00f6nen Schmetterlingen werden, konnte jeder von uns noch die Fl\u00fcgel bemalen.<\/p>\n","protected":false},"excerpt":{"rendered":"<p>Heute h\u00f6rten wir die bekannte Kindergeschichte der kleinen Raupe Nimmersatt. Uns allen war die Geschichte nicht neu und trotzdem lauschten wir gespannt bis zu dem Teil an dem die Raupe sich im Kokon verpuppt. Jeder durfte anschlie\u00dfend eine eigene kleine Raupe basteln und sie mit einem sch\u00f6nen saftigen Blatt f\u00fcttern. \u201eDie Raupe, Raupe Nimmersatt die&hellip; <a href=\"https:\/\/waldkindergarten-berglen.de\/?p=7675\" class=\"more-link\">Weiterlesen <span class=\"screen-reader-text\">Neues aus der Waldspielgruppe KW 27<\/span><\/a><\/p>\n","protected":false},"author":9,"featured_media":0,"comment_status":"closed","ping_status":"closed","sticky":false,"template":"","format":"standard","meta":{"ngg_post_thumbnail":0,"_jetpack_memberships_contains_paid_content":false,"footnotes":""},"categories":[10],"tags":[],"class_list":["post-7675","post","type-post","status-publish","format-standard","hentry","category-waldspielgruppenberichte-aktuell"],"jetpack_featured_media_url":"","jetpack_sharing_enabled":true,"_links":{"self":[{"href":"https:\/\/waldkindergarten-berglen.de\/index.php?rest_route=\/wp\/v2\/posts\/7675","targetHints":{"allow":["GET"]}}],"collection":[{"href":"https:\/\/waldkindergarten-berglen.de\/index.php?rest_route=\/wp\/v2\/posts"}],"about":[{"href":"https:\/\/waldkindergarten-berglen.de\/index.php?rest_route=\/wp\/v2\/types\/post"}],"author":[{"embeddable":true,"href":"https:\/\/waldkindergarten-berglen.de\/index.php?rest_route=\/wp\/v2\/users\/9"}],"replies":[{"embeddable":true,"href":"https:\/\/waldkindergarten-berglen.de\/index.php?rest_route=%2Fwp%2Fv2%2Fcomments&post=7675"}],"version-history":[{"count":1,"href":"https:\/\/waldkindergarten-berglen.de\/index.php?rest_route=\/wp\/v2\/posts\/7675\/revisions"}],"predecessor-version":[{"id":7678,"href":"https:\/\/waldkindergarten-berglen.de\/index.php?rest_route=\/wp\/v2\/posts\/7675\/revisions\/7678"}],"wp:attachment":[{"href":"https:\/\/waldkindergarten-berglen.de\/index.php?rest_route=%2Fwp%2Fv2%2Fmedia&parent=7675"}],"wp:term":[{"taxonomy":"category","embeddable":true,"href":"https:\/\/waldkindergarten-berglen.de\/index.php?rest_route=%2Fwp%2Fv2%2Fcategories&post=7675"},{"taxonomy":"post_tag","embeddable":true,"href":"https:\/\/waldkindergarten-berglen.de\/index.php?rest_route=%2Fwp%2Fv2%2Ftags&post=7675"}],"curies":[{"name":"wp","href":"https:\/\/api.w.org\/{rel}","templated":true}]}}