{"id":7695,"date":"2022-07-11T08:05:00","date_gmt":"2022-07-11T06:05:00","guid":{"rendered":"https:\/\/waldkindergarten-berglen.de\/?p=7695"},"modified":"2022-07-10T22:54:15","modified_gmt":"2022-07-10T20:54:15","slug":"neues-aus-der-waldspielgruppe-58","status":"publish","type":"post","link":"https:\/\/waldkindergarten-berglen.de\/?p=7695","title":{"rendered":"Neues aus der Waldspielgruppe"},"content":{"rendered":"\n<p>Mit einem Fingerspiel zum Thema Farben starteten wir bei strahlendem Sonnenschein den Morgenkreis an der Dicken Berta. Jedes Kind durfte sich \u00fcberlegen was seine Lieblingsfarbe ist und welche Farben es sonst noch kennt.<\/p>\n\n\n\n<p>Anschlie\u00dfend machten wir uns auf den Weg um im Wald und auf den Wiesen Dinge zu suchen die gr\u00fcn, blau, rot oder gelb sind. Besonders rot zu finden war zu dieser Jahreszeit eine echte Herausforderung, aber auch die wurde gemeistert.<\/p>\n\n\n\n<p>Die gesammelten Sch\u00e4tze wurden anschlie\u00dfend gemeinsam auf einem Farbkreis in das farblich passende Viertel verteilt.<\/p>\n\n\n<div class=\"wp-block-image\">\n<figure class=\"aligncenter size-large is-resized\"><img loading=\"lazy\" decoding=\"async\" src=\"https:\/\/waldkindergarten-berglen.de\/wp-content\/uploads\/2022\/07\/Farbkreis-768x1024.jpeg\" alt=\"\" class=\"wp-image-7696\" width=\"576\" height=\"768\" srcset=\"https:\/\/waldkindergarten-berglen.de\/wp-content\/uploads\/2022\/07\/Farbkreis-768x1024.jpeg 768w, https:\/\/waldkindergarten-berglen.de\/wp-content\/uploads\/2022\/07\/Farbkreis-225x300.jpeg 225w, https:\/\/waldkindergarten-berglen.de\/wp-content\/uploads\/2022\/07\/Farbkreis-1152x1536.jpeg 1152w, https:\/\/waldkindergarten-berglen.de\/wp-content\/uploads\/2022\/07\/Farbkreis-982x1309.jpeg 982w, https:\/\/waldkindergarten-berglen.de\/wp-content\/uploads\/2022\/07\/Farbkreis-300x400.jpeg 300w, https:\/\/waldkindergarten-berglen.de\/wp-content\/uploads\/2022\/07\/Farbkreis.jpeg 1536w\" sizes=\"auto, (max-width: 576px) 100vw, 576px\" \/><\/figure>\n<\/div>\n\n\n<p>Richtig toll, wie viele verschiedenen Dinge in gr\u00fcn, blau, rot und gelb wir gefunden haben.<\/p>\n\n\n<div class=\"wp-block-image\">\n<figure class=\"aligncenter size-large is-resized\"><img loading=\"lazy\" decoding=\"async\" src=\"https:\/\/waldkindergarten-berglen.de\/wp-content\/uploads\/2022\/07\/Farbkreis-2-768x1024.jpeg\" alt=\"\" class=\"wp-image-7697\" width=\"576\" height=\"768\" srcset=\"https:\/\/waldkindergarten-berglen.de\/wp-content\/uploads\/2022\/07\/Farbkreis-2-768x1024.jpeg 768w, https:\/\/waldkindergarten-berglen.de\/wp-content\/uploads\/2022\/07\/Farbkreis-2-225x300.jpeg 225w, https:\/\/waldkindergarten-berglen.de\/wp-content\/uploads\/2022\/07\/Farbkreis-2-1152x1536.jpeg 1152w, https:\/\/waldkindergarten-berglen.de\/wp-content\/uploads\/2022\/07\/Farbkreis-2-982x1309.jpeg 982w, https:\/\/waldkindergarten-berglen.de\/wp-content\/uploads\/2022\/07\/Farbkreis-2-300x400.jpeg 300w, https:\/\/waldkindergarten-berglen.de\/wp-content\/uploads\/2022\/07\/Farbkreis-2.jpeg 1500w\" sizes=\"auto, (max-width: 576px) 100vw, 576px\" \/><\/figure>\n<\/div>\n\n\n<p>Nach dem Vesper h\u00f6rten wir noch die Geschichte vom Vier-Farben-Land. Als die Kinder aus der Geschichte zum Schluss alle wieder bunt und nicht langweilig einfarbig waren und wir gemeinsam festgestellt haben, dass bunt wirklich viel sch\u00f6ner ist als einfarbig, durften wir alle im Wald noch eine Bunte-\u00dcberraschung in Form eines kleinen P\u00e4ckchen Smarties suchen.<\/p>\n\n\n\n<p>Wer Lust hatte durfte damit noch ein Experiment machen und konnte mit Wasser und Smarties ein herrlich buntes Muster auf seinen Teller zaubern. Danach wurden die Smarties nat\u00fcrlich schnell verputzt.<\/p>\n","protected":false},"excerpt":{"rendered":"<p>Mit einem Fingerspiel zum Thema Farben starteten wir bei strahlendem Sonnenschein den Morgenkreis an der Dicken Berta. Jedes Kind durfte sich \u00fcberlegen was seine Lieblingsfarbe ist und welche Farben es sonst noch kennt. Anschlie\u00dfend machten wir uns auf den Weg um im Wald und auf den Wiesen Dinge zu suchen die gr\u00fcn, blau, rot oder&hellip; <a href=\"https:\/\/waldkindergarten-berglen.de\/?p=7695\" class=\"more-link\">Weiterlesen <span class=\"screen-reader-text\">Neues aus der Waldspielgruppe<\/span><\/a><\/p>\n","protected":false},"author":9,"featured_media":0,"comment_status":"closed","ping_status":"closed","sticky":false,"template":"","format":"standard","meta":{"ngg_post_thumbnail":0,"_jetpack_memberships_contains_paid_content":false,"footnotes":""},"categories":[10],"tags":[],"class_list":["post-7695","post","type-post","status-publish","format-standard","hentry","category-waldspielgruppenberichte-aktuell"],"jetpack_featured_media_url":"","jetpack_sharing_enabled":true,"_links":{"self":[{"href":"https:\/\/waldkindergarten-berglen.de\/index.php?rest_route=\/wp\/v2\/posts\/7695","targetHints":{"allow":["GET"]}}],"collection":[{"href":"https:\/\/waldkindergarten-berglen.de\/index.php?rest_route=\/wp\/v2\/posts"}],"about":[{"href":"https:\/\/waldkindergarten-berglen.de\/index.php?rest_route=\/wp\/v2\/types\/post"}],"author":[{"embeddable":true,"href":"https:\/\/waldkindergarten-berglen.de\/index.php?rest_route=\/wp\/v2\/users\/9"}],"replies":[{"embeddable":true,"href":"https:\/\/waldkindergarten-berglen.de\/index.php?rest_route=%2Fwp%2Fv2%2Fcomments&post=7695"}],"version-history":[{"count":1,"href":"https:\/\/waldkindergarten-berglen.de\/index.php?rest_route=\/wp\/v2\/posts\/7695\/revisions"}],"predecessor-version":[{"id":7698,"href":"https:\/\/waldkindergarten-berglen.de\/index.php?rest_route=\/wp\/v2\/posts\/7695\/revisions\/7698"}],"wp:attachment":[{"href":"https:\/\/waldkindergarten-berglen.de\/index.php?rest_route=%2Fwp%2Fv2%2Fmedia&parent=7695"}],"wp:term":[{"taxonomy":"category","embeddable":true,"href":"https:\/\/waldkindergarten-berglen.de\/index.php?rest_route=%2Fwp%2Fv2%2Fcategories&post=7695"},{"taxonomy":"post_tag","embeddable":true,"href":"https:\/\/waldkindergarten-berglen.de\/index.php?rest_route=%2Fwp%2Fv2%2Ftags&post=7695"}],"curies":[{"name":"wp","href":"https:\/\/api.w.org\/{rel}","templated":true}]}}