{"id":7701,"date":"2022-07-18T08:05:00","date_gmt":"2022-07-18T06:05:00","guid":{"rendered":"https:\/\/waldkindergarten-berglen.de\/?p=7701"},"modified":"2022-07-17T20:41:51","modified_gmt":"2022-07-17T18:41:51","slug":"alles-bloss-keine-langeweile-im-wald","status":"publish","type":"post","link":"https:\/\/waldkindergarten-berglen.de\/?p=7701","title":{"rendered":"Alles, blo\u00df keine Langeweile im Wald&#8230;"},"content":{"rendered":"\n<p>Das Kindergartenjahr neigt sich dem Ende zu, trotzdem oder gerade deshalb gibt es in diesen Tagen eine besondere Aktion nach der anderen im Wald. Nicht nur f\u00fcr die Zwerge und Wichtel, sondern auch f\u00fcr ihre Eltern. Diese durften n\u00e4mlich an zwei Tagen Sitzkissen f\u00fcr ihre Kinder filzen. Die Erzieherinnen hatten auf dem St\u00fcckle alles wunderbar vorbereitet und so entstanden an diesen Tagen wundersch\u00f6ne Unikate, mit Liebe und Herzblut gemacht. Da gab es Schnecken, Blumen, Schmetterlinge, Einh\u00f6rner, Traktoren&#8230;- nicht wenige davon waren direkt &#8222;Auftragswerke&#8220; der Kinder. So sch\u00f6n, kreativ und phantasievoll kann der Weg ins &#8222;plastikfrei&#8220; aussehen.<\/p>\n\n\n\n<p>Das herrliche und best\u00e4ndige Sommerwetter erm\u00f6glichte auch wieder einen Tag am Bach. Ausger\u00fcstet mit Eimern, Keschern und Sieben ging es auf zur neuen Stelle am B\u00e4chle bei \u00d6dernhardt. Dank der herrlichen K\u00fchle des W\u00e4ldchens und mit den F\u00fc\u00dfen im Bach lie\u00df es sich auch bei den hei\u00dfen Temperaturen gut aushalten.<\/p>\n\n\n<div class=\"wp-block-image\">\n<figure class=\"aligncenter size-large is-resized\"><img loading=\"lazy\" decoding=\"async\" src=\"https:\/\/waldkindergarten-berglen.de\/wp-content\/uploads\/2022\/07\/Bachtag-1024x768.jpg\" alt=\"\" class=\"wp-image-7702\" width=\"768\" height=\"576\" srcset=\"https:\/\/waldkindergarten-berglen.de\/wp-content\/uploads\/2022\/07\/Bachtag-1024x768.jpg 1024w, https:\/\/waldkindergarten-berglen.de\/wp-content\/uploads\/2022\/07\/Bachtag-300x225.jpg 300w, https:\/\/waldkindergarten-berglen.de\/wp-content\/uploads\/2022\/07\/Bachtag-768x576.jpg 768w, https:\/\/waldkindergarten-berglen.de\/wp-content\/uploads\/2022\/07\/Bachtag-1536x1152.jpg 1536w, https:\/\/waldkindergarten-berglen.de\/wp-content\/uploads\/2022\/07\/Bachtag-982x737.jpg 982w, https:\/\/waldkindergarten-berglen.de\/wp-content\/uploads\/2022\/07\/Bachtag-400x300.jpg 400w, https:\/\/waldkindergarten-berglen.de\/wp-content\/uploads\/2022\/07\/Bachtag.jpg 2048w\" sizes=\"auto, (max-width: 768px) 100vw, 768px\" \/><\/figure>\n<\/div>\n\n\n<p>Doch das gr\u00f6\u00dfte Highlight der Woche war zweifellos die Fuchs\u00fcbernachtung. Traditionell d\u00fcrfen n\u00e4mlich die Vorsch\u00fcler zum Ende ihrer Kindergartenzeit eine Nacht im Wald verbringen, nat\u00fcrlich nicht alleine, sondern begleitet von ihren Erzieherinnen. Wie schon im letzten Jahr wurde auf dem St\u00fcckle gezeltet, immer zwei oder drei Kinder in einem kleinen Zelt.<\/p>\n\n\n<div class=\"wp-block-image\">\n<figure class=\"aligncenter size-large is-resized\"><img loading=\"lazy\" decoding=\"async\" src=\"https:\/\/waldkindergarten-berglen.de\/wp-content\/uploads\/2022\/07\/IMG-20220715-WA0006-1024x768.jpg\" alt=\"\" class=\"wp-image-7704\" width=\"768\" height=\"576\" srcset=\"https:\/\/waldkindergarten-berglen.de\/wp-content\/uploads\/2022\/07\/IMG-20220715-WA0006-1024x768.jpg 1024w, https:\/\/waldkindergarten-berglen.de\/wp-content\/uploads\/2022\/07\/IMG-20220715-WA0006-300x225.jpg 300w, https:\/\/waldkindergarten-berglen.de\/wp-content\/uploads\/2022\/07\/IMG-20220715-WA0006-768x576.jpg 768w, https:\/\/waldkindergarten-berglen.de\/wp-content\/uploads\/2022\/07\/IMG-20220715-WA0006-1536x1152.jpg 1536w, https:\/\/waldkindergarten-berglen.de\/wp-content\/uploads\/2022\/07\/IMG-20220715-WA0006-982x737.jpg 982w, https:\/\/waldkindergarten-berglen.de\/wp-content\/uploads\/2022\/07\/IMG-20220715-WA0006-400x300.jpg 400w, https:\/\/waldkindergarten-berglen.de\/wp-content\/uploads\/2022\/07\/IMG-20220715-WA0006.jpg 2048w\" sizes=\"auto, (max-width: 768px) 100vw, 768px\" \/><figcaption>Das wird gem\u00fctlich!<\/figcaption><\/figure>\n<\/div>\n\n\n<p>Aufgeregt und so mancher auch mit einem mulmigen Gef\u00fchl im Bauch (immerhin war es f\u00fcr einige Kinder ihre erste Nacht im Zelt, f\u00fcr manche auch die erste \u00dcbernachtung au\u00dferhalb ihres Zuhause), ausgestattet mit Schlafs\u00e4cken, Taschenlampen und Isomatten trafen die Kinder auf dem St\u00fcckle ein. Beim Zeltaufbau wurde kr\u00e4ftig mitgeholfen und dann durften die Eltern auch schon gehen.<\/p>\n\n\n<div class=\"wp-block-image\">\n<figure class=\"aligncenter size-large is-resized\"><img loading=\"lazy\" decoding=\"async\" src=\"https:\/\/waldkindergarten-berglen.de\/wp-content\/uploads\/2022\/07\/Zelten-1024x768.jpg\" alt=\"\" class=\"wp-image-7703\" width=\"768\" height=\"576\" srcset=\"https:\/\/waldkindergarten-berglen.de\/wp-content\/uploads\/2022\/07\/Zelten-1024x768.jpg 1024w, https:\/\/waldkindergarten-berglen.de\/wp-content\/uploads\/2022\/07\/Zelten-300x225.jpg 300w, https:\/\/waldkindergarten-berglen.de\/wp-content\/uploads\/2022\/07\/Zelten-768x576.jpg 768w, https:\/\/waldkindergarten-berglen.de\/wp-content\/uploads\/2022\/07\/Zelten-1536x1152.jpg 1536w, https:\/\/waldkindergarten-berglen.de\/wp-content\/uploads\/2022\/07\/Zelten-982x737.jpg 982w, https:\/\/waldkindergarten-berglen.de\/wp-content\/uploads\/2022\/07\/Zelten-400x300.jpg 400w, https:\/\/waldkindergarten-berglen.de\/wp-content\/uploads\/2022\/07\/Zelten.jpg 2048w\" sizes=\"auto, (max-width: 768px) 100vw, 768px\" \/><figcaption>&#8222;Campingplatz Kottweil&#8220;<\/figcaption><\/figure>\n<\/div>\n\n\n<p>&nbsp;Zuerst wurden die mitgebrachten S\u00fc\u00dfigkeiten zusammengetragen und bestaunt, diese waren diesmal ausdr\u00fccklich erlaubt und wurden in einen gro\u00dfen Korb gelegt. Nach einem gem\u00fctlichen Abendessen mit Nudeln und Tomatensauce sowie Gem\u00fcsespie\u00dfen zogen alle frisch gest\u00e4rkt los Richtung Wald. Begleitet von zwei kleinen Filzp\u00fcppchen (nat\u00fcrlich F\u00fcchse) trafen die Kinder mehrere Tiere im Wald, die kleine Aufgaben f\u00fcr die Kinder bereit hielten. Der Dachs schickte sie durch eine dunkle R\u00f6hre, die unter dem Weg hindurchf\u00fchrte- da war echt Mut gefragt, den alle Kinder tapfer bewiesen. Der Hase f\u00fchrte die Kinder in eine Schlucht, die es mit &#8222;Hasenspr\u00fcngen&#8220; zu \u00fcberwinden galt. Wer wollte, konnte auch auf einer Slackline dr\u00fcberbalancieren. Auch das meisterten alle mit Bravour. Zu guter Letzt hatte ein Reh die Aufgabe, dass die Kinder wie die Sterne am Himmelszelt auch Sterne unten im Wald funkeln lassen sollten. Nun war Teamwork gefragt, und in k\u00fcrzester Zeit wurden wundersch\u00f6ne Sterne aus St\u00f6cken gelegt, mit Gras ausgekleidet und sogar mit einem Schweif versehen. Danach ging es weiter durch den Wald zur Hutzelh\u00fctte. Aufmerksam lauschten alle den Ger\u00e4uschen des Waldes, den die untergehende Sonne herrlich in ein goldenes Licht tauchte. In der Hutzelh\u00fctte wartete dann tats\u00e4chlich ein &#8222;S\u00fc\u00dfie-Paradies&#8220; auf die Kinder, ein Korb voll der mitgebrachten S\u00fc\u00dfigkeiten wurde nun geteilt. Dann lauschten alle einer Geschichte, in der ein kleines F\u00fcchslein sich ohne seine Eltern allein in den Wald begibt und dann den Weg zur\u00fcck nur Dank vieler freundlicher Gl\u00fchw\u00fcrmchen findet. Als danach alle aus der Hutzelh\u00fctte traten, war es doch tats\u00e4chlich stockdunkel geworden und Zeit f\u00fcr die letzte Mutprobe. Begleitet von kleinen Laternen, die den Weg beleuchteten wie die Gl\u00fchw\u00fcrmchen in der Geschichte durften die Kinder einzeln ein St\u00fcck des Weges durch den Wald laufen. Mutig meisterten alle auch diese Aufgabe. Als alle wieder am St\u00fcckle ankamen, war es doch tats\u00e4chlich schon kurz vor Mitternacht! Ruckzuck machten sich alle bettfertig, auch das Z\u00e4hneputzen wurde nicht vergessen und nach einigem Gekicher und Geplapper schliefen alle gem\u00fctlich eingekuschelt tief und fest. Nach einem leckeren gemeinsamen Fr\u00fchst\u00fcck am n\u00e4chsten Morgen waren schon die Eltern wieder da und so manch einer fragte ganz erstaunt &#8222;Was, schon vorbei? Wir wollen nochmal hier \u00fcbernachten!&#8220;. Ja, es war wirklich ein tolles Erlebnis, alle Kinder sind in dieser Nacht gef\u00fchlt &#8222;um einen Meter gewachsen&#8220;. Der n\u00e4chtliche Wald war einfach faszinierend f\u00fcr alle, die Gruppendynamik und das Gemeinschaftsgef\u00fchl haben getragen und die bestandenen Mutproben die Kinder richtig ermutigt. Unsere F\u00fcchse sind nun wirklich bereit f\u00fcr das Abenteuer Schule. Und im Wald d\u00fcrfen neue Kinder starten- zwei Jungs schnupperten in dieser Woche f\u00fcr einen Tag und freuen sich schon sehr auf den Herbst, wenn es f\u00fcr sie losgeht im Kindergarten.<\/p>\n\n\n<div class=\"wp-block-image\">\n<figure class=\"aligncenter size-large is-resized\"><img loading=\"lazy\" decoding=\"async\" src=\"https:\/\/waldkindergarten-berglen.de\/wp-content\/uploads\/2022\/07\/Schnuppertag-1024x768.jpg\" alt=\"\" class=\"wp-image-7705\" width=\"768\" height=\"576\" srcset=\"https:\/\/waldkindergarten-berglen.de\/wp-content\/uploads\/2022\/07\/Schnuppertag-1024x768.jpg 1024w, https:\/\/waldkindergarten-berglen.de\/wp-content\/uploads\/2022\/07\/Schnuppertag-300x225.jpg 300w, https:\/\/waldkindergarten-berglen.de\/wp-content\/uploads\/2022\/07\/Schnuppertag-768x576.jpg 768w, https:\/\/waldkindergarten-berglen.de\/wp-content\/uploads\/2022\/07\/Schnuppertag-1536x1152.jpg 1536w, https:\/\/waldkindergarten-berglen.de\/wp-content\/uploads\/2022\/07\/Schnuppertag-982x737.jpg 982w, https:\/\/waldkindergarten-berglen.de\/wp-content\/uploads\/2022\/07\/Schnuppertag-400x300.jpg 400w, https:\/\/waldkindergarten-berglen.de\/wp-content\/uploads\/2022\/07\/Schnuppertag.jpg 2048w\" sizes=\"auto, (max-width: 768px) 100vw, 768px\" \/><figcaption>Hier wird der kleine Bruder fr\u00f6hlich willkommen gehei\u00dfen.<\/figcaption><\/figure>\n<\/div>\n\n\n<p><em>Wussten Sie schon?<\/em><\/p>\n\n\n\n<p><em>Gl\u00fchw\u00fcrmchen sind keine W\u00fcrmchen, sondern K\u00e4fer. Weltweit gibt es \u00fcber 2000 Arten von Leuchtk\u00e4fern, die sich untereinander mit unterschiedlichen Blink- und Leuchtmustern verst\u00e4ndigen. Das Leuchten dient der Partnersuche und entsteht im etwa 10 mm langen Hinterteil der K\u00e4fer, wenn die S\u00e4ure Luziferin durch einen Reiz mit dem Enzym Luziferase und Sauerstoff in Kontakt kommt. Dieses Leuchten ist zwar nicht sehr hell, aber ziemlich effektiv. Ph\u00e4nomenal, 95 % der Energie werden in Licht umgewandelt- ganz anders als bei einer Gl\u00fchlampe, wo die meiste Energie in W\u00e4rme verwandelt wird.<\/em><\/p>\n","protected":false},"excerpt":{"rendered":"<p>Das Kindergartenjahr neigt sich dem Ende zu, trotzdem oder gerade deshalb gibt es in diesen Tagen eine besondere Aktion nach der anderen im Wald. Nicht nur f\u00fcr die Zwerge und Wichtel, sondern auch f\u00fcr ihre Eltern. Diese durften n\u00e4mlich an zwei Tagen Sitzkissen f\u00fcr ihre Kinder filzen. Die Erzieherinnen hatten auf dem St\u00fcckle alles wunderbar&hellip; <a href=\"https:\/\/waldkindergarten-berglen.de\/?p=7701\" class=\"more-link\">Weiterlesen <span class=\"screen-reader-text\">Alles, blo\u00df keine Langeweile im Wald&#8230;<\/span><\/a><\/p>\n","protected":false},"author":9,"featured_media":0,"comment_status":"closed","ping_status":"closed","sticky":false,"template":"","format":"standard","meta":{"ngg_post_thumbnail":0,"_jetpack_memberships_contains_paid_content":false,"footnotes":""},"categories":[3],"tags":[],"class_list":["post-7701","post","type-post","status-publish","format-standard","hentry","category-berichte"],"jetpack_featured_media_url":"","jetpack_sharing_enabled":true,"_links":{"self":[{"href":"https:\/\/waldkindergarten-berglen.de\/index.php?rest_route=\/wp\/v2\/posts\/7701","targetHints":{"allow":["GET"]}}],"collection":[{"href":"https:\/\/waldkindergarten-berglen.de\/index.php?rest_route=\/wp\/v2\/posts"}],"about":[{"href":"https:\/\/waldkindergarten-berglen.de\/index.php?rest_route=\/wp\/v2\/types\/post"}],"author":[{"embeddable":true,"href":"https:\/\/waldkindergarten-berglen.de\/index.php?rest_route=\/wp\/v2\/users\/9"}],"replies":[{"embeddable":true,"href":"https:\/\/waldkindergarten-berglen.de\/index.php?rest_route=%2Fwp%2Fv2%2Fcomments&post=7701"}],"version-history":[{"count":2,"href":"https:\/\/waldkindergarten-berglen.de\/index.php?rest_route=\/wp\/v2\/posts\/7701\/revisions"}],"predecessor-version":[{"id":7707,"href":"https:\/\/waldkindergarten-berglen.de\/index.php?rest_route=\/wp\/v2\/posts\/7701\/revisions\/7707"}],"wp:attachment":[{"href":"https:\/\/waldkindergarten-berglen.de\/index.php?rest_route=%2Fwp%2Fv2%2Fmedia&parent=7701"}],"wp:term":[{"taxonomy":"category","embeddable":true,"href":"https:\/\/waldkindergarten-berglen.de\/index.php?rest_route=%2Fwp%2Fv2%2Fcategories&post=7701"},{"taxonomy":"post_tag","embeddable":true,"href":"https:\/\/waldkindergarten-berglen.de\/index.php?rest_route=%2Fwp%2Fv2%2Ftags&post=7701"}],"curies":[{"name":"wp","href":"https:\/\/api.w.org\/{rel}","templated":true}]}}