{"id":7708,"date":"2022-07-18T08:05:00","date_gmt":"2022-07-18T06:05:00","guid":{"rendered":"https:\/\/waldkindergarten-berglen.de\/?p=7708"},"modified":"2022-07-17T20:49:05","modified_gmt":"2022-07-17T18:49:05","slug":"neues-aus-der-waldspielgruppe-kw-29-2","status":"publish","type":"post","link":"https:\/\/waldkindergarten-berglen.de\/?p=7708","title":{"rendered":"Neues aus der Waldspielgruppe KW 29"},"content":{"rendered":"\n<p>Bei wundersch\u00f6nem Wetter starteten wir die Waldspielgruppe mit einem Gedicht zum Thema <strong>\u201eF\u00fcnf Sinne\u201c<\/strong>. Direkt im Morgenkreis \u00fcberlegten wir mit welchem K\u00f6rperteil wir <strong>riechen<\/strong> k\u00f6nnen und was f\u00fcr Ger\u00fcche uns bekannt sind. Jeder durfte mit geschlossenen Augen in zwei Gl\u00e4schen schn\u00fcffeln und raten was darin ist. Das war vor allem f\u00fcr die Kinder gar nicht so einfach, gemeinsam wurden dann aber doch beide Ger\u00fcche erraten.<\/p>\n\n\n\n<p>Anschlie\u00dfend machten wir uns auf den Weg zum Wurzelplatz. Dort befassten wir uns nochmal etwas genauer mit dem <strong>Schmecken <\/strong>und jeder durfte nach dem H\u00e4ndewaschen sein mitgebrachtes Vesper kosten.<\/p>\n\n\n\n<p>Nachdem wir die unterschiedlichen Geschm\u00e4cker herausgefunden hatten widmeten wir uns unseren Ohren.<\/p>\n\n\n\n<p>Was k\u00f6nnen wir <strong>h\u00f6ren<\/strong>? Um das Ganze nochmal zu verdeutlichen durfte jeder ein Schellenband mit bunten Gl\u00f6ckchen basteln.<\/p>\n\n\n<div class=\"wp-block-image\">\n<figure class=\"aligncenter size-large is-resized\"><img loading=\"lazy\" decoding=\"async\" src=\"https:\/\/waldkindergarten-berglen.de\/wp-content\/uploads\/2022\/07\/Gloeckchenrasseln-1024x768.jpeg\" alt=\"\" class=\"wp-image-7709\" width=\"768\" height=\"576\" srcset=\"https:\/\/waldkindergarten-berglen.de\/wp-content\/uploads\/2022\/07\/Gloeckchenrasseln-1024x768.jpeg 1024w, https:\/\/waldkindergarten-berglen.de\/wp-content\/uploads\/2022\/07\/Gloeckchenrasseln-300x225.jpeg 300w, https:\/\/waldkindergarten-berglen.de\/wp-content\/uploads\/2022\/07\/Gloeckchenrasseln-768x576.jpeg 768w, https:\/\/waldkindergarten-berglen.de\/wp-content\/uploads\/2022\/07\/Gloeckchenrasseln-1536x1152.jpeg 1536w, https:\/\/waldkindergarten-berglen.de\/wp-content\/uploads\/2022\/07\/Gloeckchenrasseln-982x737.jpeg 982w, https:\/\/waldkindergarten-berglen.de\/wp-content\/uploads\/2022\/07\/Gloeckchenrasseln-400x300.jpeg 400w, https:\/\/waldkindergarten-berglen.de\/wp-content\/uploads\/2022\/07\/Gloeckchenrasseln.jpeg 2048w\" sizes=\"auto, (max-width: 768px) 100vw, 768px\" \/><figcaption>Wir basteln ein Schellenband.<\/figcaption><\/figure>\n<\/div>\n\n\n<p>Als alle fertig waren spielten wir noch ein \u201eKlangspiel\u201c. Ein Kind in der Mitte des Kreises musste die Augen schlie\u00dfen und dann erraten welches Kind aus dem Kreis gerade mit den Gl\u00f6ckchen gel\u00e4utet hat.<\/p>\n\n\n\n<p>Schnell verging die Zeit und wir mussten schon wieder einpacken und zur\u00fccklaufen.<\/p>\n","protected":false},"excerpt":{"rendered":"<p>Bei wundersch\u00f6nem Wetter starteten wir die Waldspielgruppe mit einem Gedicht zum Thema \u201eF\u00fcnf Sinne\u201c. Direkt im Morgenkreis \u00fcberlegten wir mit welchem K\u00f6rperteil wir riechen k\u00f6nnen und was f\u00fcr Ger\u00fcche uns bekannt sind. Jeder durfte mit geschlossenen Augen in zwei Gl\u00e4schen schn\u00fcffeln und raten was darin ist. Das war vor allem f\u00fcr die Kinder gar nicht&hellip; <a href=\"https:\/\/waldkindergarten-berglen.de\/?p=7708\" class=\"more-link\">Weiterlesen <span class=\"screen-reader-text\">Neues aus der Waldspielgruppe KW 29<\/span><\/a><\/p>\n","protected":false},"author":9,"featured_media":0,"comment_status":"closed","ping_status":"closed","sticky":false,"template":"","format":"standard","meta":{"ngg_post_thumbnail":0,"_jetpack_memberships_contains_paid_content":false,"footnotes":""},"categories":[10,8],"tags":[],"class_list":["post-7708","post","type-post","status-publish","format-standard","hentry","category-waldspielgruppenberichte-aktuell","category-waldspielgruppe"],"jetpack_featured_media_url":"","jetpack_sharing_enabled":true,"_links":{"self":[{"href":"https:\/\/waldkindergarten-berglen.de\/index.php?rest_route=\/wp\/v2\/posts\/7708","targetHints":{"allow":["GET"]}}],"collection":[{"href":"https:\/\/waldkindergarten-berglen.de\/index.php?rest_route=\/wp\/v2\/posts"}],"about":[{"href":"https:\/\/waldkindergarten-berglen.de\/index.php?rest_route=\/wp\/v2\/types\/post"}],"author":[{"embeddable":true,"href":"https:\/\/waldkindergarten-berglen.de\/index.php?rest_route=\/wp\/v2\/users\/9"}],"replies":[{"embeddable":true,"href":"https:\/\/waldkindergarten-berglen.de\/index.php?rest_route=%2Fwp%2Fv2%2Fcomments&post=7708"}],"version-history":[{"count":2,"href":"https:\/\/waldkindergarten-berglen.de\/index.php?rest_route=\/wp\/v2\/posts\/7708\/revisions"}],"predecessor-version":[{"id":7711,"href":"https:\/\/waldkindergarten-berglen.de\/index.php?rest_route=\/wp\/v2\/posts\/7708\/revisions\/7711"}],"wp:attachment":[{"href":"https:\/\/waldkindergarten-berglen.de\/index.php?rest_route=%2Fwp%2Fv2%2Fmedia&parent=7708"}],"wp:term":[{"taxonomy":"category","embeddable":true,"href":"https:\/\/waldkindergarten-berglen.de\/index.php?rest_route=%2Fwp%2Fv2%2Fcategories&post=7708"},{"taxonomy":"post_tag","embeddable":true,"href":"https:\/\/waldkindergarten-berglen.de\/index.php?rest_route=%2Fwp%2Fv2%2Ftags&post=7708"}],"curies":[{"name":"wp","href":"https:\/\/api.w.org\/{rel}","templated":true}]}}