{"id":7779,"date":"2022-09-26T08:05:00","date_gmt":"2022-09-26T06:05:00","guid":{"rendered":"https:\/\/waldkindergarten-berglen.de\/?p=7779"},"modified":"2022-09-25T19:30:06","modified_gmt":"2022-09-25T17:30:06","slug":"start-in-das-neue-kindergartenjahr","status":"publish","type":"post","link":"https:\/\/waldkindergarten-berglen.de\/?p=7779","title":{"rendered":"Start in das neue Kindergartenjahr"},"content":{"rendered":"\n<p>Die Sommerferien sind zu Ende und unsere Wichtel \u2013 und Zwergenkinder machen sich morgens wieder auf in den Wald. Warme Jacken, M\u00fctzen und Handschuhe d\u00fcrfen dabei nicht fehlen, denn der Herbst macht sich bemerkbar und es ist schon recht kalt geworden. Die ersten beiden Wochen waren gepr\u00e4gt von der Wiedersehensfreude, von vielen Erz\u00e4hlungen aus den Ferien und vom Staunen \u00fcber all die Ver\u00e4nderungen. So sind die Pl\u00e4tze der ehemaligen \u201eF\u00fcchse\u201c leer geblieben und jedes Kind hat einen neuen Platz im Morgenkreis bekommen. Wie aufregend! Wer ist mein neuer Sitznachbar und wann kommen die neuen Kinder? Denn schon nach wenigen Tagen durften die neuen \u201eM\u00e4uschen\u201c und \u201eH\u00e4schen\u201c im Waldkindergarten begr\u00fc\u00dft werden. Herzlich Willkommen! Sch\u00f6n, dass ihr da seid. Um den neuen Kindern den Start zu erleichtern, haben unsere frisch gebackenen Vorsch\u00fcler eine vertrauensvolle Aufgabe bekommen. Sie d\u00fcrfen die Patenschaft f\u00fcr je ein neues Kind \u00fcbernehmen und ihnen mit Rat und Tat zur Seite stehen. So konnten alle neuen Kinder gut in den Alltag im Wald starten und f\u00fchlen sich wohl, spielen schon flei\u00dfig mit und kn\u00fcpfen erste Freundschaften.<\/p>\n\n\n\n<figure class=\"wp-block-image size-large\"><img loading=\"lazy\" decoding=\"async\" width=\"1024\" height=\"768\" src=\"https:\/\/waldkindergarten-berglen.de\/wp-content\/uploads\/2022\/09\/Morgenkreis-1-1024x768.jpg\" alt=\"\" class=\"wp-image-7782\" srcset=\"https:\/\/waldkindergarten-berglen.de\/wp-content\/uploads\/2022\/09\/Morgenkreis-1-1024x768.jpg 1024w, https:\/\/waldkindergarten-berglen.de\/wp-content\/uploads\/2022\/09\/Morgenkreis-1-300x225.jpg 300w, https:\/\/waldkindergarten-berglen.de\/wp-content\/uploads\/2022\/09\/Morgenkreis-1-768x576.jpg 768w, https:\/\/waldkindergarten-berglen.de\/wp-content\/uploads\/2022\/09\/Morgenkreis-1-1536x1153.jpg 1536w, https:\/\/waldkindergarten-berglen.de\/wp-content\/uploads\/2022\/09\/Morgenkreis-1-982x737.jpg 982w, https:\/\/waldkindergarten-berglen.de\/wp-content\/uploads\/2022\/09\/Morgenkreis-1-400x300.jpg 400w, https:\/\/waldkindergarten-berglen.de\/wp-content\/uploads\/2022\/09\/Morgenkreis-1.jpg 1599w\" sizes=\"auto, (max-width: 1024px) 100vw, 1024px\" \/><\/figure>\n\n\n\n<p>Nach so langen Ferien gibt es auch viele Geburtstage zu feiern, denn einige Kinder hatten in den Sommerferien oder gleich am Anfang des Kindergartenjahres Geburtstag. So gab es in den ersten beiden Wochen einige Feste mit leckerem Kuchen und Muffins. Und auch hier gab es Neuerungen zu bestaunen. \u201eOma Schnief\u201c ist im Sommer weitergezogen und die Kinder wurden von \u201eK\u00f6nig Alfons von Drachenstein\u201c \u00fcberrascht.\u00a0 W\u00e4hrend der Ferien haben \u201ePaula und Pelle\u201c ihm n\u00e4mlich eine Postkarte geschrieben und ihm von unserem sch\u00f6nen Wald und unserem Waldschl\u00f6sschen berichtet und ihn kurzerhand zu uns eingeladen. Auf dem Weg vom Waldplatz zur\u00fcck zum Spielplatz haben die Kinder ihn dann entdeckt! Er sa\u00df auf seinem Thron und hat bereits gewartet um dem Geburtstagskind zu gratulieren und eine spannende Geschichte aus seinem K\u00f6nigreich zu erz\u00e4hlen. Er hat sogar eine Schatztruhe dabei, aus der jedes Geburtstagskind sich ein Geschenk und eine versiegelte Geburtstagskarte nehmen darf. Die Figur \u201eK\u00f6nig Alfons von Drachenstein\u201c wird die Kinder in diesem Kindergartenjahr begleiten und wir sind schon sehr gespannt, was sie zusammen erleben werden.<\/p>\n\n\n\n<figure class=\"wp-block-image size-large\"><img loading=\"lazy\" decoding=\"async\" width=\"768\" height=\"1024\" src=\"https:\/\/waldkindergarten-berglen.de\/wp-content\/uploads\/2022\/09\/Geburtstag-768x1024.jpg\" alt=\"\" class=\"wp-image-7781\" srcset=\"https:\/\/waldkindergarten-berglen.de\/wp-content\/uploads\/2022\/09\/Geburtstag-768x1023.jpg 768w, https:\/\/waldkindergarten-berglen.de\/wp-content\/uploads\/2022\/09\/Geburtstag-225x300.jpg 225w, https:\/\/waldkindergarten-berglen.de\/wp-content\/uploads\/2022\/09\/Geburtstag-1153x1536.jpg 1153w, https:\/\/waldkindergarten-berglen.de\/wp-content\/uploads\/2022\/09\/Geburtstag-982x1309.jpg 982w, https:\/\/waldkindergarten-berglen.de\/wp-content\/uploads\/2022\/09\/Geburtstag-300x400.jpg 300w, https:\/\/waldkindergarten-berglen.de\/wp-content\/uploads\/2022\/09\/Geburtstag.jpg 1200w\" sizes=\"auto, (max-width: 768px) 100vw, 768px\" \/><\/figure>\n\n\n\n<p>Neben all der Wiedersehensfreude, den Geburtstagsfeiern und den spannenden Neuerungen steht nat\u00fcrlich die Natur im Mittelpunkt des \u00a0Alltags der Waldkinder. Die Kinder sp\u00fcren und Erleben die Natur und staunen \u00fcber die Sch\u00e4tze, die der Herbst zu bieten hat. Besonders die vielen Eicheln werden unterwegs von den Kindern gesammelt, begutachtet und sie \u00fcberlegen, was man daraus alles basteln kann. Am Waldplatz angekommen haben die Zwerge und Wichtel in den ersten beiden Wochen viel frei gespielt um sich besser kennenzulernen und als Gruppe neu zusammenzufinden. Es wurden aber auch die Wasserfarben ausgepackt um St\u00f6cke und Bl\u00e4tter zu bemalen und ein Spaziergang auf die Wiesen gemacht, um Sonne zu tanken, die Nasenspitzen in den Himmel zu strecken und bewusst die W\u00e4rme zu sp\u00fcren. Es war ein teilweise kalter und regnerischer, aber wundersch\u00f6ner Start nach den Sommerferien!<\/p>\n\n\n\n<figure class=\"wp-block-image size-large\"><img loading=\"lazy\" decoding=\"async\" width=\"768\" height=\"1024\" src=\"https:\/\/waldkindergarten-berglen.de\/wp-content\/uploads\/2022\/09\/Freispiel-768x1024.jpg\" alt=\"\" class=\"wp-image-7783\" srcset=\"https:\/\/waldkindergarten-berglen.de\/wp-content\/uploads\/2022\/09\/Freispiel-768x1024.jpg 768w, https:\/\/waldkindergarten-berglen.de\/wp-content\/uploads\/2022\/09\/Freispiel-225x300.jpg 225w, https:\/\/waldkindergarten-berglen.de\/wp-content\/uploads\/2022\/09\/Freispiel-1152x1536.jpg 1152w, https:\/\/waldkindergarten-berglen.de\/wp-content\/uploads\/2022\/09\/Freispiel-982x1309.jpg 982w, https:\/\/waldkindergarten-berglen.de\/wp-content\/uploads\/2022\/09\/Freispiel-300x400.jpg 300w, https:\/\/waldkindergarten-berglen.de\/wp-content\/uploads\/2022\/09\/Freispiel.jpg 1536w\" sizes=\"auto, (max-width: 768px) 100vw, 768px\" \/><\/figure>\n\n\n\n<p><strong>Wussten Sie schon?<\/strong><\/p>\n\n\n\n<p>Die Eiche bl\u00fcht von April bis Mai. Bis das zum ersten Mal passiert, vergehen 25 bis 30 Jahre. Erst dann tragen sie die ersten Bl\u00fcten. Reif ist die Frucht der Eiche dann im September oder Oktober.<\/p>\n","protected":false},"excerpt":{"rendered":"<p>Die Sommerferien sind zu Ende und unsere Wichtel \u2013 und Zwergenkinder machen sich morgens wieder auf in den Wald. Warme Jacken, M\u00fctzen und Handschuhe d\u00fcrfen dabei nicht fehlen, denn der Herbst macht sich bemerkbar und es ist schon recht kalt geworden. Die ersten beiden Wochen waren gepr\u00e4gt von der Wiedersehensfreude, von vielen Erz\u00e4hlungen aus den&hellip; <a href=\"https:\/\/waldkindergarten-berglen.de\/?p=7779\" class=\"more-link\">Weiterlesen <span class=\"screen-reader-text\">Start in das neue Kindergartenjahr<\/span><\/a><\/p>\n","protected":false},"author":10,"featured_media":0,"comment_status":"closed","ping_status":"closed","sticky":false,"template":"","format":"standard","meta":{"ngg_post_thumbnail":0,"_jetpack_memberships_contains_paid_content":false,"footnotes":""},"categories":[3],"tags":[],"class_list":["post-7779","post","type-post","status-publish","format-standard","hentry","category-berichte"],"jetpack_featured_media_url":"","jetpack_sharing_enabled":true,"_links":{"self":[{"href":"https:\/\/waldkindergarten-berglen.de\/index.php?rest_route=\/wp\/v2\/posts\/7779","targetHints":{"allow":["GET"]}}],"collection":[{"href":"https:\/\/waldkindergarten-berglen.de\/index.php?rest_route=\/wp\/v2\/posts"}],"about":[{"href":"https:\/\/waldkindergarten-berglen.de\/index.php?rest_route=\/wp\/v2\/types\/post"}],"author":[{"embeddable":true,"href":"https:\/\/waldkindergarten-berglen.de\/index.php?rest_route=\/wp\/v2\/users\/10"}],"replies":[{"embeddable":true,"href":"https:\/\/waldkindergarten-berglen.de\/index.php?rest_route=%2Fwp%2Fv2%2Fcomments&post=7779"}],"version-history":[{"count":1,"href":"https:\/\/waldkindergarten-berglen.de\/index.php?rest_route=\/wp\/v2\/posts\/7779\/revisions"}],"predecessor-version":[{"id":7784,"href":"https:\/\/waldkindergarten-berglen.de\/index.php?rest_route=\/wp\/v2\/posts\/7779\/revisions\/7784"}],"wp:attachment":[{"href":"https:\/\/waldkindergarten-berglen.de\/index.php?rest_route=%2Fwp%2Fv2%2Fmedia&parent=7779"}],"wp:term":[{"taxonomy":"category","embeddable":true,"href":"https:\/\/waldkindergarten-berglen.de\/index.php?rest_route=%2Fwp%2Fv2%2Fcategories&post=7779"},{"taxonomy":"post_tag","embeddable":true,"href":"https:\/\/waldkindergarten-berglen.de\/index.php?rest_route=%2Fwp%2Fv2%2Ftags&post=7779"}],"curies":[{"name":"wp","href":"https:\/\/api.w.org\/{rel}","templated":true}]}}