{"id":7859,"date":"2022-12-05T08:05:00","date_gmt":"2022-12-05T07:05:00","guid":{"rendered":"https:\/\/waldkindergarten-berglen.de\/?p=7859"},"modified":"2022-12-04T17:30:27","modified_gmt":"2022-12-04T16:30:27","slug":"es-weihnachtet-sehr","status":"publish","type":"post","link":"https:\/\/waldkindergarten-berglen.de\/?p=7859","title":{"rendered":"Es weihnachtet sehr"},"content":{"rendered":"\n<p>Am 1. Dezember war die Freude der Waldkinder gro\u00df! So durften sie zu Hause das erste T\u00fcrchen ihrer Adventskalender \u00f6ffnen und auch im Wald begann eine wunderbare Zeit. Ab jetzt geht es t\u00e4glich zu einem besonderen Platz \u00a0\u2013 dem Weihnachtsplatz. Den haben die Kinder schon in den letzten Tagen flei\u00dfig mit frischem Reisig weihnachtlich geschm\u00fcckt und das Waldsofa aufgepolstert. Es werden gemeinsam Nikolaus \u2013 und Weihnachtslieder gesungen und jeden Tag h\u00f6ren die Kinder einen Teil der Adventsgeschichte \u201eMarias kleiner Esel\u201c, die mit kleinen P\u00fcppchen erz\u00e4hlt und vorgespielt wird. Diese Woche haben die Kinder Maria, Josef und ein paar Leute aus Nazareth kennen gelernt. Nat\u00fcrlich darf auch ein Adventskalender im Wald nicht fehlen und es gab die ersten \u201eGlitzerkinder\u201c, die mit leuchtenden Augen Wunderkerzen halten und ein kleines Adventsgeschenk mit nach Hause nehmen durften.<\/p>\n\n\n\n<figure class=\"wp-block-gallery has-nested-images columns-default is-cropped wp-block-gallery-1 is-layout-flex wp-block-gallery-is-layout-flex\">\n<figure class=\"wp-block-image size-large\"><img loading=\"lazy\" decoding=\"async\" width=\"1024\" height=\"768\" data-id=\"7860\" src=\"https:\/\/waldkindergarten-berglen.de\/wp-content\/uploads\/2022\/12\/Glitzerkinder-1024x768.jpg\" alt=\"\" class=\"wp-image-7860\" srcset=\"https:\/\/waldkindergarten-berglen.de\/wp-content\/uploads\/2022\/12\/Glitzerkinder-1024x768.jpg 1024w, https:\/\/waldkindergarten-berglen.de\/wp-content\/uploads\/2022\/12\/Glitzerkinder-300x225.jpg 300w, https:\/\/waldkindergarten-berglen.de\/wp-content\/uploads\/2022\/12\/Glitzerkinder-768x576.jpg 768w, https:\/\/waldkindergarten-berglen.de\/wp-content\/uploads\/2022\/12\/Glitzerkinder-1536x1153.jpg 1536w, https:\/\/waldkindergarten-berglen.de\/wp-content\/uploads\/2022\/12\/Glitzerkinder-982x737.jpg 982w, https:\/\/waldkindergarten-berglen.de\/wp-content\/uploads\/2022\/12\/Glitzerkinder-400x300.jpg 400w, https:\/\/waldkindergarten-berglen.de\/wp-content\/uploads\/2022\/12\/Glitzerkinder.jpg 1599w\" sizes=\"auto, (max-width: 1024px) 100vw, 1024px\" \/><\/figure>\n<\/figure>\n\n\n\n<p>Wichtige Vorbereitungen mussten auch getroffen werden: Die Kinder haben Stiefel und Putzzeug mit in den Wald gebracht und ihre schmutzigen und matschigen Stiefel blitzeblank geputzt, denn n\u00e4chste Woche kommt der Nikolaus! Voller Vorfreude wurden die sauberen Stiefel in einen gro\u00dfen Sack gepackt und f\u00fcr den Nikolaus an der\u00a0 \u201edicken Berta\u201c deponiert. Hoffentlich findet er den Sack und bringt die Stiefel gut gef\u00fcllt zur\u00fcck.<\/p>\n\n\n\n<figure class=\"wp-block-gallery has-nested-images columns-default is-cropped wp-block-gallery-2 is-layout-flex wp-block-gallery-is-layout-flex\">\n<figure class=\"wp-block-image size-large\"><img loading=\"lazy\" decoding=\"async\" width=\"1024\" height=\"768\" data-id=\"7861\" src=\"https:\/\/waldkindergarten-berglen.de\/wp-content\/uploads\/2022\/12\/Stiefel-1024x768.jpg\" alt=\"\" class=\"wp-image-7861\" srcset=\"https:\/\/waldkindergarten-berglen.de\/wp-content\/uploads\/2022\/12\/Stiefel-1024x768.jpg 1024w, https:\/\/waldkindergarten-berglen.de\/wp-content\/uploads\/2022\/12\/Stiefel-300x225.jpg 300w, https:\/\/waldkindergarten-berglen.de\/wp-content\/uploads\/2022\/12\/Stiefel-768x576.jpg 768w, https:\/\/waldkindergarten-berglen.de\/wp-content\/uploads\/2022\/12\/Stiefel-1536x1153.jpg 1536w, https:\/\/waldkindergarten-berglen.de\/wp-content\/uploads\/2022\/12\/Stiefel-982x737.jpg 982w, https:\/\/waldkindergarten-berglen.de\/wp-content\/uploads\/2022\/12\/Stiefel-400x300.jpg 400w, https:\/\/waldkindergarten-berglen.de\/wp-content\/uploads\/2022\/12\/Stiefel.jpg 1599w\" sizes=\"auto, (max-width: 1024px) 100vw, 1024px\" \/><\/figure>\n<\/figure>\n\n\n\n<p>Die Eltern waren in dieser Woche auch gefragt, denn am Samstag fand ein gemeinsamer Arbeitseinsatz statt. Wer Zeit hatte ist gekommen um neues zu erschaffen, Dinge zu reparieren und den Kindergarten f\u00fcr den Winter vorzubereiten. Es wurde eine neue Holzh\u00fctte f\u00fcr Brennholz gebaut, Tische, B\u00e4nke und Waldsofas repariert, neues Brennholz geholt und die \u201eSturmh\u00f6hle\u201c hat ein Solarpanel bekommen. Nun gibt es hier auch Licht. So ein Zusammenhalt ist toll und nur so kann der Kindergarten so sch\u00f6n sein, wie er ist.<\/p>\n\n\n\n<p><strong>Wussten Sie schon?<\/strong><\/p>\n\n\n\n<p>Der Stiefel wurde erst nach und nach Teil der Nikolaustradition. Angefangen hat es mit dem sogenannten \u201eWurf-Brauchtum\u201c. Der Legende nach hat der Waisenknabe Nikolaus, bevor er zum Bischof wurde, drei arme Jungfrauen von einem Leben auf der Stra\u00dfe bewahrt, indem er ihnen Geschenke zuwarf, die sie als Mitgift nehmen konnten. Die Menschen haben es dem Nikolaus gleich getan und den Kindern Geschenke zugeworfen. Schnell war klar, dass zumeist die gr\u00f6\u00dften Kinder die Geschenke fingen. So begann man, nach Beh\u00e4ltern f\u00fcr die Geschenke zu suchen. Im Mittelalter gab es jedoch kaum Sch\u00fcsseln oder Becher, die nicht im Haushalt gebraucht wurden. So entwickelte sich die Idee, die Schuhe der Kinder als Beh\u00e4lter zu nutzen.<\/p>\n","protected":false},"excerpt":{"rendered":"<p>Am 1. Dezember war die Freude der Waldkinder gro\u00df! So durften sie zu Hause das erste T\u00fcrchen ihrer Adventskalender \u00f6ffnen und auch im Wald begann eine wunderbare Zeit. Ab jetzt geht es t\u00e4glich zu einem besonderen Platz \u00a0\u2013 dem Weihnachtsplatz. Den haben die Kinder schon in den letzten Tagen flei\u00dfig mit frischem Reisig weihnachtlich geschm\u00fcckt&hellip; <a href=\"https:\/\/waldkindergarten-berglen.de\/?p=7859\" class=\"more-link\">Weiterlesen <span class=\"screen-reader-text\">Es weihnachtet sehr<\/span><\/a><\/p>\n","protected":false},"author":10,"featured_media":0,"comment_status":"closed","ping_status":"closed","sticky":false,"template":"","format":"standard","meta":{"ngg_post_thumbnail":0,"_jetpack_memberships_contains_paid_content":false,"footnotes":""},"categories":[3],"tags":[],"class_list":["post-7859","post","type-post","status-publish","format-standard","hentry","category-berichte"],"jetpack_featured_media_url":"","jetpack_sharing_enabled":true,"_links":{"self":[{"href":"https:\/\/waldkindergarten-berglen.de\/index.php?rest_route=\/wp\/v2\/posts\/7859","targetHints":{"allow":["GET"]}}],"collection":[{"href":"https:\/\/waldkindergarten-berglen.de\/index.php?rest_route=\/wp\/v2\/posts"}],"about":[{"href":"https:\/\/waldkindergarten-berglen.de\/index.php?rest_route=\/wp\/v2\/types\/post"}],"author":[{"embeddable":true,"href":"https:\/\/waldkindergarten-berglen.de\/index.php?rest_route=\/wp\/v2\/users\/10"}],"replies":[{"embeddable":true,"href":"https:\/\/waldkindergarten-berglen.de\/index.php?rest_route=%2Fwp%2Fv2%2Fcomments&post=7859"}],"version-history":[{"count":1,"href":"https:\/\/waldkindergarten-berglen.de\/index.php?rest_route=\/wp\/v2\/posts\/7859\/revisions"}],"predecessor-version":[{"id":7862,"href":"https:\/\/waldkindergarten-berglen.de\/index.php?rest_route=\/wp\/v2\/posts\/7859\/revisions\/7862"}],"wp:attachment":[{"href":"https:\/\/waldkindergarten-berglen.de\/index.php?rest_route=%2Fwp%2Fv2%2Fmedia&parent=7859"}],"wp:term":[{"taxonomy":"category","embeddable":true,"href":"https:\/\/waldkindergarten-berglen.de\/index.php?rest_route=%2Fwp%2Fv2%2Fcategories&post=7859"},{"taxonomy":"post_tag","embeddable":true,"href":"https:\/\/waldkindergarten-berglen.de\/index.php?rest_route=%2Fwp%2Fv2%2Ftags&post=7859"}],"curies":[{"name":"wp","href":"https:\/\/api.w.org\/{rel}","templated":true}]}}