{"id":7871,"date":"2022-12-19T08:05:00","date_gmt":"2022-12-19T07:05:00","guid":{"rendered":"https:\/\/waldkindergarten-berglen.de\/?p=7871"},"modified":"2022-12-18T22:05:23","modified_gmt":"2022-12-18T21:05:23","slug":"winterwunderwald","status":"publish","type":"post","link":"https:\/\/waldkindergarten-berglen.de\/?p=7871","title":{"rendered":"Winterwunderwald"},"content":{"rendered":"\n<p>\u201eSchneefl\u00f6ckchen Wei\u00dfr\u00f6ckchen, wann kommst du geschneit?\u201c So klang es letzte Woche beim Adventssingen. Und es hat funktioniert! Der Wald und die Wiesen waren diese Woche wei\u00df und der ersehnte Schnee war da. Die Kinder brachten freudestrahlend ihre Schlitten und Bobs mit in den Kindergarten. Alle Pl\u00e4ne f\u00fcr die Woche wurden kurzerhand \u00fcber den Haufen geworfen. Die Weihnachtswerkstatt \u00f6ffnete ihre T\u00fcren an einem anderen Tag, mit der t\u00e4glichen Adventsgeschichte wurde rangiert und die Waldkinder zogen fr\u00f6hlich zu den Rodelh\u00e4ngen, wo sie lachend und strahlend die H\u00e4nge hinuntergesaust sind. Was f\u00fcr ein Spa\u00df und eine tolle Einstimmung auf den Winter!<\/p>\n\n\n\n<figure class=\"wp-block-gallery has-nested-images columns-default is-cropped wp-block-gallery-1 is-layout-flex wp-block-gallery-is-layout-flex\">\n<figure class=\"wp-block-image size-large\"><img loading=\"lazy\" decoding=\"async\" width=\"1024\" height=\"768\" data-id=\"7872\" src=\"https:\/\/waldkindergarten-berglen.de\/wp-content\/uploads\/2022\/12\/Rodeln-1024x768.jpg\" alt=\"\" class=\"wp-image-7872\" srcset=\"https:\/\/waldkindergarten-berglen.de\/wp-content\/uploads\/2022\/12\/Rodeln-1024x768.jpg 1024w, https:\/\/waldkindergarten-berglen.de\/wp-content\/uploads\/2022\/12\/Rodeln-300x225.jpg 300w, https:\/\/waldkindergarten-berglen.de\/wp-content\/uploads\/2022\/12\/Rodeln-768x576.jpg 768w, https:\/\/waldkindergarten-berglen.de\/wp-content\/uploads\/2022\/12\/Rodeln-1536x1152.jpg 1536w, https:\/\/waldkindergarten-berglen.de\/wp-content\/uploads\/2022\/12\/Rodeln-982x737.jpg 982w, https:\/\/waldkindergarten-berglen.de\/wp-content\/uploads\/2022\/12\/Rodeln-400x300.jpg 400w, https:\/\/waldkindergarten-berglen.de\/wp-content\/uploads\/2022\/12\/Rodeln.jpg 2048w\" sizes=\"auto, (max-width: 1024px) 100vw, 1024px\" \/><figcaption class=\"wp-element-caption\">Rodelspa\u00df<\/figcaption><\/figure>\n<\/figure>\n\n\n\n<p>Einen Brief haben die Kinder diese Woche auch erhalten. Genauer gesagt eine Einladung von Paula und Pelle. Wer die beiden noch nicht kennt: Paula ist ein Zwerg und Pelle ein Wichtel. Sie leben im Wald und passen auf die Umwelt und die Tiere auf. Diese Woche haben sie die Kinder also mal wieder zu sich eingeladen und so machten sie sich auf den Weg zu dem verschneiten H\u00e4uschen und haben vorsichtig angeklopft. Leider haben sie sich wohl verpasst, denn es war niemand da. Vor der Haust\u00fcr stand aber ein kleines K\u00f6rbchen mit winzig winzig kleinen Pl\u00e4tzchen \u2013 ein Adventsgru\u00df f\u00fcr die Waldkinder. Danke liebe Paula und lieber Pelle!<\/p>\n\n\n\n<figure class=\"wp-block-gallery has-nested-images columns-default is-cropped wp-block-gallery-2 is-layout-flex wp-block-gallery-is-layout-flex\">\n<figure class=\"wp-block-image size-large\"><img loading=\"lazy\" decoding=\"async\" width=\"768\" height=\"1024\" data-id=\"7873\" src=\"https:\/\/waldkindergarten-berglen.de\/wp-content\/uploads\/2022\/12\/Paula-und-Pelle-768x1024.jpg\" alt=\"\" class=\"wp-image-7873\" srcset=\"https:\/\/waldkindergarten-berglen.de\/wp-content\/uploads\/2022\/12\/Paula-und-Pelle-768x1024.jpg 768w, https:\/\/waldkindergarten-berglen.de\/wp-content\/uploads\/2022\/12\/Paula-und-Pelle-225x300.jpg 225w, https:\/\/waldkindergarten-berglen.de\/wp-content\/uploads\/2022\/12\/Paula-und-Pelle-1152x1536.jpg 1152w, https:\/\/waldkindergarten-berglen.de\/wp-content\/uploads\/2022\/12\/Paula-und-Pelle-982x1309.jpg 982w, https:\/\/waldkindergarten-berglen.de\/wp-content\/uploads\/2022\/12\/Paula-und-Pelle-300x400.jpg 300w, https:\/\/waldkindergarten-berglen.de\/wp-content\/uploads\/2022\/12\/Paula-und-Pelle.jpg 1536w\" sizes=\"auto, (max-width: 768px) 100vw, 768px\" \/><figcaption class=\"wp-element-caption\">Bei Paula und Pelle<\/figcaption><\/figure>\n<\/figure>\n\n\n\n<p>Bei seinem Besuch im Herbst hat unser B\u00fcrgermeister, Herr Niederberger, versprochen die Waldkinder im Winter nochmals zu besuchen und er hat Wort gehalten. Am Freitag war er da und hat die Kinder zur t\u00e4glichen Adventsgeschichte mit Maria und Josef begleitet und ist im Anschluss sogar noch mit zum Rodeln und hat sich auch eine Schneeballschlacht nicht entgehen lassen. Wir hoffen, er hatte auch seinen Spa\u00df in unserem Kindergarten-Wunderwald und wir bedanken uns f\u00fcr den Besuch. Nun w\u00fcnschen wir allen Lesern frohe Weihnachten und einen guten und vor allem gesunden Start in das neue Jahr.<\/p>\n\n\n\n<figure class=\"wp-block-gallery has-nested-images columns-default is-cropped wp-block-gallery-3 is-layout-flex wp-block-gallery-is-layout-flex\">\n<figure class=\"wp-block-image size-large\"><img loading=\"lazy\" decoding=\"async\" width=\"1024\" height=\"768\" data-id=\"7874\" src=\"https:\/\/waldkindergarten-berglen.de\/wp-content\/uploads\/2022\/12\/Buergermeister-1024x768.jpg\" alt=\"\" class=\"wp-image-7874\" srcset=\"https:\/\/waldkindergarten-berglen.de\/wp-content\/uploads\/2022\/12\/Buergermeister-1024x768.jpg 1024w, https:\/\/waldkindergarten-berglen.de\/wp-content\/uploads\/2022\/12\/Buergermeister-300x225.jpg 300w, https:\/\/waldkindergarten-berglen.de\/wp-content\/uploads\/2022\/12\/Buergermeister-768x576.jpg 768w, https:\/\/waldkindergarten-berglen.de\/wp-content\/uploads\/2022\/12\/Buergermeister-1536x1153.jpg 1536w, https:\/\/waldkindergarten-berglen.de\/wp-content\/uploads\/2022\/12\/Buergermeister-982x737.jpg 982w, https:\/\/waldkindergarten-berglen.de\/wp-content\/uploads\/2022\/12\/Buergermeister-400x300.jpg 400w, https:\/\/waldkindergarten-berglen.de\/wp-content\/uploads\/2022\/12\/Buergermeister.jpg 1599w\" sizes=\"auto, (max-width: 1024px) 100vw, 1024px\" \/><figcaption class=\"wp-element-caption\">Morgenkreis mit Herrn Niederberger<\/figcaption><\/figure>\n<\/figure>\n\n\n\n<p><strong>Wussten Sie schon?<\/strong><\/p>\n\n\n\n<p>In einer verschneiten Umgebung scheint alles leiser zu sein. Das scheint nicht nur so, das ist auch wissenschaftlich belegt. Die Luft im Schnee sorgt daf\u00fcr, dass Schall verschluckt wird und Ger\u00e4usche leiser ert\u00f6nen.<\/p>\n","protected":false},"excerpt":{"rendered":"<p>\u201eSchneefl\u00f6ckchen Wei\u00dfr\u00f6ckchen, wann kommst du geschneit?\u201c So klang es letzte Woche beim Adventssingen. Und es hat funktioniert! Der Wald und die Wiesen waren diese Woche wei\u00df und der ersehnte Schnee war da. Die Kinder brachten freudestrahlend ihre Schlitten und Bobs mit in den Kindergarten. Alle Pl\u00e4ne f\u00fcr die Woche wurden kurzerhand \u00fcber den Haufen geworfen.&hellip; <a href=\"https:\/\/waldkindergarten-berglen.de\/?p=7871\" class=\"more-link\">Weiterlesen <span class=\"screen-reader-text\">Winterwunderwald<\/span><\/a><\/p>\n","protected":false},"author":10,"featured_media":0,"comment_status":"closed","ping_status":"closed","sticky":false,"template":"","format":"standard","meta":{"ngg_post_thumbnail":0,"_jetpack_memberships_contains_paid_content":false,"footnotes":""},"categories":[3],"tags":[],"class_list":["post-7871","post","type-post","status-publish","format-standard","hentry","category-berichte"],"jetpack_featured_media_url":"","jetpack_sharing_enabled":true,"_links":{"self":[{"href":"https:\/\/waldkindergarten-berglen.de\/index.php?rest_route=\/wp\/v2\/posts\/7871","targetHints":{"allow":["GET"]}}],"collection":[{"href":"https:\/\/waldkindergarten-berglen.de\/index.php?rest_route=\/wp\/v2\/posts"}],"about":[{"href":"https:\/\/waldkindergarten-berglen.de\/index.php?rest_route=\/wp\/v2\/types\/post"}],"author":[{"embeddable":true,"href":"https:\/\/waldkindergarten-berglen.de\/index.php?rest_route=\/wp\/v2\/users\/10"}],"replies":[{"embeddable":true,"href":"https:\/\/waldkindergarten-berglen.de\/index.php?rest_route=%2Fwp%2Fv2%2Fcomments&post=7871"}],"version-history":[{"count":1,"href":"https:\/\/waldkindergarten-berglen.de\/index.php?rest_route=\/wp\/v2\/posts\/7871\/revisions"}],"predecessor-version":[{"id":7875,"href":"https:\/\/waldkindergarten-berglen.de\/index.php?rest_route=\/wp\/v2\/posts\/7871\/revisions\/7875"}],"wp:attachment":[{"href":"https:\/\/waldkindergarten-berglen.de\/index.php?rest_route=%2Fwp%2Fv2%2Fmedia&parent=7871"}],"wp:term":[{"taxonomy":"category","embeddable":true,"href":"https:\/\/waldkindergarten-berglen.de\/index.php?rest_route=%2Fwp%2Fv2%2Fcategories&post=7871"},{"taxonomy":"post_tag","embeddable":true,"href":"https:\/\/waldkindergarten-berglen.de\/index.php?rest_route=%2Fwp%2Fv2%2Ftags&post=7871"}],"curies":[{"name":"wp","href":"https:\/\/api.w.org\/{rel}","templated":true}]}}