{"id":7879,"date":"2023-01-16T08:05:00","date_gmt":"2023-01-16T07:05:00","guid":{"rendered":"https:\/\/waldkindergarten-berglen.de\/?p=7879"},"modified":"2023-01-15T22:16:12","modified_gmt":"2023-01-15T21:16:12","slug":"fleissiger-start-in-das-neue-jahr","status":"publish","type":"post","link":"https:\/\/waldkindergarten-berglen.de\/?p=7879","title":{"rendered":"Flei\u00dfiger Start in das neue Jahr"},"content":{"rendered":"\n<p>Fr\u00f6hlich sind die Kinder am Montag wieder in ihren Alltag im Wald gestartet. Es gab viel zu erz\u00e4hlen von Weihnachten, Silvester und den Ferien. Nat\u00fcrlich standen auch verschiedene Spiele auf dem Programm. Das Wetter war herbstlich windig und regnerisch, keine Spur von Schnee und Eis. Auf dem Kindergartenst\u00fcckle musste deshalb dringend etwas getan werden, denn der Wind hatte eine Menge Laub von den B\u00e4umen geweht. So machten sich die Zwergenkinder an einem Vormittag auf, um das St\u00fcckle gemeinsam wieder auf Vordermann zu bringen. Die einen haben das Laub zusammengerecht und die anderen haben es zu gro\u00dfen Haufen zusammengetragen und mit Schubkarren abtransportiert (ein Kind durfte jeweils in der Schubkarre sitzen \u2013 was f\u00fcr ein Spa\u00df!) Alle waren stolz, dass sie mithelfen durften und zusammen haben sie sichtbare Resultate erzielt. Das Laub und der Wind waren diese Woche auch im Freispiel ein Thema, denn die Kinder hatten tolle Ideen: Sie haben das Laub hochgeworfen und gestaunt, wie weit die Bl\u00e4tter vom Wind mitgenommen und hochgeweht wurden. Von Baumst\u00e4mmen sind sie in gro\u00dfe Laubhaufen gesprungen und ein Waldbad im Bl\u00e4tterhaufen durfte auch nicht fehlen.<\/p>\n\n\n\n<figure class=\"wp-block-gallery has-nested-images columns-default is-cropped wp-block-gallery-1 is-layout-flex wp-block-gallery-is-layout-flex\">\n<figure class=\"wp-block-image size-large\"><img loading=\"lazy\" decoding=\"async\" width=\"808\" height=\"606\" data-id=\"7880\" src=\"https:\/\/waldkindergarten-berglen.de\/wp-content\/uploads\/2023\/01\/Waldbad.jpg\" alt=\"\" class=\"wp-image-7880\" srcset=\"https:\/\/waldkindergarten-berglen.de\/wp-content\/uploads\/2023\/01\/Waldbad.jpg 808w, https:\/\/waldkindergarten-berglen.de\/wp-content\/uploads\/2023\/01\/Waldbad-300x225.jpg 300w, https:\/\/waldkindergarten-berglen.de\/wp-content\/uploads\/2023\/01\/Waldbad-768x576.jpg 768w, https:\/\/waldkindergarten-berglen.de\/wp-content\/uploads\/2023\/01\/Waldbad-400x300.jpg 400w\" sizes=\"auto, (max-width: 808px) 100vw, 808px\" \/><\/figure>\n<\/figure>\n\n\n\n<p>An einem Morgen wurden die Kinder im Morgenkreis von einem Ritter erwartet, der vom Leben auf der Burg erz\u00e4hlt hat. Ein echter Ritter? Die Kinder staunten nicht schlecht. Der Ritter kam ihnen allerdings sehr bekannt vor, er (sie) hatte gro\u00dfe \u00c4hnlichkeit mit einer ihrer Erzieherinnen\u2026 Im Anschluss haben sie gemeinsam eine Burg aufgebaut. Die Burgmauer aus Steinen, die Wachtt\u00fcrme aus Holzscheiten und so weiter.<\/p>\n\n\n\n<figure class=\"wp-block-gallery has-nested-images columns-default is-cropped wp-block-gallery-2 is-layout-flex wp-block-gallery-is-layout-flex\">\n<figure class=\"wp-block-image size-large\"><img loading=\"lazy\" decoding=\"async\" width=\"1024\" height=\"768\" data-id=\"7881\" src=\"https:\/\/waldkindergarten-berglen.de\/wp-content\/uploads\/2023\/01\/Ritter-1024x768.jpg\" alt=\"\" class=\"wp-image-7881\" srcset=\"https:\/\/waldkindergarten-berglen.de\/wp-content\/uploads\/2023\/01\/Ritter-1024x768.jpg 1024w, https:\/\/waldkindergarten-berglen.de\/wp-content\/uploads\/2023\/01\/Ritter-300x225.jpg 300w, https:\/\/waldkindergarten-berglen.de\/wp-content\/uploads\/2023\/01\/Ritter-768x576.jpg 768w, https:\/\/waldkindergarten-berglen.de\/wp-content\/uploads\/2023\/01\/Ritter-1536x1152.jpg 1536w, https:\/\/waldkindergarten-berglen.de\/wp-content\/uploads\/2023\/01\/Ritter-982x737.jpg 982w, https:\/\/waldkindergarten-berglen.de\/wp-content\/uploads\/2023\/01\/Ritter-400x300.jpg 400w, https:\/\/waldkindergarten-berglen.de\/wp-content\/uploads\/2023\/01\/Ritter.jpg 2048w\" sizes=\"auto, (max-width: 1024px) 100vw, 1024px\" \/><\/figure>\n<\/figure>\n\n\n\n<p>Was es aus dieser Woche sonst noch zu erz\u00e4hlen gibt: Am Freitag fand im heimischen Kindergartenwald eine Dr\u00fcckjagd statt und die Kinder trafen sich deshalb in Buoch am Waldspielplatz und konnten an diesem Tag einen anderen Wald erkunden. Zudem fand eine Lehrprobe statt, welche mit Bravour gemeistert wurde. Herzlichen Gl\u00fcckwunsch!<\/p>\n\n\n\n<p><strong>Wussten Sie schon?<\/strong><\/p>\n\n\n\n<p>Die Nadeln von &nbsp;Nadelb\u00e4umen sind viel z\u00e4her als die Bl\u00e4tter von Laubb\u00e4umen und oftmals mit einer Wachsschicht \u00fcberzogen. Zudem sind die kleinen Spalt\u00f6ffnungen, durch die Wasser verdunstet, tief in die Oberfl\u00e4che versenkt. Beides f\u00fchrt dazu, dass im Winter nur wenig Wasser verdunstet wird. Die B\u00e4ume trennen sich deshalb erst von ihren Nadeln, wenn diese zu alt geworden sind um eine effektive Fotosynthese zu gew\u00e4hrleisten.<\/p>\n","protected":false},"excerpt":{"rendered":"<p>Fr\u00f6hlich sind die Kinder am Montag wieder in ihren Alltag im Wald gestartet. Es gab viel zu erz\u00e4hlen von Weihnachten, Silvester und den Ferien. Nat\u00fcrlich standen auch verschiedene Spiele auf dem Programm. Das Wetter war herbstlich windig und regnerisch, keine Spur von Schnee und Eis. Auf dem Kindergartenst\u00fcckle musste deshalb dringend etwas getan werden, denn&hellip; <a href=\"https:\/\/waldkindergarten-berglen.de\/?p=7879\" class=\"more-link\">Weiterlesen <span class=\"screen-reader-text\">Flei\u00dfiger Start in das neue Jahr<\/span><\/a><\/p>\n","protected":false},"author":10,"featured_media":0,"comment_status":"closed","ping_status":"closed","sticky":false,"template":"","format":"standard","meta":{"ngg_post_thumbnail":0,"_jetpack_memberships_contains_paid_content":false,"footnotes":""},"categories":[3],"tags":[],"class_list":["post-7879","post","type-post","status-publish","format-standard","hentry","category-berichte"],"jetpack_featured_media_url":"","jetpack_sharing_enabled":true,"_links":{"self":[{"href":"https:\/\/waldkindergarten-berglen.de\/index.php?rest_route=\/wp\/v2\/posts\/7879","targetHints":{"allow":["GET"]}}],"collection":[{"href":"https:\/\/waldkindergarten-berglen.de\/index.php?rest_route=\/wp\/v2\/posts"}],"about":[{"href":"https:\/\/waldkindergarten-berglen.de\/index.php?rest_route=\/wp\/v2\/types\/post"}],"author":[{"embeddable":true,"href":"https:\/\/waldkindergarten-berglen.de\/index.php?rest_route=\/wp\/v2\/users\/10"}],"replies":[{"embeddable":true,"href":"https:\/\/waldkindergarten-berglen.de\/index.php?rest_route=%2Fwp%2Fv2%2Fcomments&post=7879"}],"version-history":[{"count":1,"href":"https:\/\/waldkindergarten-berglen.de\/index.php?rest_route=\/wp\/v2\/posts\/7879\/revisions"}],"predecessor-version":[{"id":7882,"href":"https:\/\/waldkindergarten-berglen.de\/index.php?rest_route=\/wp\/v2\/posts\/7879\/revisions\/7882"}],"wp:attachment":[{"href":"https:\/\/waldkindergarten-berglen.de\/index.php?rest_route=%2Fwp%2Fv2%2Fmedia&parent=7879"}],"wp:term":[{"taxonomy":"category","embeddable":true,"href":"https:\/\/waldkindergarten-berglen.de\/index.php?rest_route=%2Fwp%2Fv2%2Fcategories&post=7879"},{"taxonomy":"post_tag","embeddable":true,"href":"https:\/\/waldkindergarten-berglen.de\/index.php?rest_route=%2Fwp%2Fv2%2Ftags&post=7879"}],"curies":[{"name":"wp","href":"https:\/\/api.w.org\/{rel}","templated":true}]}}