{"id":7883,"date":"2023-01-23T08:05:00","date_gmt":"2023-01-23T07:05:00","guid":{"rendered":"https:\/\/waldkindergarten-berglen.de\/?p=7883"},"modified":"2023-01-22T20:29:18","modified_gmt":"2023-01-22T19:29:18","slug":"winterabenteuer-gaukler-ritter-und-burgfraeulein","status":"publish","type":"post","link":"https:\/\/waldkindergarten-berglen.de\/?p=7883","title":{"rendered":"Winterabenteuer, Gaukler, Ritter und Burgfr\u00e4ulein"},"content":{"rendered":"\n<p>Gro\u00dfe Freude bei unseren Kindergartenkindern, denn der Winter hat sich diese Woche von seiner besten Seite gezeigt und den Wald in einen zauberhaft wei\u00dfen Winterwald verwandelt. So sind die Kinder morgens warm eingepackt, mit Bob und Schlitten im Gep\u00e4ck, in ihr Kindergarten-Winterabenteuer gestartet. Der Weg zum Rodelberg war bereits ein Abenteuer, denn es lie\u00df sich hervorragend \u00fcber gefrorene Pf\u00fctzen schlittern und unterwegs die Winterlandschaft entdecken. Eiskristalle, Eiszapfen \u2013 es gab vieles zu sehen und auszuprobieren.<\/p>\n\n\n\n<figure class=\"wp-block-gallery has-nested-images columns-default is-cropped wp-block-gallery-1 is-layout-flex wp-block-gallery-is-layout-flex\">\n<figure class=\"wp-block-image size-large\"><img loading=\"lazy\" decoding=\"async\" width=\"768\" height=\"1024\" data-id=\"7884\" src=\"https:\/\/waldkindergarten-berglen.de\/wp-content\/uploads\/2023\/01\/Gemeinsam-768x1024.jpg\" alt=\"\" class=\"wp-image-7884\" srcset=\"https:\/\/waldkindergarten-berglen.de\/wp-content\/uploads\/2023\/01\/Gemeinsam-768x1024.jpg 768w, https:\/\/waldkindergarten-berglen.de\/wp-content\/uploads\/2023\/01\/Gemeinsam-225x300.jpg 225w, https:\/\/waldkindergarten-berglen.de\/wp-content\/uploads\/2023\/01\/Gemeinsam-982x1309.jpg 982w, https:\/\/waldkindergarten-berglen.de\/wp-content\/uploads\/2023\/01\/Gemeinsam-300x400.jpg 300w, https:\/\/waldkindergarten-berglen.de\/wp-content\/uploads\/2023\/01\/Gemeinsam.jpg 1152w\" sizes=\"auto, (max-width: 768px) 100vw, 768px\" \/><\/figure>\n<\/figure>\n\n\n\n<p>Die Kinder haben den Schnee voll ausgekostet und nach dem Rodeln Schneem\u00e4nner, Schneefrauen und Ritterburgen aus Schnee gebaut, eine Schneeballschlacht veranstaltet und das Winterwetter einfach genossen. Es war ein Riesenspa\u00df und manch einer konnte \u00fcberhaupt nicht genug bekommen und hat mittags beim Abholen mit den Eltern um jede weitere Minute Spielzeit verhandelt.<\/p>\n\n\n\n<figure class=\"wp-block-gallery has-nested-images columns-default is-cropped wp-block-gallery-2 is-layout-flex wp-block-gallery-is-layout-flex\">\n<figure class=\"wp-block-image size-large\"><img loading=\"lazy\" decoding=\"async\" width=\"1024\" height=\"768\" data-id=\"7885\" src=\"https:\/\/waldkindergarten-berglen.de\/wp-content\/uploads\/2023\/01\/Schneemann-1024x768.jpg\" alt=\"\" class=\"wp-image-7885\" srcset=\"https:\/\/waldkindergarten-berglen.de\/wp-content\/uploads\/2023\/01\/Schneemann-1024x768.jpg 1024w, https:\/\/waldkindergarten-berglen.de\/wp-content\/uploads\/2023\/01\/Schneemann-300x225.jpg 300w, https:\/\/waldkindergarten-berglen.de\/wp-content\/uploads\/2023\/01\/Schneemann-768x576.jpg 768w, https:\/\/waldkindergarten-berglen.de\/wp-content\/uploads\/2023\/01\/Schneemann-1536x1152.jpg 1536w, https:\/\/waldkindergarten-berglen.de\/wp-content\/uploads\/2023\/01\/Schneemann-982x737.jpg 982w, https:\/\/waldkindergarten-berglen.de\/wp-content\/uploads\/2023\/01\/Schneemann-400x300.jpg 400w, https:\/\/waldkindergarten-berglen.de\/wp-content\/uploads\/2023\/01\/Schneemann.jpg 2048w\" sizes=\"auto, (max-width: 1024px) 100vw, 1024px\" \/><\/figure>\n<\/figure>\n\n\n\n<p>Im Morgenkreis durften die Kinder eine kleine Reise ins Mittelalter machen, um Musiker, Gaukler, Ritter und Burgfr\u00e4ulein zu erleben. Der Musiker hat musiziert und gesungen, der Gaukler hat Kunstst\u00fccke vorgef\u00fchrt, ein Rad geschlagen und konnte (mit Hilfe von Wunderkerzen) sogar Feuer spucken. Das Burgfr\u00e4ulein hat erz\u00e4hlt, wie ihr Alltag auf der Burg aussieht und ein Ritter hat sich ebenfalls vorgestellt. Die Kinder d\u00fcrfen sich nun aussuchen, in welche Rolle sie gerne einmal schl\u00fcpfen wollen, denn das n\u00e4chste Fest steht schon vor der T\u00fcr: Zu Fasching wird wieder der traditionelle Jutesack gemeinsam zu einem Kost\u00fcm umgestaltet. Dieses Jahr wird es also ein buntes, mittelalterliches Spektakel mit Rittern, Gauklern, Burgfr\u00e4ulein und Musikern geben.<\/p>\n\n\n\n<figure class=\"wp-block-gallery has-nested-images columns-default is-cropped wp-block-gallery-3 is-layout-flex wp-block-gallery-is-layout-flex\">\n<figure class=\"wp-block-image size-large\"><img loading=\"lazy\" decoding=\"async\" width=\"1024\" height=\"768\" data-id=\"7886\" src=\"https:\/\/waldkindergarten-berglen.de\/wp-content\/uploads\/2023\/01\/Gaukler-1024x768.jpg\" alt=\"\" class=\"wp-image-7886\" srcset=\"https:\/\/waldkindergarten-berglen.de\/wp-content\/uploads\/2023\/01\/Gaukler-1024x768.jpg 1024w, https:\/\/waldkindergarten-berglen.de\/wp-content\/uploads\/2023\/01\/Gaukler-300x225.jpg 300w, https:\/\/waldkindergarten-berglen.de\/wp-content\/uploads\/2023\/01\/Gaukler-768x576.jpg 768w, https:\/\/waldkindergarten-berglen.de\/wp-content\/uploads\/2023\/01\/Gaukler-982x737.jpg 982w, https:\/\/waldkindergarten-berglen.de\/wp-content\/uploads\/2023\/01\/Gaukler-400x300.jpg 400w, https:\/\/waldkindergarten-berglen.de\/wp-content\/uploads\/2023\/01\/Gaukler.jpg 1156w\" sizes=\"auto, (max-width: 1024px) 100vw, 1024px\" \/><\/figure>\n<\/figure>\n\n\n\n<p><strong>Wussten Sie schon?<\/strong><\/p>\n\n\n\n<p>Die Form von Eiszapfen \u00e4ndert sich stetig. Beispielsweise kann durch Verdunstung von Eis eine Formver\u00e4nderung stattfinden. Hierbei wird die Oberfl\u00e4che glatter. Eiszapfen k\u00f6nnen generell mehrere Meter lang werden. Nach einer bestimmten L\u00e4nge ist allerdings der Punkt erreicht, an dem der Zapfen aufgrund seines Eigengewichtes abbricht.<\/p>\n","protected":false},"excerpt":{"rendered":"<p>Gro\u00dfe Freude bei unseren Kindergartenkindern, denn der Winter hat sich diese Woche von seiner besten Seite gezeigt und den Wald in einen zauberhaft wei\u00dfen Winterwald verwandelt. So sind die Kinder morgens warm eingepackt, mit Bob und Schlitten im Gep\u00e4ck, in ihr Kindergarten-Winterabenteuer gestartet. Der Weg zum Rodelberg war bereits ein Abenteuer, denn es lie\u00df sich&hellip; <a href=\"https:\/\/waldkindergarten-berglen.de\/?p=7883\" class=\"more-link\">Weiterlesen <span class=\"screen-reader-text\">Winterabenteuer, Gaukler, Ritter und Burgfr\u00e4ulein<\/span><\/a><\/p>\n","protected":false},"author":10,"featured_media":0,"comment_status":"closed","ping_status":"closed","sticky":false,"template":"","format":"standard","meta":{"ngg_post_thumbnail":0,"_jetpack_memberships_contains_paid_content":false,"footnotes":""},"categories":[3],"tags":[],"class_list":["post-7883","post","type-post","status-publish","format-standard","hentry","category-berichte"],"jetpack_featured_media_url":"","jetpack_sharing_enabled":true,"_links":{"self":[{"href":"https:\/\/waldkindergarten-berglen.de\/index.php?rest_route=\/wp\/v2\/posts\/7883","targetHints":{"allow":["GET"]}}],"collection":[{"href":"https:\/\/waldkindergarten-berglen.de\/index.php?rest_route=\/wp\/v2\/posts"}],"about":[{"href":"https:\/\/waldkindergarten-berglen.de\/index.php?rest_route=\/wp\/v2\/types\/post"}],"author":[{"embeddable":true,"href":"https:\/\/waldkindergarten-berglen.de\/index.php?rest_route=\/wp\/v2\/users\/10"}],"replies":[{"embeddable":true,"href":"https:\/\/waldkindergarten-berglen.de\/index.php?rest_route=%2Fwp%2Fv2%2Fcomments&post=7883"}],"version-history":[{"count":1,"href":"https:\/\/waldkindergarten-berglen.de\/index.php?rest_route=\/wp\/v2\/posts\/7883\/revisions"}],"predecessor-version":[{"id":7887,"href":"https:\/\/waldkindergarten-berglen.de\/index.php?rest_route=\/wp\/v2\/posts\/7883\/revisions\/7887"}],"wp:attachment":[{"href":"https:\/\/waldkindergarten-berglen.de\/index.php?rest_route=%2Fwp%2Fv2%2Fmedia&parent=7883"}],"wp:term":[{"taxonomy":"category","embeddable":true,"href":"https:\/\/waldkindergarten-berglen.de\/index.php?rest_route=%2Fwp%2Fv2%2Fcategories&post=7883"},{"taxonomy":"post_tag","embeddable":true,"href":"https:\/\/waldkindergarten-berglen.de\/index.php?rest_route=%2Fwp%2Fv2%2Ftags&post=7883"}],"curies":[{"name":"wp","href":"https:\/\/api.w.org\/{rel}","templated":true}]}}